{"id":272027,"date":"2025-12-05T06:33:19","date_gmt":"2025-12-05T06:33:19","guid":{"rendered":"https:\/\/www.europesays.com\/es\/272027\/"},"modified":"2025-12-05T06:33:19","modified_gmt":"2025-12-05T06:33:19","slug":"sanchez-tapa-la-imputacion-de-gallardo-con-la-trampa-de-la-deuda-ante-las-elecciones-de-extremadura","status":"publish","type":"post","link":"https:\/\/www.europesays.com\/es\/272027\/","title":{"rendered":"S\u00e1nchez tapa la imputaci\u00f3n de Gallardo con la trampa de la deuda ante las elecciones de Extremadura"},"content":{"rendered":"<p>El presidente del Gobierno, Pedro S\u00e1nchez, <b>no ha mencionado la imputaci\u00f3n del candidato socialista en Extremadura, Miguel \u00c1ngel Gallardo<\/b>, ni de su hermano, David S\u00e1nchez, en el \u00faltimo acto de precampa\u00f1a en Plasencia ante la <a title=\"llegada de las elecciones en Extremadura\" href=\"https:\/\/www.larazon.es\/elecciones\/extremadura\/cuanto-cobraran-ciudadanos-haya-tocado-mesa-electoral-extremadura-p7m_20251203693003d355584d48fb67bcf8.html\" target=\"_blank\" rel=\"nofollow noopener\">llegada de las elecciones en Extremadura<\/a>. En este sentido, el l\u00edder de los socialistas, con un tono sonriente pese a su estado f\u00edsico, <b>ha magnificado las propuestas del Gobierno a nivel nacional <\/b>y no ha mencionado los casos de acoso sexual en los que se han visto implicados dos altos cargos del PSOE.<\/p>\n<p>Entre aplausos y despu\u00e9s de escuchar con atenci\u00f3n al l\u00edder de los socialistas en Extremadura, el jefe del Ejecutivo ha subido las escalerillas <b>y ha cargado contra la valent\u00eda de la l\u00edder del PP en Extremadura, Mar\u00eda Guardiola.<\/b> En este sentido, el l\u00edder de los socialistas tambi\u00e9n ha cargado tanto contra el jefe de G\u00e9nova, Alberto N\u00fa\u00f1ez Feij\u00f3o, debido a la decisi\u00f3n de no acudir al debate televisivo para mantener su percepci\u00f3n sobre la situaci\u00f3n informativa que atraviesa RTVE. Sin un atisbo de duda pese a las encuestas presentadas, incluso la del <a title=\"CIS de Tezanos\" href=\"https:\/\/www.larazon.es\/espana\/tezanos-estrena-extremadura-guardiola-ganaria-elecciones-pero-dependeria-vox-ser-investida_2025112869298c2455584d48fb615c7b.html\" target=\"_blank\" rel=\"nofollow noopener\">CIS de Tezanos<\/a>, que alejan a Gallardo de la relecci\u00f3n, ha mostrado sus deseos de que la derecha \u00abpierda las elecciones\u00bb el pr\u00f3ximo 21 de diciembre.<\/p>\n<p>Como si de una batalla se tratase, el presidente del Gobierno <b>no ha eliminado de su repertorio el \u00abmiedo\u00bb de los votantes socialistas ante los avances en Europa de la \u00abderecha y la extrema derecha\u00bb<\/b> para sentenciar que se encuentra en juego \u00abel modelo de sociedad que queremos\u00bb los socialistas. El pr\u00f3ximo 21 de diciembre lo que est\u00e1 en juego es qu\u00e9 modelo de sociedad queremos. Hay que acudir a las urnas el pr\u00f3ximo 21 de diciembre y apostar por el Partido Socialista\u00bb, ha recordado con una sonrisa.<\/p>\n<p>S\u00e1nchez ensalza la trampa de la deuda<\/p>\n<p>Con Extremadura en un segundo plano, S\u00e1nchez ha respaldado a Gallardo que le \u00absientan bien las elecciones\u00bb con la &#8216;trampa&#8217; de la deuda. Entre sus cinco razones para confiar en la candidatura de Miguel \u00c1ngel Gallardo, el l\u00edder de los socialistas ha elevado su discurso al panorama nacional para ensalzar la labor del Gobierno con la aprobaci\u00f3n de la ley ELA y con el \u00abcrecimiento econ\u00f3mico\u00bb de Espa\u00f1a.<\/p>\n<p>Sin olvidar la quita de la deuda aprobada por el Gobierno que rompe con el principio de igualdad y solidaridad entre las comunidades, ha buscado convencer a los extreme\u00f1os que no tiene consecuencias econ\u00f3micas. <b>Para S\u00e1nchez la quita de la deuda termina con todos los compromisos econ\u00f3micos entre los territorios<\/b>.<\/p>\n<p>Sin menciones al cierre de Almaraz<\/p>\n<p>Entre las cinco razones para convencer a los socialistas, S\u00e1nchez no ha mencionado ni la situci\u00f3n procesal de su hermano ni la del l\u00edder del PSOE en Extremadura, Miguel \u00c1ngel Gallardo <b>ni los deterioros y retrasos que atraviesa la red ferroviaria de la regi\u00f3n. En su repertorio tampoco ha tenido cabida el cierre de la central de Almaraz<\/b>. \u00abLa izquierda no pide perd\u00f3n ni pide permiso\u00bb, ha incluido como una raz\u00f3n de peso junto con el aniversario del PSOE y de la UGT para obtener los votos de los ciudadanos.<\/p>\n","protected":false},"excerpt":{"rendered":"El presidente del Gobierno, Pedro S\u00e1nchez, no ha mencionado la imputaci\u00f3n del candidato socialista en Extremadura, Miguel \u00c1ngel&hellip;\n","protected":false},"author":2,"featured_media":272028,"comment_status":"","ping_status":"","sticky":false,"template":"","format":"standard","meta":{"footnotes":""},"categories":[5],"tags":[17,18,25,24,13,14,11,19,20,9,10,15,16,23,12,21,22],"class_list":{"0":"post-272027","1":"post","2":"type-post","3":"status-publish","4":"format-standard","5":"has-post-thumbnail","7":"category-titulares","8":"tag-breaking-news","9":"tag-breakingnews","10":"tag-es","11":"tag-espana","12":"tag-featured-news","13":"tag-featurednews","14":"tag-headlines","15":"tag-latest-news","16":"tag-latestnews","17":"tag-news","18":"tag-noticias","19":"tag-noticias-destacadas","20":"tag-noticiasdestacadas","21":"tag-spain","22":"tag-titulares","23":"tag-ultimas-noticias","24":"tag-ultimasnoticias"},"share_on_mastodon":{"url":"https:\/\/pubeurope.com\/@es\/115665567939083277","error":""},"_links":{"self":[{"href":"https:\/\/www.europesays.com\/es\/wp-json\/wp\/v2\/posts\/272027","targetHints":{"allow":["GET"]}}],"collection":[{"href":"https:\/\/www.europesays.com\/es\/wp-json\/wp\/v2\/posts"}],"about":[{"href":"https:\/\/www.europesays.com\/es\/wp-json\/wp\/v2\/types\/post"}],"author":[{"embeddable":true,"href":"https:\/\/www.europesays.com\/es\/wp-json\/wp\/v2\/users\/2"}],"replies":[{"embeddable":true,"href":"https:\/\/www.europesays.com\/es\/wp-json\/wp\/v2\/comments?post=272027"}],"version-history":[{"count":0,"href":"https:\/\/www.europesays.com\/es\/wp-json\/wp\/v2\/posts\/272027\/revisions"}],"wp:featuredmedia":[{"embeddable":true,"href":"https:\/\/www.europesays.com\/es\/wp-json\/wp\/v2\/media\/272028"}],"wp:attachment":[{"href":"https:\/\/www.europesays.com\/es\/wp-json\/wp\/v2\/media?parent=272027"}],"wp:term":[{"taxonomy":"category","embeddable":true,"href":"https:\/\/www.europesays.com\/es\/wp-json\/wp\/v2\/categories?post=272027"},{"taxonomy":"post_tag","embeddable":true,"href":"https:\/\/www.europesays.com\/es\/wp-json\/wp\/v2\/tags?post=272027"}],"curies":[{"name":"wp","href":"https:\/\/api.w.org\/{rel}","templated":true}]}}