{"id":272031,"date":"2025-12-05T06:42:12","date_gmt":"2025-12-05T06:42:12","guid":{"rendered":"https:\/\/www.europesays.com\/es\/272031\/"},"modified":"2025-12-05T06:42:12","modified_gmt":"2025-12-05T06:42:12","slug":"el-cd-tenerife-eliminado-de-la-copa-del-rey-ante-el-granada-cf-0-1-2","status":"publish","type":"post","link":"https:\/\/www.europesays.com\/es\/272031\/","title":{"rendered":"El CD Tenerife, eliminado de la Copa del Rey ante el Granada CF (0-1)"},"content":{"rendered":"<p>Un quiero y no puedo. El <a href=\"https:\/\/diariodeavisos.elespanol.com\/2025\/12\/cd-tenerife-granada\/\" rel=\"nofollow noopener\" target=\"_blank\">CD Tenerife<\/a> intent\u00f3 superar la segunda eliminatoria de la <a href=\"https:\/\/rfef.es\/es\/competiciones\/copa-de-sm-el-rey\" rel=\"nofollow noopener\" target=\"_blank\">Copa del Rey<\/a>, pero no pudo derrotar a un Granada CF que aprovech\u00f3 el fallo puntual del guardameta Gabri De Vuyst en la segunda parte. Un correoso Tenerife que en todo momento ofreci\u00f3 una resistencia fiera, pese a la diferencia de categor\u00eda entre ambos, aunque no le dio a los de \u00c1lvaro Cervera para adelantarse en el marcador en la primera parte, en la que fueron mejores los locales. Como pas\u00f3 la temporada pasada ante Osasuna, el bal\u00f3n parado castig\u00f3 a los blanquiazules, que quedaron eliminados del Torneo del KO.<\/p>\n<p>El duelo copero arranc\u00f3 con intensidad. La \u2018Unidad B\u2019 blanquazul no se amedrent\u00f3 ante un Granada tambi\u00e9n plagado de suplentes, pero que mezclaba jugadores veteranos con j\u00f3venes.<br \/>En el minuto dos, un buen centro de Balde no lleg\u00f3 a rematarlo Jeremy Jorge, a quien el bal\u00f3n le lleg\u00f3 con demasiada potencia.<\/p>\n<p>Acto seguido fue el cuadro nazar\u00ed el que tom\u00f3 la iniciativa con un par de aproximaciones por la banda que pudo solucionar con acierto la zaga local.<\/p>\n<p>Sigui\u00f3 el Tenerife a lo suyo, en especial Balde por el carril derecho. Pase en profundidad para el extremo, quien logra hacerse un pase orientado que le deja en ventaja para probar a Luca Zidane. El disparo del \u201817\u2019 result\u00f3 virulento, pero el hijo del exjugador y entrenador del Real Madrid lo pudo repeler como buenamente pudo. El rechace le cay\u00f3 a los pies de un Juanjo que no se lo pens\u00f3 dos veces. Tir\u00f3 con potencia el mediocentro, con la mala suerte de encontrarse con un defensor del Granada que acabar\u00eda despejando en l\u00ednea de gol. Solo se hab\u00edan consumido 15 minutos de encuentro y la gente se divert\u00eda en la grada del Heliodoro.<\/p>\n<p>Tambi\u00e9n se atrev\u00eda la escuadra andaluza a asomarse a la meta defendida por Gabri. En una de ellas, Zoilo cometi\u00f3 un claro penalti que el colegiado de la contienda ni apreci\u00f3 ni pit\u00f3. Como en esta eliminatoria no se juega a\u00fan con el VAR, la acci\u00f3n se concluy\u00f3 con las protestas visitantes.<\/p>\n<p>Superada la media hora de juego, Jeremy lanz\u00f3 un sprint ante los dos centrales nazar\u00edes, derrib\u00e1ndolo finalmente Oscar Naasei, quien se llev\u00f3 la cartulina amarilla.<\/p>\n<p>Jeremy fue uno de los m\u00e1s destacados durante la primera parte. Superado el minuto 40, el grancanario dibuj\u00f3 una buena diagonal, se fue hacia dentro y busc\u00f3 la rosca con un disparo que se fue algo alto. Mor\u00eda una primera parte intensa, bonita de presenciar para el espectador y en la que el Tenerife fue mejor a los puntos que el club de Segunda Divisi\u00f3n. La eliminatoria est\u00e1 abierta y se ten\u00eda que decidir en la segunda parte.<\/p>\n<p>La segunda parte arranc\u00f3 con un doble cambio en el Granada. Entraron al terreno de juego el exblanquiazul Lo\u00efc Williams y Arnaiz, mientras que se quedaron en la caseta Naasei, con cartulina amarilla, y el delantero Bouldini.<\/p>\n<p>Los blanquiazules no reanud\u00f3 bien el duelo. Demasiadas p\u00e9rdidas de bal\u00f3n en la medular que pon\u00edan en aprietos a la zaga tinerfe\u00f1a. De hecho en el 52 la tuvo el Granada. Primero Gabri rechaz\u00f3 con una gran parada de reflejos y, luego, Land\u00e1zuri se lanz\u00f3 con todo para detener el disparo de Arnaiz.<\/p>\n<p>No tard\u00f3 Cervera en empezar a mover el banquillo. En el 56 se retiraron las dos alas titulares, Jeremy y Balde, para que entrasen Noel y Alassan.<\/p>\n<p>Justo cuando se cumpli\u00f3 la hora de partido, se adelanta el Granada en el marcador con una acci\u00f3n a bal\u00f3n parado. C\u00f3rner que remata de cabeza Rub\u00e9n Alcaraz, quien le gan\u00f3 la partida en la salida a Gabri, quien abandon\u00f3 su porter\u00eda tarde y mal. 0-1, le tocaba remontar al Tenerife si quer\u00eda seguir vivo en la Copa.<\/p>\n<p>Le cost\u00f3 reaccionar al Tenerife, pero lo hizo con un pase de C\u00e9sar que acabar\u00eda rematando Fran Sabina. El bal\u00f3n se fue a c\u00f3rner y el estadio entr\u00f3 en ebullici\u00f3n. La afici\u00f3n se meti\u00f3 en el partido, entiendo que el equipo necesitaba el aliento de la grada. Cervera capt\u00f3 el mensaje y decidi\u00f3 meter a los dos puntas que habitualmente juegan: Enric y De Miguel. Ambos entraron al terreno de juego en el 75 por Fran Sabina y Maikel Mesa.<\/p>\n<p>Tras adelantarse en el marcador, el Granada renunci\u00f3 a atacar. Se dedic\u00f3 a perder tiempo, especialmente en cada saque de puerta, contando con la permisividad del colegiado, que no castig\u00f3 la infracci\u00f3n.<\/p>\n<p>Pudo empatar el duelo De Miguel, que se aprovech\u00f3 de un bal\u00f3n que qued\u00f3 suelto en el \u00e1rea granadina para rematar con la derecha. Zidane se le ech\u00f3 encima muy r\u00e1pido, por lo que evit\u00f3 que el Tenerife anotara el 1-1.<\/p>\n<p>Inmediatamente despu\u00e9s, Zoilo pidi\u00f3 el cambio al notar molestias f\u00edsicas, hecho que permiti\u00f3 debutar con el primer equipo a Guillem Trilla, habitual con el segundo equipo en Segunda RFEF.<\/p>\n<p>En la recta final del encuentro, la volvi\u00f3 a tener clara De Miguel, quien recibi\u00f3 un centro desde el costado zurdo de Trilla. Fall\u00f3, de nuevo, el \u20189\u2019 local, en su especialidad, el remate.<\/p>\n<p>Pudo sentenciar el partido Arnaiz, quien se fue Jos\u00e9 Le\u00f3n y de Land\u00e1zuri. Su \u2018picadita\u2019 por encima de Gabri se acab\u00f3 marchando fuera.<\/p>\n<p>Ser\u00eda esa la \u00faltima ocasi\u00f3n de un partido que fue el \u00faltimo de los blanquiazules de la Copa del Rey en la presente temporada. A partir de ahora, toca centrarse \u00fanicamente en la\u00a0Primera\u00a0RFEF.<\/p>\n","protected":false},"excerpt":{"rendered":"Un quiero y no puedo. El CD Tenerife intent\u00f3 superar la segunda eliminatoria de la Copa del Rey,&hellip;\n","protected":false},"author":2,"featured_media":271607,"comment_status":"","ping_status":"","sticky":false,"template":"","format":"standard","meta":{"footnotes":""},"categories":[268],"tags":[168,25,24,280,282,281,23,167],"class_list":{"0":"post-272031","1":"post","2":"type-post","3":"status-publish","4":"format-standard","5":"has-post-thumbnail","7":"category-futbol","8":"tag-deportes","9":"tag-es","10":"tag-espana","11":"tag-football","12":"tag-futbol","13":"tag-soccer","14":"tag-spain","15":"tag-sports"},"share_on_mastodon":{"url":"https:\/\/pubeurope.com\/@es\/115665603463274620","error":""},"_links":{"self":[{"href":"https:\/\/www.europesays.com\/es\/wp-json\/wp\/v2\/posts\/272031","targetHints":{"allow":["GET"]}}],"collection":[{"href":"https:\/\/www.europesays.com\/es\/wp-json\/wp\/v2\/posts"}],"about":[{"href":"https:\/\/www.europesays.com\/es\/wp-json\/wp\/v2\/types\/post"}],"author":[{"embeddable":true,"href":"https:\/\/www.europesays.com\/es\/wp-json\/wp\/v2\/users\/2"}],"replies":[{"embeddable":true,"href":"https:\/\/www.europesays.com\/es\/wp-json\/wp\/v2\/comments?post=272031"}],"version-history":[{"count":0,"href":"https:\/\/www.europesays.com\/es\/wp-json\/wp\/v2\/posts\/272031\/revisions"}],"wp:featuredmedia":[{"embeddable":true,"href":"https:\/\/www.europesays.com\/es\/wp-json\/wp\/v2\/media\/271607"}],"wp:attachment":[{"href":"https:\/\/www.europesays.com\/es\/wp-json\/wp\/v2\/media?parent=272031"}],"wp:term":[{"taxonomy":"category","embeddable":true,"href":"https:\/\/www.europesays.com\/es\/wp-json\/wp\/v2\/categories?post=272031"},{"taxonomy":"post_tag","embeddable":true,"href":"https:\/\/www.europesays.com\/es\/wp-json\/wp\/v2\/tags?post=272031"}],"curies":[{"name":"wp","href":"https:\/\/api.w.org\/{rel}","templated":true}]}}