{"id":272032,"date":"2025-12-05T06:43:10","date_gmt":"2025-12-05T06:43:10","guid":{"rendered":"https:\/\/www.europesays.com\/es\/272032\/"},"modified":"2025-12-05T06:43:10","modified_gmt":"2025-12-05T06:43:10","slug":"juan-diego-botto-lanza-el-mensaje-mas-potente-tras-lo-ocurrido-con-espana-y-eurovision","status":"publish","type":"post","link":"https:\/\/www.europesays.com\/es\/272032\/","title":{"rendered":"Juan Diego Botto lanza el mensaje m\u00e1s potente tras lo ocurrido con Espa\u00f1a y Eurovisi\u00f3n"},"content":{"rendered":"<p>El actor Juan Diego Botto ha lanzado uno de los mensajes m\u00e1s potentes tras conocerse que <a href=\"https:\/\/www.huffingtonpost.es\/life\/cultura\/eurovision-rechaza-expulsar-israel-protestas-espana-rtve-reitrada-paises.html\" rel=\"nofollow noopener\" target=\"_blank\">Espa\u00f1a y otros pa\u00edses han abandonado Eurovisi\u00f3n<\/a> tras la decisi\u00f3n de la Uni\u00f3n Europea de Radiodifusi\u00f3n (UER) de <b>mantener a Israel en el concurso.<\/b><\/p>\n<p>La 95\u00aa Asamblea General de la UER, organizadora del concurso, <a href=\"https:\/\/www.huffingtonpost.es\/life\/cultura\/rtve-anuncia-retirada-espana-eurovision-lee-comunicado-completo.html\" rel=\"nofollow noopener\" target=\"_blank\">ha decidido mantener al pa\u00eds hebreo como participante del certamen,<\/a> <b>pese a las protestas de un grupo de pa\u00edses encabezado por Espa\u00f1a<\/b>, que ya ha anunciado su renuncia, al igual que han hecho otros pa\u00edses como Pa\u00edses Bajos (AVROTR\u00d3S), Eslovenia (RTV Slovenija) e Irlanda (RT\u00c9).<\/p>\n<p>Tras ver lo ocurrido, Botto ha sido implacable: <b>\u00ab\u00bfQu\u00e9 hizo Europa durante el Genocidio de Israel en Gaza? Nada. <\/b>Nada m\u00e1s que colaborar militar, diplom\u00e1tica y econ\u00f3micamente con los Genocidas. Europa mantiene a Israel en Eurovisi\u00f3n pese a las objeciones de Espa\u00f1a, Irlanda y Pa\u00edses Bajos\u00bb.<\/p>\n<p>Mientras, el presidente israel\u00ed, Isaac Herzog, ha afirmad que la decisi\u00f3n de una gran mayor\u00eda de pa\u00edses de la Uni\u00f3n Europea de Radiodifusi\u00f3n (UER) de apoyar la permanencia de Israel en el Festival de Eurovisi\u00f3n demuestra<b> \u00absolidaridad, compa\u00f1erismo y cooperaci\u00f3n\u00bb.<\/b><\/p>\n<p>Israel: \u00abEspero que el festival siga siendo ejemplo\u00bb<\/p>\n<p>\u00abMe complace que Israel vuelva a participar en el Festival de Eurovisi\u00f3n y<b> espero que el certamen siga siendo un ejemplo<\/b> de cultura, m\u00fasica, amistad entre naciones y entendimiento cultural transfronterizo\u00bb, ha se\u00f1alado el presidente en un mensaje publicado en la red social X.<\/p>\n<p><b>\u00abEl resultado de esta votaci\u00f3n demuestra el compromiso <\/b>compartido de nuestros miembros de proteger la transparencia y la confianza en el Festival de Eurovisi\u00f3n, el evento de m\u00fasica en vivo m\u00e1s grande del mundo\u00bb, ha afirmado la presidenta de la UER, Delphine Ernotte, en un comunicado publicado por la organizaci\u00f3n, tras una reuni\u00f3n en la Asamblea General celebrada en Ginebra.<\/p>\n<p>RTVE tampoco emitir\u00e1 el festival<\/p>\n<p>El Consejo de Administraci\u00f3n de RTVE acord\u00f3 el pasado mes de septiembre que Espa\u00f1a se retirar\u00eda de Eurovisi\u00f3n si Israel formaba parte. <b>La decisi\u00f3n de Espa\u00f1a tiene un peso enorme<\/b> porque es miembro del grupo de los cinco mayores contribuyentes a la UER, conocido como &#8216;Big Five&#8217;,<\/p>\n<p>La salida de Espa\u00f1a del festival, por tanto, implica que <b>RTVE no emitir\u00e1 la final de Eurovision 2026,<\/b> que se celebrar\u00e1 en Viena (Austria) el pr\u00f3ximo 16 de mayo, ni las semifinales previas del concurso, que se realizar\u00e1n los d\u00edas 12 y 14.<\/p>\n","protected":false},"excerpt":{"rendered":"El actor Juan Diego Botto ha lanzado uno de los mensajes m\u00e1s potentes tras conocerse que Espa\u00f1a y&hellip;\n","protected":false},"author":2,"featured_media":213787,"comment_status":"","ping_status":"","sticky":false,"template":"","format":"standard","meta":{"footnotes":""},"categories":[174],"tags":[66731,255,15477,146,147,25,24,256,409,2629,8079,23],"class_list":{"0":"post-272032","1":"post","2":"type-post","3":"status-publish","4":"format-standard","5":"has-post-thumbnail","7":"category-famosos","8":"tag-botto","9":"tag-celebrities","10":"tag-diego","11":"tag-entertainment","12":"tag-entretenimiento","13":"tag-es","14":"tag-espana","15":"tag-famosos","16":"tag-juan","17":"tag-lanza","18":"tag-mensaje","19":"tag-spain"},"share_on_mastodon":{"url":"https:\/\/pubeurope.com\/@es\/115665607373592455","error":""},"_links":{"self":[{"href":"https:\/\/www.europesays.com\/es\/wp-json\/wp\/v2\/posts\/272032","targetHints":{"allow":["GET"]}}],"collection":[{"href":"https:\/\/www.europesays.com\/es\/wp-json\/wp\/v2\/posts"}],"about":[{"href":"https:\/\/www.europesays.com\/es\/wp-json\/wp\/v2\/types\/post"}],"author":[{"embeddable":true,"href":"https:\/\/www.europesays.com\/es\/wp-json\/wp\/v2\/users\/2"}],"replies":[{"embeddable":true,"href":"https:\/\/www.europesays.com\/es\/wp-json\/wp\/v2\/comments?post=272032"}],"version-history":[{"count":0,"href":"https:\/\/www.europesays.com\/es\/wp-json\/wp\/v2\/posts\/272032\/revisions"}],"wp:featuredmedia":[{"embeddable":true,"href":"https:\/\/www.europesays.com\/es\/wp-json\/wp\/v2\/media\/213787"}],"wp:attachment":[{"href":"https:\/\/www.europesays.com\/es\/wp-json\/wp\/v2\/media?parent=272032"}],"wp:term":[{"taxonomy":"category","embeddable":true,"href":"https:\/\/www.europesays.com\/es\/wp-json\/wp\/v2\/categories?post=272032"},{"taxonomy":"post_tag","embeddable":true,"href":"https:\/\/www.europesays.com\/es\/wp-json\/wp\/v2\/tags?post=272032"}],"curies":[{"name":"wp","href":"https:\/\/api.w.org\/{rel}","templated":true}]}}