{"id":272033,"date":"2025-12-05T06:44:10","date_gmt":"2025-12-05T06:44:10","guid":{"rendered":"https:\/\/www.europesays.com\/es\/272033\/"},"modified":"2025-12-05T06:44:10","modified_gmt":"2025-12-05T06:44:10","slug":"que-hace-un-soldado-del-imperio-espanol-en-el-camino-al-calvario-pintado-por-el-greco","status":"publish","type":"post","link":"https:\/\/www.europesays.com\/es\/272033\/","title":{"rendered":"\u00bfQu\u00e9 hace un soldado del imperio espa\u00f1ol en el camino al Calvario pintado por el Greco?"},"content":{"rendered":"<p class=\"paragraph\">Entre las obras maestras del tesoro art\u00edstico espa\u00f1ol, El expolio de Cristo de <b>El Greco<\/b> ocupa un lugar relevante.<\/p>\n<p class=\"paragraph\">Esta pintura, custodiada en la sacrist\u00eda de la <b>Catedral de Toledo<\/b>, es uno de los m\u00e1ximos exponentes de la edad de oro de las artes espa\u00f1olas.<\/p>\n<p class=\"paragraph\">Pocos son los espa\u00f1oles que no est\u00e1n familiarizados con ella. Es una de nuestras<b> obras de arte esenciales<\/b>, incluida en los estudios de secundaria y bachillerato, habitual de los ex\u00e1menes de selectividad y tan emblem\u00e1tica como pueden ser Las Meninas de Vel\u00e1zquez o Las Majas de Goya.<\/p>\n<p class=\"paragraph\">El expolio de Cristo es una de las primeras obras realizadas por <b>El Greco<\/b> tras llegar a <b>Toledo <\/b>procedente de Italia. Representa a Cristo tras completar el camino al Calvario, momentos antes de ser clavado en la cruz, justo cuando los soldados romanos lo despojan de su ropa y se reparten su t\u00fanica hecha de una sola pieza, sin costuras: \u00abSe repartieron mis ropas y echaron a suertes mi t\u00fanica\u00bb, narra el Evangelio evocando las <b>profec\u00edas del Antiguo Testamento<\/b> cumplidas en el Nuevo.<\/p>\n<p class=\"paragraph\">El Expolio es una de esas obras que tenemos la suerte de contemplar en el mismo lugar para donde fueron ideadas. La originalidad de su composici\u00f3n, su uso del color, su concepci\u00f3n f\u00edsica de los personajes retratados, la <b>expresividad del rostro de Cristo<\/b>, un rostro que no es sufriente, sino, de acci\u00f3n de gracias.<\/p>\n<p class=\"c-detail__media__subtitle composite_image\">\n<p>        Imagen completa de &#8216;El expolio de Cristo&#8217;, del GrecoWikipedia<\/p>\n<p class=\"paragraph\">Cristo asume en el cuadro del Greco su papel de sumo sacerdote en el <b>sacrificio supremo<\/b>.<\/p>\n<p class=\"paragraph\">Sin embargo, para un ojo familiarizado con la historia y el arte resultar\u00e1 chocante un elemento caracter\u00edstico del cuadro: el soldado romano retratado junto a Cristo, que mira arrogante al p\u00fablico, viste como un <b>soldado espa\u00f1ol de los Tercios<\/b>, con armadura brillante y gorguera.<\/p>\n<p class=\"paragraph\">Pero no es el \u00fanico. Una mirada m\u00e1s concienzuda identificar\u00e1 a varios <b>soldados con morriones y yelmos<\/b>, armados con picas y ropajes propios del siglo XVI. \u00bfA qu\u00e9 se debe este anacronismo?<\/p>\n<p class=\"paragraph\">Lo cierto es que, en su momento, esa licencia le vali\u00f3 al Greco <b>numerosas cr\u00edticas negativas<\/b>. Incluso se dice que su costumbre de introducir elementos contempor\u00e1neos en cuadros sobre episodios evang\u00e9licos fue una de las razones que llevaron a Felipe II a rechazarlo como responsable de la decoraci\u00f3n de la <b>bas\u00edlica de San Lorenzo de El Escorial<\/b>.<\/p>\n<p class=\"paragraph\">No ser\u00eda la primera vez que lo har\u00eda. En El martirio de San Mauricio, un cuadro que representa el martirio del soldado romano de la <b>Legi\u00f3n Tebana<\/b> por profesar el cristianismo, el Greco tambi\u00e9n represent\u00f3 a soldados del siglo XVI armados con picas mezclados entre los legionarios vestidos a la romana.<\/p>\n<p class=\"paragraph\">En El castigo de Laocoonte, ubic\u00f3 el mito griego en Toledo y no en Troya. Hay m\u00e1s ejemplos, pero quiz\u00e1s esos sean los m\u00e1s claros.<\/p>\n<p class=\"paragraph\">Pero \u00bfpor qu\u00e9 raz\u00f3n inclu\u00eda el Greco esas referencias a su tiempo en cuadros de tem\u00e1tica b\u00edblica?<\/p>\n<p class=\"paragraph\">Fiel testigo de la realidad que le rodeaba y del contexto en el que viv\u00eda y desarrollaba su arte, el Greco no narra en sus cuadros \u00fanicamente un hecho b\u00edblico o un acontecimiento religioso, el Greco deja testimonio de su tiempo y, fruto de la mentalidad de su tiempo de Espa\u00f1a como heredera de Roma y naci\u00f3n elegida por Dios para llevar el cristianismo a los confines de su tiempo incluye la impronta espa\u00f1ola en su obra como forma de representar ese papel.<\/p>\n","protected":false},"excerpt":{"rendered":"Entre las obras maestras del tesoro art\u00edstico espa\u00f1ol, El expolio de Cristo de El Greco ocupa un lugar&hellip;\n","protected":false},"author":2,"featured_media":272034,"comment_status":"","ping_status":"","sticky":false,"template":"","format":"standard","meta":{"footnotes":""},"categories":[173],"tags":[229,233,231,230,232,234,146,147,25,24,23],"class_list":{"0":"post-272033","1":"post","2":"type-post","3":"status-publish","4":"format-standard","5":"has-post-thumbnail","7":"category-arte-y-diseno","8":"tag-arte","9":"tag-arte-y-diseno","10":"tag-arts","11":"tag-arts-and-design","12":"tag-design","13":"tag-diseno","14":"tag-entertainment","15":"tag-entretenimiento","16":"tag-es","17":"tag-espana","18":"tag-spain"},"share_on_mastodon":{"url":"https:\/\/pubeurope.com\/@es\/115665611173036081","error":""},"_links":{"self":[{"href":"https:\/\/www.europesays.com\/es\/wp-json\/wp\/v2\/posts\/272033","targetHints":{"allow":["GET"]}}],"collection":[{"href":"https:\/\/www.europesays.com\/es\/wp-json\/wp\/v2\/posts"}],"about":[{"href":"https:\/\/www.europesays.com\/es\/wp-json\/wp\/v2\/types\/post"}],"author":[{"embeddable":true,"href":"https:\/\/www.europesays.com\/es\/wp-json\/wp\/v2\/users\/2"}],"replies":[{"embeddable":true,"href":"https:\/\/www.europesays.com\/es\/wp-json\/wp\/v2\/comments?post=272033"}],"version-history":[{"count":0,"href":"https:\/\/www.europesays.com\/es\/wp-json\/wp\/v2\/posts\/272033\/revisions"}],"wp:featuredmedia":[{"embeddable":true,"href":"https:\/\/www.europesays.com\/es\/wp-json\/wp\/v2\/media\/272034"}],"wp:attachment":[{"href":"https:\/\/www.europesays.com\/es\/wp-json\/wp\/v2\/media?parent=272033"}],"wp:term":[{"taxonomy":"category","embeddable":true,"href":"https:\/\/www.europesays.com\/es\/wp-json\/wp\/v2\/categories?post=272033"},{"taxonomy":"post_tag","embeddable":true,"href":"https:\/\/www.europesays.com\/es\/wp-json\/wp\/v2\/tags?post=272033"}],"curies":[{"name":"wp","href":"https:\/\/api.w.org\/{rel}","templated":true}]}}