{"id":272037,"date":"2025-12-05T06:49:13","date_gmt":"2025-12-05T06:49:13","guid":{"rendered":"https:\/\/www.europesays.com\/es\/272037\/"},"modified":"2025-12-05T06:49:13","modified_gmt":"2025-12-05T06:49:13","slug":"el-celta-se-aferra-a-la-copa-desde-el-punto-de-penalti","status":"publish","type":"post","link":"https:\/\/www.europesays.com\/es\/272037\/","title":{"rendered":"El Celta se aferra a la Copa desde el punto de penalti"},"content":{"rendered":"<p><img loading=\"lazy\" decoding=\"async\" class=\"alignnone size-full wp-image-159310\" src=\"https:\/\/www.europesays.com\/es\/wp-content\/uploads\/2025\/12\/Sin-ti\u0301tulo-1.png\" alt=\"\" width=\"1920\" height=\"1080\"  \/><\/p>\n<p>El Celta sali\u00f3 vivo del Narc\u00eds Sala tras una noche que se convirti\u00f3 en un aut\u00e9ntico ejercicio de resistencia. Los de Claudio Gir\u00e1ldez, conocedores del enredo que supon\u00eda visitar a un Sant Andreu descarado pese a su categor\u00eda, acabaron sufriendo m\u00e1s de lo previsto hasta sellar su pase desde los once metros, en una tanda interminable que solo se resolvi\u00f3 cuando Sergi Serrano mand\u00f3 al larguero el decimocuarto lanzamiento.<\/p>\n<p>El conjunto vigu\u00e9s se vio desbordado de inicio por la energ\u00eda local y roz\u00f3 el susto nada m\u00e1s arrancar, pero poco a poco impuso su guion y acumul\u00f3 ocasiones sin fortuna. Hugo \u00c1lvarez lleg\u00f3 a estrellar un bal\u00f3n en el larguero, y en la reanudaci\u00f3n el asedio se intensific\u00f3, con un disparo de Ferran Jutgl\u00e0 al palo. Ni la entrada final de Iago Aspas y Borja Iglesias logr\u00f3 evitar la pr\u00f3rroga ante el conjunto catal\u00e1n.<\/p>\n<p>El tiempo extra a\u00f1adi\u00f3 drama a la eliminatoria ya que un zarpazo de Alexis Garc\u00eda encendi\u00f3 al Narc\u00eds Sala, pero el alivio visitante lleg\u00f3 de inmediato con la r\u00e9plica de Borja Iglesias, que caz\u00f3 un bal\u00f3n filtrado para mantener con vida a los suyos. Fue la \u00fanica ocasi\u00f3n clara del a\u00f1adido, suficiente para llevar el duelo a una tanda de penaltis en la que los celestes mostraron temple y acierto total.<\/p>\n<p>Al final, el Celta escap\u00f3 del laberinto catal\u00e1n con m\u00e1s sufrimiento del deseado pero ya con la mente puesta en el pr\u00f3ximo partido que se llevar\u00e1 a cabo en el Santiago Bernab\u00e9u este domingo a las 21:00h. ante el Real Madrid.<\/p>\n<p><strong>FICHA T\u00c9CNICA:<\/strong><\/p>\n<p><strong>1 (6) \u2013 Sant Andreu:<\/strong> Ra\u00fal Garc\u00eda; Santiago (Vi\u00f1a, min. 71), Gomez, Blanco, Mendez (Marcet, min. 91; Carbonell, Alberto Garc\u00eda, Darbra (Torices, min. 72); Serrano, Valles (Alexis Garc\u00eda, min. 59), Sergi Garc\u00eda (Naranjo, min. 59).<\/p>\n<p><strong>1 (7) \u2013 Celta<\/strong><strong>:<\/strong> Iv\u00e1n Villar; \u00d3scar Mingueza, Joseph Aidoo (Yoel Lago, min. 11), Carlos Dom\u00ednguez, Mihailo Ristic (Sergio Carreira, min. 46); Hugo \u00c1lvarez, Fran Beltr\u00e1n, Hugo Sotelo (Borja Iglesias, min. 75); Franco Cervi (Pablo Dur\u00e1n, min. 63), Ferran Jutgl\u00e0 (\u00c1ngel Arcos, min. 97), Williot Swedberg (Iago Aspas, min. 75)<\/p>\n<p><strong>Goles:<\/strong> 1-0: Alexis Garc\u00eda, min. 103. 1-1: Borja Iglesias, min. 105.<\/p>\n<p><strong>\u00c1rbitro:<\/strong> Mateo Busquets (Comit\u00e9 Balear). Amonest\u00f3 con tarjeta amarilla a Carlos Blanco (min.31), a Alberto Garc\u00eda (min.31), a Pablo Santiago (min.40), a Ra\u00fal Garc\u00eda (min.77) y a Lucas Vi\u00f1a (min.93) por parte del Sant Andreu y a Carlos Dom\u00ednguez (min.41) y Yoel Lago (min.93) por parte del Celta. Termin\u00f3 expulsando a Carlos Dominguez (min.112) por doble amarilla.<\/p>\n","protected":false},"excerpt":{"rendered":"El Celta sali\u00f3 vivo del Narc\u00eds Sala tras una noche que se convirti\u00f3 en un aut\u00e9ntico ejercicio de&hellip;\n","protected":false},"author":2,"featured_media":272038,"comment_status":"","ping_status":"","sticky":false,"template":"","format":"standard","meta":{"footnotes":""},"categories":[93],"tags":[168,25,24,23,167],"class_list":{"0":"post-272037","1":"post","2":"type-post","3":"status-publish","4":"format-standard","5":"has-post-thumbnail","7":"category-deportes","8":"tag-deportes","9":"tag-es","10":"tag-espana","11":"tag-spain","12":"tag-sports"},"share_on_mastodon":{"url":"https:\/\/pubeurope.com\/@es\/115665631291044707","error":""},"_links":{"self":[{"href":"https:\/\/www.europesays.com\/es\/wp-json\/wp\/v2\/posts\/272037","targetHints":{"allow":["GET"]}}],"collection":[{"href":"https:\/\/www.europesays.com\/es\/wp-json\/wp\/v2\/posts"}],"about":[{"href":"https:\/\/www.europesays.com\/es\/wp-json\/wp\/v2\/types\/post"}],"author":[{"embeddable":true,"href":"https:\/\/www.europesays.com\/es\/wp-json\/wp\/v2\/users\/2"}],"replies":[{"embeddable":true,"href":"https:\/\/www.europesays.com\/es\/wp-json\/wp\/v2\/comments?post=272037"}],"version-history":[{"count":0,"href":"https:\/\/www.europesays.com\/es\/wp-json\/wp\/v2\/posts\/272037\/revisions"}],"wp:featuredmedia":[{"embeddable":true,"href":"https:\/\/www.europesays.com\/es\/wp-json\/wp\/v2\/media\/272038"}],"wp:attachment":[{"href":"https:\/\/www.europesays.com\/es\/wp-json\/wp\/v2\/media?parent=272037"}],"wp:term":[{"taxonomy":"category","embeddable":true,"href":"https:\/\/www.europesays.com\/es\/wp-json\/wp\/v2\/categories?post=272037"},{"taxonomy":"post_tag","embeddable":true,"href":"https:\/\/www.europesays.com\/es\/wp-json\/wp\/v2\/tags?post=272037"}],"curies":[{"name":"wp","href":"https:\/\/api.w.org\/{rel}","templated":true}]}}