{"id":272039,"date":"2025-12-05T06:51:09","date_gmt":"2025-12-05T06:51:09","guid":{"rendered":"https:\/\/www.europesays.com\/es\/272039\/"},"modified":"2025-12-05T06:51:09","modified_gmt":"2025-12-05T06:51:09","slug":"ya-pueden-hablar-por-telefono-sin-discutir","status":"publish","type":"post","link":"https:\/\/www.europesays.com\/es\/272039\/","title":{"rendered":"Ya pueden hablar por tel\u00e9fono sin discutir"},"content":{"rendered":"\n<p> La relaci\u00f3n entre <strong>Shakira y Gerard Piqu\u00e9<\/strong> es, a d\u00eda de hoy, mucho m\u00e1s pragm\u00e1tica de lo que jam\u00e1s lo fue durante los meses (y hasta a\u00f1os) posteriores a su separaci\u00f3n. Como ha podido confirmar este medio, ya no es <strong>Tonino<\/strong>, el hermano de la cantante, el intermediario entre ambos. Ya<strong> no hay mensajeros ni terceras personas<\/strong> encargadas de rebajar tensiones: <strong>hablan directamente por tel\u00e9fono, pero sobre todo por WhatsApp<\/strong>, y \u00ablo pueden hacer sin discutir\u00bb. <\/p>\n<p> Eso s\u00ed, es \u00fanicamente para organizar la log\u00edstica con sus hijos. Ella pasa de pol\u00e9micas, <a href=\"https:\/\/www.vanitatis.elconfidencial.com\/famosos\/2025-11-21\/shakira-despide-a-su-sobrino-en-plena-gira-entrevista-exclusiva-detalles_4250504\/\" target=\"_self\" rel=\"nofollow noopener\">la vida la ha devuelto al nivel sideral que nunca debi\u00f3 abandonar <\/a>y la venta de la casa que compartieron en Barcelona a <a href=\"https:\/\/www.elconfidencial.com\/deportes\/futbol\/2025-12-02\/lamine-yamal-revela-cual-coche-de-su-suenos-quiero-sentir-libertad_4258921\/\" target=\"_self\" rel=\"nofollow noopener\">Lamine Yamal<\/a> la ha desligado definitivamente de cualquier resquicio emocional o material que quedara entre ambos. Esa es la nueva realidad que sostiene, por fin,<strong> una convivencia pac\u00edfica a distancia.<\/strong> <\/p>\n<p>               Las indirectas a Piqu\u00e9 de la nueva canci\u00f3n de Shakira: as\u00ed es la letra de &#8216;\u00daltima&#8217; (X: @Shakira)             <\/p>\n<p> Fueron precisamente las palabras de la cantante en una reciente entrevista las que desvelaron <strong>ese nuevo buen rollo<\/strong>. \u00abTambi\u00e9n el padre, hay que decirlo, es muy disciplinado, porque es que<a href=\"https:\/\/www.vanitatis.elconfidencial.com\/famosos\/2025-02-19\/shakira-rompe-fronteras-icono-global-influencia-social_4069047\/\" target=\"_self\" rel=\"nofollow noopener\"> no se puede triunfar de otra manera en cualquier oficio, la disciplina es b\u00e1sica<\/a>. Ellos saben que no hay otra manera. Si hay que presentarse a algo, hay que ensayar, si hay que presentarse para un examen, hay que estudiar. <strong>No hay otra<\/strong>. Eso s\u00ed que es innegociable\u00bb. <\/p>\n<p>            La gira, el cambio           <\/p>\n<p> Esta fotograf\u00eda contrasta con el escenario que describ\u00edamos en Vanitatis en febrero de 2025, cuando informamos de que Shakira estaba centrada en su nueva vida en Miami, preparando su <a href=\"https:\/\/www.vanitatis.elconfidencial.com\/famosos\/2025-11-21\/shakira-despide-a-su-sobrino-en-plena-gira-entrevista-exclusiva-detalles_4250504\/\" target=\"_self\" rel=\"nofollow noopener\">gira internacional<\/a> y articulando un <strong>complejo sistema de viajes para que los ni\u00f1os mantuvieran el contacto regular con su padre. <\/strong>Entonces, Piqu\u00e9 se traslad\u00f3 por temporadas a Estados Unidos, donde alquil\u00f3 un apartamento para estar con sus hijos mientras su madre viajaba. Hab\u00eda entendimiento, poco a poco llegaba, pero la distancia segu\u00eda siendo amplia. <\/p>\n<p> El marco para las buenas relaciones empez\u00f3 a transformarse en agosto de 2023. Entonces ya adelantamos en Vanitatis que, pese al ruido medi\u00e1tico, Shakira y Piqu\u00e9 <a href=\"https:\/\/www.vanitatis.elconfidencial.com\/famosos\/2025-06-24\/pique-clara-chia-enamorados-shakira-manda-vidas_4157152\/\" target=\"_self\" rel=\"nofollow noopener\">estaban cumpliendo el convenio \u00aba rajatabla\u00bb,<\/a> lo que permiti\u00f3 una<strong> base m\u00ednima de confianza<\/strong> sobre la que, con los a\u00f1os, se ha ido asentando otra forma de comunicaci\u00f3n. Y en junio de 2025 publicamos las claves de una<strong> nueva etapa emocional <\/strong>marcada por el hecho de que Shakira hab\u00eda decidido dejar atr\u00e1s cualquier batalla personal: centrada en su carrera, con una gira hist\u00f3rica y un nuevo impulso vital, la artista opt\u00f3 por<strong> no entrar en provocaciones externas<\/strong> y mantener el foco \u00fanicamente en sus hijos. <\/p>\n<p>               Shakira junto a Gerard Piqu\u00e9. (EFE\/Miguel Rajmil)             <\/p>\n<p> A esa evoluci\u00f3n interna se sum\u00f3 un gesto determinante:<a href=\"https:\/\/www.vanitatis.elconfidencial.com\/celebrities\/2025-08-16\/shakira-pique-venta-mansion-patrimonio_4192214\/\" target=\"_self\" rel=\"nofollow noopener\"> la venta de la casa de Esplugues.<\/a> La cantante hab\u00eda ordenado su desvinculaci\u00f3n total del <strong>inmueble y del patrimonio compartido<\/strong>. Ese movimiento no solo cerr\u00f3 una carpeta material; cerr\u00f3 una emocional. A partir de ese momento, la relaci\u00f3n se despoj\u00f3 de la <a href=\"https:\/\/www.vanitatis.elconfidencial.com\/celebrities\/2024-09-07\/shakira-patrimonio-antes-y-despues-espana_3956219\/\" target=\"_self\" rel=\"nofollow noopener\">\u00faltima carga simb\u00f3lica<\/a> que quedaba del pasado. <\/p>\n<p>            Sin v\u00ednculo personal           <\/p>\n<p> El presente se explica as\u00ed: Shakira y Piqu\u00e9 no han recuperado ning\u00fan tipo de v\u00ednculo personal m\u00e1s all\u00e1 del <strong>estrictamente necesario<\/strong>, pero s\u00ed han alcanzado una suerte de reconciliaci\u00f3n operativa, madura y estable. No hablan de ellos, no hablan de heridas, no hablan de reproches.<strong> Hablan de horarios, de vuelos, de deberes, de actividades<\/strong> y de calendarios. Y lo hacen sin ruido, sin terceros, sin tensiones a\u00f1adidas y con la naturalidad que solo llega cuando ambas partes asumen que la vida ha seguido adelante por caminos distintos. <\/p>\n<p> Esta reconciliaci\u00f3n no es sentimental, <strong>ni pretende serlo<\/strong>. Es la reconciliaci\u00f3n que llega cuando <a href=\"https:\/\/www.vanitatis.elconfidencial.com\/famosos\/2025-02-24\/gerard-pique-clara-chia-atragantan-tono-gira-shakira-manada_4070325\/\" target=\"_self\" rel=\"nofollow noopener\">cada uno ocupa ya el lugar que le corresponde<\/a>: ella en el centro de su carrera global; \u00e9l consolidado en su universo empresarial, ambos volcados <strong>en el bienestar de sus hijos<\/strong>. Una reconciliaci\u00f3n que se construye a base de silencios, mensajes pr\u00e1cticos y acuerdos que ya no necesitan ser negociados a trav\u00e9s de nadie <\/p>\n<p> La relaci\u00f3n entre <strong>Shakira y Gerard Piqu\u00e9<\/strong> es, a d\u00eda de hoy, mucho m\u00e1s pragm\u00e1tica de lo que jam\u00e1s lo fue durante los meses (y hasta a\u00f1os) posteriores a su separaci\u00f3n. Como ha podido confirmar este medio, ya no es <strong>Tonino<\/strong>, el hermano de la cantante, el intermediario entre ambos. Ya<strong> no hay mensajeros ni terceras personas<\/strong> encargadas de rebajar tensiones: <strong>hablan directamente por tel\u00e9fono, pero sobre todo por WhatsApp<\/strong>, y \u00ablo pueden hacer sin discutir\u00bb. <\/p>\n","protected":false},"excerpt":{"rendered":"La relaci\u00f3n entre Shakira y Gerard Piqu\u00e9 es, a d\u00eda de hoy, mucho m\u00e1s pragm\u00e1tica de lo que&hellip;\n","protected":false},"author":2,"featured_media":51718,"comment_status":"","ping_status":"","sticky":false,"template":"","format":"standard","meta":{"footnotes":""},"categories":[91],"tags":[146,147,25,24,23],"class_list":{"0":"post-272039","1":"post","2":"type-post","3":"status-publish","4":"format-standard","5":"has-post-thumbnail","7":"category-entretenimiento","8":"tag-entertainment","9":"tag-entretenimiento","10":"tag-es","11":"tag-espana","12":"tag-spain"},"share_on_mastodon":{"url":"https:\/\/pubeurope.com\/@es\/115665638711730804","error":""},"_links":{"self":[{"href":"https:\/\/www.europesays.com\/es\/wp-json\/wp\/v2\/posts\/272039","targetHints":{"allow":["GET"]}}],"collection":[{"href":"https:\/\/www.europesays.com\/es\/wp-json\/wp\/v2\/posts"}],"about":[{"href":"https:\/\/www.europesays.com\/es\/wp-json\/wp\/v2\/types\/post"}],"author":[{"embeddable":true,"href":"https:\/\/www.europesays.com\/es\/wp-json\/wp\/v2\/users\/2"}],"replies":[{"embeddable":true,"href":"https:\/\/www.europesays.com\/es\/wp-json\/wp\/v2\/comments?post=272039"}],"version-history":[{"count":0,"href":"https:\/\/www.europesays.com\/es\/wp-json\/wp\/v2\/posts\/272039\/revisions"}],"wp:featuredmedia":[{"embeddable":true,"href":"https:\/\/www.europesays.com\/es\/wp-json\/wp\/v2\/media\/51718"}],"wp:attachment":[{"href":"https:\/\/www.europesays.com\/es\/wp-json\/wp\/v2\/media?parent=272039"}],"wp:term":[{"taxonomy":"category","embeddable":true,"href":"https:\/\/www.europesays.com\/es\/wp-json\/wp\/v2\/categories?post=272039"},{"taxonomy":"post_tag","embeddable":true,"href":"https:\/\/www.europesays.com\/es\/wp-json\/wp\/v2\/tags?post=272039"}],"curies":[{"name":"wp","href":"https:\/\/api.w.org\/{rel}","templated":true}]}}