{"id":272044,"date":"2025-12-05T06:55:09","date_gmt":"2025-12-05T06:55:09","guid":{"rendered":"https:\/\/www.europesays.com\/es\/272044\/"},"modified":"2025-12-05T06:55:09","modified_gmt":"2025-12-05T06:55:09","slug":"cierta-preocupacion-en-castilla-y-leon-por-el-impacto-economico-de-la-peste-porcina-africana","status":"publish","type":"post","link":"https:\/\/www.europesays.com\/es\/272044\/","title":{"rendered":"\u00abCierta preocupaci\u00f3n\u00bb en Castilla y Le\u00f3n por el impacto econ\u00f3mico de la Peste Porcina Africana"},"content":{"rendered":"<p>04\/12\/2025<br \/>\n<br \/><strong><br \/>\nActualizado a las 21:22h.<br \/>\n<\/strong><\/p>\n<p class=\"voc-p\" style=\"\">Con el tercer mayor censo de cabezas de porcino de Espa\u00f1a \u2013m\u00e1s de 4,3 millones, seg\u00fan los \u00faltimos datos del Ministerio de Agricultura de los 33,7 de todo el pa\u00eds), lo cierto es que en existe <strong>\u00abcierta preocupaci\u00f3n\u00bb por el impacto econ\u00f3mico <\/strong> &#8230; <strong>que pueda tener la Peste Porcina Africana (PPA)<\/strong> tras detectarse los primeros casos en Catalu\u00f1a, en jabal\u00edes. As\u00ed lo ha asegurado este jueves el portavoz y consejero de Econom\u00eda y Hacienda de la Junta de Castilla y Le\u00f3n, Carlos Fern\u00e1ndez Carriedo, quien ha reconocido que ya se han notado ca\u00eddas en las cotizaciones de las lonjas. Adem\u00e1s del temor, ha asumido, del impacto en las exportaciones de carne de cerdo a pa\u00edses que analizan la situaci\u00f3n por criterios nacionales, y ah\u00ed s\u00ed se incluye todo el territorio nacional. <\/p>\n<p class=\"voc-p\" style=\"\">Por el momento, China, Reino Unido y el conjunto de la Uni\u00f3n Europea \u2013principales destinos\u2013 lo hacen con criterios regionales y eso salva a las ventas al exterior de la que es la tercera comunidad tambi\u00e9n en exportaciones, s\u00f3lo tras Catalu\u00f1a y Arag\u00f3n. \u00abPreocupaci\u00f3n s\u00ed la tenemos\u00bb, ha confirmado Carriedo, quien ha incidido en reclamar que la situaci\u00f3n se aborde \u00abde forma nacional\u00bb, pues \u00abel problema no lo tiene Catalu\u00f1a\u00bb, sino que afecta al conjunto del pa\u00eds. De ah\u00ed que desde la Junta demanden una conferencia sectorial al respecto, con presencia tanto de responsables de Agricultura como de fauna silvestre, pues los primeros casos se han detectado en jabal\u00edes, en la que desde el Gobierno central \u00ablideren\u00bb y \u00abno se pongan de perfil\u00bb.<\/p>\n<p class=\"voc-p\" style=\"\">Precisamente, para intentar contener la proliferaci\u00f3n de estos mam\u00edferos que son vector de transmisi\u00f3n de la enfermedad, <strong>la Junta intensificar\u00e1 su caza,<\/strong> pues la normativa permite facilitar las batidas en circunstancias \u00abextraordinarias\u00bb como la actual. As\u00ed se permitir\u00e1n \u00abt\u00e9cnicas y procedimientos vedados en otros momentos\u00bb, que los propios cotos deber\u00e1n adoptar y, si no tuvieran capacidad, \u00abse valorar\u00e1n todas las posibilidades\u00bb para que la actuaci\u00f3n la ejerza la propia administraci\u00f3n \u00abpara disminuir la presi\u00f3n\u00bb de estos animales. <\/p>\n<p class=\"voc-p\" style=\"\">Carriedo, que ha instado a estar \u00abvigilantes\u00bb si se encuentra un cad\u00e1ver de jabal\u00ed y comunicarlo a las autoridades sin manipularlo, ha incidido en que al no tratarse de una zoonosis, la Peste Porcina Africana \u00abno\u00bb supone riesgo de contagio para el ser humano y tampoco lo es el consumo de carne de cerdo. El presidente de la Junta, Alfonso Fern\u00e1ndez Ma\u00f1ueco, aborda este viernes con el sector la situaci\u00f3n.<\/p>\n<p><img loading=\"lazy\" decoding=\"async\" width=\"530\" height=\"64\" class=\"logo-premium\" src=\"data:image\/gif;base64,R0lGODlhAQABAAAAACH5BAEKAAEALAAAAAABAAEAAAICTAEAOw==\" alt=\"ABC Premium\"\/><br \/>\nL\u00edmite de sesiones alcanzadas<\/p>\n<ul class=\"listado\">\n<li>El acceso al contenido Premium est\u00e1 abierto por cortes\u00eda del establecimiento donde te encuentras, pero ahora mismo hay demasiados usuarios conectados a la vez. Por favor, int\u00e9ntalo pasados unos minutos.<\/li>\n<\/ul>\n<p>Volver a intentar<\/p>\n<p><img loading=\"lazy\" decoding=\"async\" width=\"530\" height=\"64\" class=\"logo-premium\" src=\"data:image\/gif;base64,R0lGODlhAQABAAAAACH5BAEKAAEALAAAAAABAAEAAAICTAEAOw==\" alt=\"ABC Premium\"\/><br \/>\nHas superado el l\u00edmite de sesiones<\/p>\n<ul class=\"listado\">\n<li>S\u00f3lo puedes tener tres sesiones iniciadas a la vez. Hemos cerrado la sesi\u00f3n m\u00e1s antigua para que sigas navegando sin l\u00edmites en el resto.<\/li>\n<\/ul>\n<p>Sigue navegando<\/p>\n<p>\nArt\u00edculo solo para suscriptores\n<\/p>\n<p>Reportar un error<\/p>\n","protected":false},"excerpt":{"rendered":"04\/12\/2025 Actualizado a las 21:22h. Con el tercer mayor censo de cabezas de porcino de Espa\u00f1a \u2013m\u00e1s de&hellip;\n","protected":false},"author":2,"featured_media":272045,"comment_status":"","ping_status":"","sticky":false,"template":"","format":"standard","meta":{"footnotes":""},"categories":[8],"tags":[65759,17,18,4107,64416,8333,25,24,13,14,11,7761,19,20,4108,9,10,15,16,54096,54097,864,23,12,21,22],"class_list":{"0":"post-272044","1":"post","2":"type-post","3":"status-publish","4":"format-standard","5":"has-post-thumbnail","7":"category-espana","8":"tag-africana","9":"tag-breaking-news","10":"tag-breakingnews","11":"tag-castilla","12":"tag-cierta","13":"tag-economico","14":"tag-es","15":"tag-espana","16":"tag-featured-news","17":"tag-featurednews","18":"tag-headlines","19":"tag-impacto","20":"tag-latest-news","21":"tag-latestnews","22":"tag-leon","23":"tag-news","24":"tag-noticias","25":"tag-noticias-destacadas","26":"tag-noticiasdestacadas","27":"tag-peste","28":"tag-porcina","29":"tag-preocupacion","30":"tag-spain","31":"tag-titulares","32":"tag-ultimas-noticias","33":"tag-ultimasnoticias"},"share_on_mastodon":{"url":"https:\/\/pubeurope.com\/@es\/115665654464564227","error":""},"_links":{"self":[{"href":"https:\/\/www.europesays.com\/es\/wp-json\/wp\/v2\/posts\/272044","targetHints":{"allow":["GET"]}}],"collection":[{"href":"https:\/\/www.europesays.com\/es\/wp-json\/wp\/v2\/posts"}],"about":[{"href":"https:\/\/www.europesays.com\/es\/wp-json\/wp\/v2\/types\/post"}],"author":[{"embeddable":true,"href":"https:\/\/www.europesays.com\/es\/wp-json\/wp\/v2\/users\/2"}],"replies":[{"embeddable":true,"href":"https:\/\/www.europesays.com\/es\/wp-json\/wp\/v2\/comments?post=272044"}],"version-history":[{"count":0,"href":"https:\/\/www.europesays.com\/es\/wp-json\/wp\/v2\/posts\/272044\/revisions"}],"wp:featuredmedia":[{"embeddable":true,"href":"https:\/\/www.europesays.com\/es\/wp-json\/wp\/v2\/media\/272045"}],"wp:attachment":[{"href":"https:\/\/www.europesays.com\/es\/wp-json\/wp\/v2\/media?parent=272044"}],"wp:term":[{"taxonomy":"category","embeddable":true,"href":"https:\/\/www.europesays.com\/es\/wp-json\/wp\/v2\/categories?post=272044"},{"taxonomy":"post_tag","embeddable":true,"href":"https:\/\/www.europesays.com\/es\/wp-json\/wp\/v2\/tags?post=272044"}],"curies":[{"name":"wp","href":"https:\/\/api.w.org\/{rel}","templated":true}]}}