{"id":272046,"date":"2025-12-05T06:56:14","date_gmt":"2025-12-05T06:56:14","guid":{"rendered":"https:\/\/www.europesays.com\/es\/272046\/"},"modified":"2025-12-05T06:56:14","modified_gmt":"2025-12-05T06:56:14","slug":"el-proyecto-caminos-que-unen-impulsado-por-el-concejal-francisco-jose-castello-ya-es-una-realidad-tras-meses-de-reuniones-y-trabajo-vecinal","status":"publish","type":"post","link":"https:\/\/www.europesays.com\/es\/272046\/","title":{"rendered":"el proyecto \u201ccaminos que unen\u201d, impulsado por el concejal Francisco Jos\u00e9 Castell\u00f3, ya es una realidad tras meses de reuniones y trabajo vecinal"},"content":{"rendered":"<p>Ya han comenzado oficialmente las obras de asfaltado de los <strong>tres caminos rurales<\/strong> incluidos en el proyecto \u201cCaminos que Unen\u201d, impulsado por el concejal <strong>Francisco Jos\u00e9 Castell\u00f3<\/strong>, quien ha liderado durante meses las reuniones vecinales, la planificaci\u00f3n t\u00e9cnica, <strong>la coordinaci\u00f3n con la Mancomunidad<\/strong> y las <strong>negociaciones con la empresa adjudicataria<\/strong>. <strong>Sin la colaboraci\u00f3n de todos no hubiera sido posible.<\/strong><\/p>\n<p>Este proyecto tan esperado se convierte hoy en una realidad despu\u00e9s de a\u00f1os de demandas de los vecinos. <b>Gracias <\/b><b>a la coordinaci\u00f3n de estos factores<\/b>, una <strong>subvenci\u00f3n de 29.000 euros de la Diputaci\u00f3n de Albacete<\/strong>, al trabajo de preparaci\u00f3n realizado por las m\u00e1quinas de la Mancomunidad, a la <strong>aportaci\u00f3n del consistorio que ha cubierto el 50 % del coste del asfaltado<\/strong>, y a la <strong>aportaci\u00f3n conjunta de los vecinos de los tres caminos, que asciende a 37.000 euros<\/strong>, se van a <strong>asfaltar 7.000 metros de caminos rurales<\/strong>, los cuales ya no necesitar\u00e1n inversiones de mantenimiento ni generar\u00e1n problemas para los vecinos.<\/p>\n<p>Las aportaciones vecinales han variado seg\u00fan las necesidades y el estado de cada camino. En el caso del <strong>ramal de la carretera de Montealegre<\/strong>, la aportaci\u00f3n aproximada por vecino ha sido de <strong>500 euros<\/strong>, mientras que en el <strong>Camino del Molino<\/strong>, el m\u00e1s largo (unos 1.300 metros), el m\u00e1s deteriorado y el que m\u00e1s trabajo t\u00e9cnico requer\u00eda por los baches y el firme afectado, la aportaci\u00f3n media ha sido de <strong>1.500 euros por vecino<\/strong>.<\/p>\n<p>Este proyecto <strong>beneficia no solo a los vecinos de las zonas afectadas<\/strong>, sino a <strong>todos los vecinos de Caudete<\/strong>, ya que las reparaciones de caminos se financian entre todos. Con el asfaltado, <strong>no ser\u00e1 necesario destinar m\u00e1s recursos municipales a su mantenimiento<\/strong>, que el a\u00f1o pasado solamente una de las actuaciones ascendi\u00f3 a <strong>m\u00e1s de 10.000 euros<\/strong>, lo que supone aproximadamente <strong>1 euro por habitante<\/strong>.<\/p>\n<p>El concejal ha destacado \u201cla excelente acogida del proyecto y la implicaci\u00f3n de los vecinos\u201d, y se\u00f1al\u00f3 que esta l\u00ednea de mejora del viario rural <strong>continuar\u00e1 en los pr\u00f3ximos a\u00f1os<\/strong>, porque estos resultados demuestran que, <strong>trabajando juntos, se pueden resolver problemas hist\u00f3ricos que durante a\u00f1os han afectado a la localidad<\/strong>.<\/p>\n<p>El concejal tambi\u00e9n quiso <strong>reconocer p\u00fablicamente el trabajo del Departamento T\u00e9cnico<\/strong>, cuya profesionalidad ha sido clave para cerrar mediciones, valorar da\u00f1os, ajustar costes y garantizar que el proyecto se ejecute con rigor y eficiencia.<\/p>\n<p>Asimismo, se <strong>invita a todos los vecinos interesados<\/strong> a asistir a las <strong>pr\u00f3ximas reuniones que tendr\u00e1n lugar a partir de 2026<\/strong>, donde se abordar\u00e1n futuras actuaciones de mejora de caminos y otras infraestructuras rurales, en las que ya hay vecinos interesados que han mostrado su disposici\u00f3n a participar.<\/p>\n<p>Con el inicio del asfaltado de estos tres caminos, el <strong>Muy Ilustre Ayuntamiento de Caudete reafirma su compromiso con la mejora de las infraestructuras rurales<\/strong>, aportando soluciones duraderas, eficaces y consensuadas con los propios vecinos.<\/p>\n<p class=\"tmnf_mod small\" itemprop=\"dateModified\">Last modified: 4 de diciembre de 2025<\/p>\n","protected":false},"excerpt":{"rendered":"Ya han comenzado oficialmente las obras de asfaltado de los tres caminos rurales incluidos en el proyecto \u201cCaminos&hellip;\n","protected":false},"author":2,"featured_media":272047,"comment_status":"","ping_status":"","sticky":false,"template":"","format":"standard","meta":{"footnotes":""},"categories":[5],"tags":[17,18,25,24,13,14,11,19,20,9,10,15,16,23,12,21,22],"class_list":{"0":"post-272046","1":"post","2":"type-post","3":"status-publish","4":"format-standard","5":"has-post-thumbnail","7":"category-titulares","8":"tag-breaking-news","9":"tag-breakingnews","10":"tag-es","11":"tag-espana","12":"tag-featured-news","13":"tag-featurednews","14":"tag-headlines","15":"tag-latest-news","16":"tag-latestnews","17":"tag-news","18":"tag-noticias","19":"tag-noticias-destacadas","20":"tag-noticiasdestacadas","21":"tag-spain","22":"tag-titulares","23":"tag-ultimas-noticias","24":"tag-ultimasnoticias"},"share_on_mastodon":{"url":"https:\/\/pubeurope.com\/@es\/115665658407247402","error":""},"_links":{"self":[{"href":"https:\/\/www.europesays.com\/es\/wp-json\/wp\/v2\/posts\/272046","targetHints":{"allow":["GET"]}}],"collection":[{"href":"https:\/\/www.europesays.com\/es\/wp-json\/wp\/v2\/posts"}],"about":[{"href":"https:\/\/www.europesays.com\/es\/wp-json\/wp\/v2\/types\/post"}],"author":[{"embeddable":true,"href":"https:\/\/www.europesays.com\/es\/wp-json\/wp\/v2\/users\/2"}],"replies":[{"embeddable":true,"href":"https:\/\/www.europesays.com\/es\/wp-json\/wp\/v2\/comments?post=272046"}],"version-history":[{"count":0,"href":"https:\/\/www.europesays.com\/es\/wp-json\/wp\/v2\/posts\/272046\/revisions"}],"wp:featuredmedia":[{"embeddable":true,"href":"https:\/\/www.europesays.com\/es\/wp-json\/wp\/v2\/media\/272047"}],"wp:attachment":[{"href":"https:\/\/www.europesays.com\/es\/wp-json\/wp\/v2\/media?parent=272046"}],"wp:term":[{"taxonomy":"category","embeddable":true,"href":"https:\/\/www.europesays.com\/es\/wp-json\/wp\/v2\/categories?post=272046"},{"taxonomy":"post_tag","embeddable":true,"href":"https:\/\/www.europesays.com\/es\/wp-json\/wp\/v2\/tags?post=272046"}],"curies":[{"name":"wp","href":"https:\/\/api.w.org\/{rel}","templated":true}]}}