{"id":272052,"date":"2025-12-05T07:05:20","date_gmt":"2025-12-05T07:05:20","guid":{"rendered":"https:\/\/www.europesays.com\/es\/272052\/"},"modified":"2025-12-05T07:05:20","modified_gmt":"2025-12-05T07:05:20","slug":"oficial-paco-lopez-destituido-en-el-leganes-en-un-despido-sentenciado-desde-hace-dias","status":"publish","type":"post","link":"https:\/\/www.europesays.com\/es\/272052\/","title":{"rendered":"Oficial: Paco L\u00f3pez, destituido en el Legan\u00e9s en un despido sentenciado desde hace d\u00edas"},"content":{"rendered":"<p class=\"\">El <a href=\"https:\/\/as.com\/noticias\/cd-leganes\/\" target=\"_blank\" rel=\"noreferrer nofollow noopener\" title=\"https:\/\/as.com\/noticias\/cd-leganes\/\"><b>Legan\u00e9s<\/b><\/a> ha destituido a <b>Paco L\u00f3pez<\/b> en una decisi\u00f3n inminente tras la eliminaci\u00f3n en <b>Copa del Rey ante el Albacete (1-2)<\/b> que en verdad ya estaba encaminada desde que el pasado domingo los pepineros cayeran ante el <b>Zaragoza<\/b> en Liga.<a href=\"https:\/\/as.com\/futbol\/segunda\/el-leganes-ya-busca-recambio-para-sustituir-a-paco-lopez-f202512-n\/\" target=\"_blank\" rel=\"noreferrer nofollow noopener\" title=\"https:\/\/as.com\/futbol\/segunda\/el-leganes-ya-busca-recambio-para-sustituir-a-paco-lopez-f202512-n\/\"> Tal y como adelant\u00f3 AS<\/a>, desde el lunes la direcci\u00f3n deportiva ya hab\u00eda comenzado a sondear un recambio ante lo que (iban contando) era una decisi\u00f3n inminente. <b>Otra nueva derrota ha acelerado una decisi\u00f3n que tambi\u00e9n ha pillado por sorpresa al propio afectado, a Paco L\u00f3pez. <\/b><\/p>\n<p><a href=\"https:\/\/as.com\/resultados\/ficha\/equipo\/leganes\/132\/\" rel=\"nofollow noopener\" target=\"_blank\"><img decoding=\"async\" src=\"https:\/\/www.europesays.com\/es\/wp-content\/uploads\/2025\/12\/1764918316_663_132.png\" alt=\"Oficial: Paco L\u00f3pez, destituido en el Legan\u00e9s en un despido sentenciado desde hace d\u00edas\" height=\"80\" width=\"80\"  loading=\"lazy\" data-error-image=\"https:\/\/static.as.com\/dist\/resources\/images\/placeholder-team.png\"\/><\/a><\/p>\n<p class=\"\">Apenas terminado el partido, poco despu\u00e9s de que ofreciera la rueda de prensa, el entrenador valenciano ha sido llamado a la zona de despachos donde <b>Andr\u00e9s Pardo, director deportivo, Eduardo Cos\u00edn, vicepresidente, y Mart\u00edn Ortega, director general, le han comunicado la decisi\u00f3n. <\/b><\/p>\n<p>La plantilla, impactada<\/p>\n<p class=\"\">Ning\u00fan jugador de la plantilla se encontraba en <b>Butarque<\/b> cuando se ha tomado la decisi\u00f3n. El grupo se ha enterado por el propio comunicado oficial que ha emitido el club s\u00f3lo una hora despu\u00e9s de que que finalizara el encuentro. No ha habido tiempo para el debate. <b>S\u00f3lo para la ejecuci\u00f3n de lo que parec\u00eda una sentencia ya firmada. <\/b>Decisi\u00f3n que se ha tomado pocos <a href=\"https:\/\/as.com\/futbol\/copa_del_rey\/franquesa-tenemos-confianza-en-paco-lopez-f202512-n\/\" target=\"_blank\" rel=\"noreferrer nofollow noopener\" title=\"https:\/\/as.com\/futbol\/copa_del_rey\/franquesa-tenemos-confianza-en-paco-lopez-f202512-n\/\">minutos despu\u00e9s de que Enric Franquesa volviese a mostrar todo su apoyo al preparador.<\/a> <b>El grupo estaba con \u00e9l, algo que no se hab\u00eda dado en las \u00faltimas temporadas, donde -pese a los buenos resultados- hab\u00eda disensiones internas. <\/b><\/p>\n<p class=\"\">Paco L\u00f3pez se despedir\u00e1 este viernes de la plantilla<b> despu\u00e9s de que haya tenido que ser \u00e9l mismo el que solicitara al club esta posibilidad. <\/b>Los mandatarios no le han propuesto este adi\u00f3s, pero (como no pod\u00eda ser de otra forma) lo han aceptado. El entrenador ya ex entrenador pepinero no ofrecer\u00e1 rueda de prensa de despedida porque tampoco se ha barajado esta opci\u00f3n. <\/p>\n<p>Un apoyo vac\u00edo<\/p>\n<p class=\"\">El t\u00e9cnico ha sido despedido s\u00f3lo semana y media despu\u00e9s de que Jeff Luhnow, presidente del Legan\u00e9s (hoy ausente del palco de Butarque) <a href=\"https:\/\/as.com\/futbol\/segunda\/luhnow-hay-jugadores-que-no-han-dado-lo-que-esperabamos-f202511-n\/\" target=\"_blank\" rel=\"noreferrer nofollow noopener\" title=\"https:\/\/as.com\/futbol\/segunda\/luhnow-hay-jugadores-que-no-han-dado-lo-que-esperabamos-f202511-n\/\">le diera p\u00fablicamente todo su respaldo<\/a>. \u201cSi crey\u00e9semos que cambiar el entrenador nos dar\u00eda mejor rendimiento, lo habr\u00edamos hecho. <b>Pero ni yo, ni Andr\u00e9s, ni los jugadores, internamente no estamos convencidos de que vaya a cambiar la din\u00e1mica. <\/b>S\u00ed, llegar\u00eda un nuevo modelo de juego, pero la plantilla ser\u00eda la misma. Aqu\u00ed lo normal es cambiar de entrenador\u201d, coment\u00f3 el mandatario. Ocho d\u00edas m\u00e1s tarde, sus palabras se las a llevado el viento. Nada nuevo en el mundo del f\u00fatbol. <\/p>\n<p class=\"\">Paco L\u00f3pez firm\u00f3 por el Legan\u00e9s ya presionado por el claro objetivo de tener que ascender s\u00ed o s\u00ed a Primera Divisi\u00f3n en una exigencia para la que el club no le ha acompa\u00f1ado con una plantilla acorde a tal exigencia. La inversi\u00f3n en fichajes (tres millones de euros) se ha quedado corta frente a la masa salarial liberada y lo ingresado por ventas y, aunque el club logr\u00f3 retener a valores como Juan Cruz o Seydouba Ciss\u00e9, vio como la mayor parte de su columna vertebral de Primera pon\u00eda rumbo a nuevos destinos. <b>Entre tanto, l\u00edneas como la retaguardia han quedado justas de efectivos en un desequilibrio que ahora est\u00e1 pagando el equipo. <\/b><\/p>\n<p class=\"\">El entrenamiento de este viernes y del s\u00e1bado lo dirigir\u00e1 <b>Igor Oca<\/b>, entrenador del Legan\u00e9s B de Tercera Divisi\u00f3n. El partido contra el C\u00f3rdoba (domingo, 16:15) tambi\u00e9n ser\u00e1 dirigido por el preparador, que <b>apenas tendr\u00e1 48 horas para intentar que los futbolistas asimilen sus conceptos. <\/b><\/p>\n<p>Noticias relacionadas<a href=\"https:\/\/as.com\/futbol\/segunda\/la-grada-de-animacion-del-leganes-inicia-huelga-de-apoyo-f202512-n\/\" class=\"s_m_w\" title=\"El grupo \u2018Once Leones\u2019 anuncia que no animar\u00e1 en el Legan\u00e9s \u2013 Albacete de Copa y s\u00f3lo lo har\u00e1 desde el 15\u2019 en el Legan\u00e9s \u2013 C\u00f3rdoba. Mensajes contra el equipo y, sobre todo, la directiva. \" data-tb-link=\"\" rel=\"nofollow noopener\" target=\"_blank\"><img decoding=\"async\" src=\"https:\/\/www.europesays.com\/es\/wp-content\/uploads\/2025\/12\/CIQP44KAVVL3LIW45IKBCFPQ3A.jpg\" alt=\"La Grada de Animaci\u00f3n del Legan\u00e9s inicia huelga de apoyo\" class=\"\" height=\"9\" width=\"16\"   loading=\"lazy\" data-tb-thumbnail=\"\"\/><\/a><a href=\"https:\/\/as.com\/futbol\/copa_del_rey\/leganes-albacete-en-directo-copa-del-rey-hoy-en-vivo-f202512-n\/\" class=\"s_m_w\" title=\"Legan\u00e9s - Albacete, en directo: Copa del Rey, hoy en vivo \" data-tb-link=\"\" rel=\"nofollow noopener\" target=\"_blank\"><img decoding=\"async\" src=\"https:\/\/www.europesays.com\/es\/wp-content\/uploads\/2025\/12\/VKFWJA6D2VN7LABPZ3GM26BBLE.jpg\" alt=\"Legan\u00e9s - Albacete, en directo: Copa del Rey, hoy en vivo \" class=\"\" height=\"9\" width=\"16\"   loading=\"lazy\" data-tb-thumbnail=\"\"\/><\/a><\/p>\n<p class=\"\">\u201cTras la eliminaci\u00f3n en Copa del Rey de este jueves y los \u00faltimos resultados en la competici\u00f3n liguera, el C.D. Legan\u00e9s ha tomado la decisi\u00f3n de finalizar su relaci\u00f3n contractual con el entrenador del primer equipo, Paco L\u00f3pez. Desde el C.D. Legan\u00e9s le deseamos toda la suerte en su futuro tanto personal como profesional. El entrenador del C.D. Legan\u00e9s \u2018B\u2019, Igor Oca, dirigir\u00e1 la sesi\u00f3n de entrenamiento de este viernes y se sentar\u00e1 en el banquillo el domingo en el partido ante el C\u00f3rdoba C.F. (16:15 horas)\u201d, <a href=\"https:\/\/www.cdleganes.com\/comunicado-oficial-paco-lopez\" target=\"_self\" rel=\"nofollow noopener\" title=\"https:\/\/www.cdleganes.com\/comunicado-oficial-paco-lopez\">anunciaba el club minutos despu\u00e9s<\/a> de las 22 horas de este jueves.<\/p>\n<p class=\"\"><b>\u00a1Tus opiniones importan!<\/b> Comenta en los art\u00edculos y suscr\u00edbete gratis a nuestra <a href=\"https:\/\/asfan.as.com\/newsletters\/\" target=\"_blank\" rel=\"nofollow noopener\" title=\"https:\/\/asfan.as.com\/newsletters\/\">newsletter<\/a> y a las alertas informativas en la <a href=\"https:\/\/as.com\/aplicacion-de-as-n\/\" target=\"_blank\" rel=\"nofollow noopener\" title=\"https:\/\/as.com\/aplicacion-de-as-n\/\">App<\/a> o el canal de <a href=\"https:\/\/www.whatsapp.com\/channel\/0029VaAasdA7j6g745nz9M10\" target=\"_blank\" rel=\"nofollow noopener\" title=\"https:\/\/www.whatsapp.com\/channel\/0029VaAasdA7j6g745nz9M10\">WhatsApp<\/a>. \u00bfBuscas licenciar contenido? Haz clic <a href=\"https:\/\/profesional.elpais.com\/soluciones-sindicacion?utm_medium=interno&amp;utm_source=crosslinking&amp;utm_campaign=sindicacion_as_pie_articulos\" target=\"_blank\" rel=\"nofollow noopener\" title=\"https:\/\/profesional.elpais.com\/soluciones-sindicacion?utm_medium=interno&amp;utm_source=crosslinking&amp;utm_campaign=sindicacion_as_pie_articulos\">aqu\u00ed<\/a><\/p>\n","protected":false},"excerpt":{"rendered":"El Legan\u00e9s ha destituido a Paco L\u00f3pez en una decisi\u00f3n inminente tras la eliminaci\u00f3n en Copa del Rey&hellip;\n","protected":false},"author":2,"featured_media":272053,"comment_status":"","ping_status":"","sticky":false,"template":"","format":"standard","meta":{"footnotes":""},"categories":[268],"tags":[168,25,24,280,282,281,23,167],"class_list":{"0":"post-272052","1":"post","2":"type-post","3":"status-publish","4":"format-standard","5":"has-post-thumbnail","7":"category-futbol","8":"tag-deportes","9":"tag-es","10":"tag-espana","11":"tag-football","12":"tag-futbol","13":"tag-soccer","14":"tag-spain","15":"tag-sports"},"share_on_mastodon":{"url":"https:\/\/pubeurope.com\/@es\/115665694424918514","error":""},"_links":{"self":[{"href":"https:\/\/www.europesays.com\/es\/wp-json\/wp\/v2\/posts\/272052","targetHints":{"allow":["GET"]}}],"collection":[{"href":"https:\/\/www.europesays.com\/es\/wp-json\/wp\/v2\/posts"}],"about":[{"href":"https:\/\/www.europesays.com\/es\/wp-json\/wp\/v2\/types\/post"}],"author":[{"embeddable":true,"href":"https:\/\/www.europesays.com\/es\/wp-json\/wp\/v2\/users\/2"}],"replies":[{"embeddable":true,"href":"https:\/\/www.europesays.com\/es\/wp-json\/wp\/v2\/comments?post=272052"}],"version-history":[{"count":0,"href":"https:\/\/www.europesays.com\/es\/wp-json\/wp\/v2\/posts\/272052\/revisions"}],"wp:featuredmedia":[{"embeddable":true,"href":"https:\/\/www.europesays.com\/es\/wp-json\/wp\/v2\/media\/272053"}],"wp:attachment":[{"href":"https:\/\/www.europesays.com\/es\/wp-json\/wp\/v2\/media?parent=272052"}],"wp:term":[{"taxonomy":"category","embeddable":true,"href":"https:\/\/www.europesays.com\/es\/wp-json\/wp\/v2\/categories?post=272052"},{"taxonomy":"post_tag","embeddable":true,"href":"https:\/\/www.europesays.com\/es\/wp-json\/wp\/v2\/tags?post=272052"}],"curies":[{"name":"wp","href":"https:\/\/api.w.org\/{rel}","templated":true}]}}