{"id":272054,"date":"2025-12-05T07:06:23","date_gmt":"2025-12-05T07:06:23","guid":{"rendered":"https:\/\/www.europesays.com\/es\/272054\/"},"modified":"2025-12-05T07:06:23","modified_gmt":"2025-12-05T07:06:23","slug":"entramos-en-la-gran-fiesta-de-sonsoles-onega-en-madrid-para-celebrar-el-estreno-de-la-serie-las-hijas-de-la-criada","status":"publish","type":"post","link":"https:\/\/www.europesays.com\/es\/272054\/","title":{"rendered":"Entramos en la gran fiesta de Sonsoles \u00d3nega en Madrid para celebrar el estreno de la serie &#8216;Las hijas de la criada&#8217;"},"content":{"rendered":"<p id=\"euq21TZc6U\" data-wc=\"105\">Desde\u00a0que public\u00f3 la novela <strong>Las hijas de la criada<\/strong><strong>, hace justo dos a\u00f1os, Sonsoles \u00d3nega no ha parado de llevarse alegr\u00edas<\/strong>: la novela gan\u00f3 el Premio Planeta en 2023, <a class=\"hm-link ho-link\" href=\"https:\/\/www.hola.com\/actualidad\/20250731847018\/sonsoles-onega-balance-temporada-mas-intensa-ha-sido-dificil-tengo-ganas-tener-tiempo\/\" data-mrf-recirculation=\"article-body-link\" rel=\"nofollow noopener\" target=\"_blank\">se convirti\u00f3 en uno de los libros m\u00e1s vendidos del a\u00f1o pasado<\/a> y ahora acaba de saltar a la<strong>\u00a0peque\u00f1a pantalla de la mejor forma<\/strong>: la adaptaci\u00f3n en serie de La hijas de la criada \u2014que cuenta con un reparto encabezado por Ver\u00f3nica S\u00e1nchez, Alain Hern\u00e1ndez, Carlota Bar\u00f3 y Martina Cariddi, a quien conocimos en \u00c9lite\u2014. aterriz\u00f3 en Atresplayer el domingo 30, convirti\u00e9ndose en el <strong>mejor estreno de la plataforma de los \u00faltimos tres a\u00f1os.<\/strong><\/p>\n<p>  <img src=\"https:\/\/www.europesays.com\/es\/wp-content\/uploads\/2025\/12\/6c008c79d3ac-ffjt2355r.jpg\"   width=\"1080\" height=\"1080\" loading=\"lazy\" decoding=\"async\" alt=\"Sonsoles \u00d3nega con las protagonistas de su nueva serie\" fetchpriority=\"auto\" class=\"image ho-image\"\/>\u00a9 Fernando JuncoSonsoles, con algunas de las actrices de la adaptaci\u00f3n televisiva de \u00abLas hijas de la criada\u00bb: Carlota Bar\u00f3; Judith Fern\u00e1ndez, con un vestido de lo m\u00e1s atrevido; y Martina Cariddi, quien salt\u00f3 a la fama con \u00ab\u00c9lite\u00bb<\/p>\n<p class=\"HOLA-TEMAS_5a--TEXTO-NORMAL\" id=\"eVEwbow2r92C\" data-wc=\"58\">D\u00edas antes, la ficci\u00f3n se present\u00f3 por todo lo alto: con su <strong>premier en la Gran V\u00eda madrile\u00f1a y una fiesta posterior,<\/strong> a la que \u00a1HOLA! fue invitada. All\u00ed, S<a class=\"hm-link ho-link\" href=\"https:\/\/www.hola.com\/actualidad\/20250728846632\/asi-es-la-serie-ambientada-en-galicia-que-une-el-universo-de-sonsoles-onega-con-la-esencia-de-downton-abbey\/\" data-mrf-recirculation=\"article-body-link\" rel=\"nofollow noopener\" target=\"_blank\">onsoles lo celebr\u00f3 con el equipo de la serie y algunos de sus seres queridos<\/a>, entre los que estaba el inversor Juan Montes, con el que lleva dos a\u00f1os.<\/p>\n<p>  <img src=\"https:\/\/www.europesays.com\/es\/wp-content\/uploads\/2025\/12\/e212d066dd68-ffjt1761rcut.jpg\"   width=\"1080\" height=\"1800\" loading=\"lazy\" decoding=\"async\" alt=\"Sonsoles Onega\" fetchpriority=\"auto\" class=\"image ho-image\"\/>\u00a9 Fernando JuncoSonsoles posa para \u00a1HOLA!, en la fiesta posterior a la premier de \u00abLas hijas de la criada\u00bb, en la Gran V\u00eda madrile\u00f1a<\/p>\n<p class=\"HOLA-TEMAS_5b--PREGUNTA-NEGRITA question-s1\" id=\"ec2niewH20BM\" data-wc=\"20\"><strong>Vaya viaje est\u00e1s viviendo con Las hijas de la criada. \u00bfC\u00f3mo te sientes tras el estreno en plena Gran V\u00eda?<\/strong><\/p>\n<p class=\"HOLA-TEMAS_5a--TEXTO-NORMAL answer-s1\" id=\"eUAL2Hhyzaca\" data-wc=\"39\">Fue una <strong>experiencia maravillosa, totalmente nueva\u00a0<\/strong>para m\u00ed\u2026 \u00a1y en un escenario que ni en mis mejores sue\u00f1os! <a class=\"hm-link ho-link\" href=\"https:\/\/www.hola.com\/actualidad\/20251121868387\/ana-rosa-quintana-nuria-roca-susanna-griso-isabel-jimenez-sonsoles-onega-dia-mundial-de-la-television\/\" data-mrf-recirculation=\"article-body-link\" rel=\"nofollow noopener\" target=\"_blank\">Lo mejor fue ver las primeras reacciones de los espectadores<\/a> porque no soy objetiva. Yo me he rendido a esta adaptaci\u00f3n.<\/p>\n<p>  <img src=\"https:\/\/www.europesays.com\/es\/wp-content\/uploads\/2025\/12\/1379d167d4c1-u595764098.jpg\"   width=\"1920\" height=\"1080\" loading=\"lazy\" decoding=\"async\" alt=\"Sonsoles Onega en la premiere de su nueva serie\" fetchpriority=\"auto\" class=\"image ho-image\"\/>\u00a9 AgenciasSaludando a fans en el estreno<\/p>\n<p class=\"HOLA-TEMAS_5b--PREGUNTA-NEGRITA question-s1\" id=\"eSRiJgCc767w\" data-wc=\"10\"><strong>\u00bfQu\u00e9 has sentido al ver tu novela en la pantalla?<\/strong><\/p>\n<p class=\"HOLA-TEMAS_5a--TEXTO-NORMAL answer-s1\" id=\"exF9OqviAvvW\" data-wc=\"42\">Me ha emocionado <strong>escuchar los di\u00e1logos de la novela en la voz de actores y actrices tan potentes.<\/strong> Descubrir las emociones que, en el papel, se cuentan de otra manera y, sobre todo, ver Galicia<strong>. Es impresionante la fotograf\u00eda de esta serie.<\/strong><\/p>\n<p>  <img src=\"https:\/\/www.europesays.com\/es\/wp-content\/uploads\/2025\/12\/3bf3f24f192f-ffjt1802r.jpg\"   width=\"1080\" height=\"1080\" loading=\"lazy\" decoding=\"async\" alt=\"Sonsoles Onega en el estreno de su nueva serie\" fetchpriority=\"auto\" class=\"image ho-image\"\/>\u00a9 Fernando JuncoSonsoles felicita a Alain Hern\u00e1ndez, protagonista de la adaptaci\u00f3n televisiva, ante el novio de la presentadora, Juan Montes, y Mar\u00eda del Monte<\/p>\n<p class=\"HOLA-TEMAS_5b--PREGUNTA-NEGRITA question-s1\" id=\"eTklsjXzoJ7d\" data-wc=\"12\"><strong>A la premier fue parte de tu familia. \u00bfQu\u00e9 te ha dicho?<\/strong><\/p>\n<p class=\"HOLA-TEMAS_5a--TEXTO-NORMAL answer-s1\" id=\"e0AmQSImP4gc\" data-wc=\"25\">Me acompa\u00f1aron <strong>mi hermana Cristina<\/strong>, que es muy cr\u00edtica, y <strong>mi hermano Fernando,<\/strong> que es muy listo. Los dos estaban muy contentos. Les gust\u00f3 mucho.<\/p>\n<p>  <img src=\"https:\/\/www.europesays.com\/es\/wp-content\/uploads\/2025\/12\/62d3bb3eaa2c-ffjt2443r.jpg\"   width=\"1080\" height=\"1080\" loading=\"lazy\" decoding=\"async\" alt=\"Mar\u00eda Bernardeau y su novio\" fetchpriority=\"auto\" class=\"image ho-image\"\/>\u00a9 Fernando JuncoAbajo, Mar\u00eda Bernardeau y su novio, el actor Miguel Hern\u00e1ndez, que se pasaron por la fiesta<\/p>\n<p class=\"HOLA-TEMAS_5b--PREGUNTA-NEGRITA question-s1\" id=\"eACa1vybb7tD\" data-wc=\"28\"><strong>No vimos a tu padre. \u00bfC\u00f3mo se encuentra \u00e9l, que acabamos de saber que se someti\u00f3 a un transplante de ri\u00f1\u00f3n? \u2014se lo don\u00f3 la mujer del periodista\u2014.\u00a0<\/strong><\/p>\n<p class=\"HOLA-TEMAS_5a--TEXTO-NORMAL ParaOverride-3 answer-s1\" id=\"epJfXZcP_usX\" data-wc=\"6\">Est\u00e1 fenomenal. <a class=\"hm-link ho-link\" href=\"https:\/\/www.hola.com\/actualidad\/20251109866518\/la-confesion-fernando-onega-mi-mujer-me-ha-donado-un-rinon\/\" data-mrf-recirculation=\"article-body-link\" rel=\"nofollow noopener\" target=\"_blank\">Ha sido un milagro<\/a>.<\/p>\n<p class=\"HOLA-TEMAS_5b--PREGUNTA-NEGRITA question-s1\" id=\"ejHzaGn90WLx\" data-wc=\"5\"><strong>\u00bfQu\u00e9 planes tienes para Navidades?<\/strong><\/p>\n<p class=\"HOLA-TEMAS_5a--TEXTO-NORMAL answer-s1\" id=\"ewuDL_HlDEdT\" data-wc=\"36\">Como siempre, <strong>en familia, y trabajando hasta que me coja unos d\u00edas.<\/strong> Necesito procesar el arranque de la temporada y <strong>preparar el lanzamiento de la nueva novela a partir de febrero<\/strong>. \u00a1El a\u00f1o viene a tope!<\/p>\n<p>  <img src=\"https:\/\/www.europesays.com\/es\/wp-content\/uploads\/2025\/12\/1a5ce9ec8b02-ffjt1676r.jpg\"   width=\"1080\" height=\"1080\" loading=\"lazy\" decoding=\"async\" alt=\"Mar\u00eda Jos\u00e9 Su\u00e1rez\" fetchpriority=\"auto\" class=\"image ho-image\"\/>\u00a9 Fernando JuncoMar\u00eda Jos\u00e9 Su\u00e1rez, en la celebraci\u00f3n<\/p>\n<p>  <img src=\"https:\/\/www.europesays.com\/es\/wp-content\/uploads\/2025\/12\/a9cebfa79f0f-ep-fiesta-serie-sonsoles-onega-4.jpg\"   width=\"1080\" height=\"1080\" loading=\"lazy\" decoding=\"async\" alt=\"Mar\u00eda del Monte e Inmaculada Casal en la fiesta del estreno de Sonsoles Onega\" fetchpriority=\"auto\" class=\"image ho-image\"\/>\u00a9 Europa PressLa cantante y su mujer, Inmaculada Casal<\/p>\n<p>  <img src=\"https:\/\/www.europesays.com\/es\/wp-content\/uploads\/2025\/12\/138f9af28dde-ffjt2017r.jpg\"   width=\"1080\" height=\"1080\" loading=\"lazy\" decoding=\"async\" alt=\"Alain y \u00c1lex Villaz\u00e1n, otro actor de la serie\" fetchpriority=\"auto\" class=\"image ho-image\"\/>\u00a9 Fernando JuncoAlain y \u00c1lex Villaz\u00e1n, otro actor de la serie<\/p>\n<p>Mar\u00eda Bernardeau, sin parar<\/p>\n<p class=\"HOLA-TEMAS_5a--TEXTO-NORMAL\" id=\"eVXbOuvRQLD9\" data-wc=\"126\">A la fiesta de Las hijas de la criada, tambi\u00e9n acudi\u00f3 <strong>Mar\u00eda Bernardeau con su novio, Miguel Hern\u00e1ndez,\u00a0<\/strong>de quien se enamor\u00f3 durante el rodaje de la serie F\u00edsica o qu\u00edmica. La nueva generaci\u00f3n. La hija de Ana Duato nos cont\u00f3 que la nueva temporada de la ficci\u00f3n se grabar\u00e1 en 2026 y lo har\u00e1 con su novio.<a class=\"hm-link ho-link\" href=\"https:\/\/www.hola.com\/actualidad\/20250220815566\/miguel-fernandez-maria-bernardeau-fisica-o-quimica-nueva-generacion\/\" data-mrf-recirculation=\"article-body-link\" rel=\"nofollow noopener\" target=\"_blank\">\u00a0\u00abTrabajar con tu pareja es maravilloso, lo mejor del mundo. Quien diga lo contrario, que lo deje con su pareja\u00bb, nos dijo Mar\u00eda,<\/a> que ha aprovechado estos meses de par\u00f3n: \u00ab<strong>Me estoy formando como actriz y estoy estudiando Artes Fundamentales\u00a0<\/strong>en una escuela maravillosa que hay en el C\u00edrculo de Bellas Artes. Ya termin\u00e9 la carrera \u2014de Bellas Artes\u2014 y estoy haciendo esto, que es como un m\u00e1ster\u00bb.<\/p>\n<p>  <img src=\"https:\/\/www.europesays.com\/es\/wp-content\/uploads\/2025\/12\/b98ca3807a5f-u595764001.jpg\"   width=\"1080\" height=\"1080\" loading=\"lazy\" decoding=\"async\" alt=\"Roberto Leal en el estreno de la nueva serie de Sonsoles Onega\" fetchpriority=\"auto\" class=\"image ho-image\"\/>\u00a9 AgenciasRoberto Leal<\/p>\n<p>  <img src=\"https:\/\/www.europesays.com\/es\/wp-content\/uploads\/2025\/12\/18d752d613f2-u595764012.jpg\"   width=\"1080\" height=\"1080\" loading=\"lazy\" decoding=\"async\" alt=\"Manuel Fuentes en el estreno de la nueva serie de Sonsoles Onega\" fetchpriority=\"auto\" class=\"image ho-image\"\/>\u00a9 AgenciasManuel Fuentes<\/p>\n<p>  <img src=\"https:\/\/www.europesays.com\/es\/wp-content\/uploads\/2025\/12\/cdf20b53bd45-u595764015.jpg\"   width=\"1080\" height=\"1080\" loading=\"lazy\" decoding=\"async\" alt=\"Cristina Pedroche\" fetchpriority=\"auto\" class=\"image ho-image\"\/>\u00a9 AgenciasCristina Pedroche<\/p>\n<p class=\"HOLA-TEMAS_5a--TEXTO-NORMAL ParaOverride-3\" id=\"eMz3VzgwWY8Q\" data-wc=\"42\">Mar\u00eda <strong>nos habl\u00f3 de su madre<\/strong>, quien ha vuelto al teatro con la obra La m\u00fasica: <strong>Ana Duato est\u00e1 \u00abtotalmente\u00bb tranquila<\/strong>, tras saberse que <strong>Hacienda recurrir\u00e1 su absoluci\u00f3n del caso Nummaria<\/strong>. \u00abEst\u00e1 perfectamente y a tope, que tiene gira con la obra\u00bb.<\/p>\n","protected":false},"excerpt":{"rendered":"Desde\u00a0que public\u00f3 la novela Las hijas de la criada, hace justo dos a\u00f1os, Sonsoles \u00d3nega no ha parado&hellip;\n","protected":false},"author":2,"featured_media":272055,"comment_status":"","ping_status":"","sticky":false,"template":"","format":"standard","meta":{"footnotes":""},"categories":[174],"tags":[3900,517,255,3899,146,147,25,24,256,2056,23],"class_list":{"0":"post-272054","1":"post","2":"type-post","3":"status-publish","4":"format-standard","5":"has-post-thumbnail","7":"category-famosos","8":"tag-hola","9":"tag-actualidad","10":"tag-celebrities","11":"tag-contenido-sensible","12":"tag-entertainment","13":"tag-entretenimiento","14":"tag-es","15":"tag-espana","16":"tag-famosos","17":"tag-sonsoles-onega","18":"tag-spain"},"share_on_mastodon":{"url":"https:\/\/pubeurope.com\/@es\/115665698009458738","error":""},"_links":{"self":[{"href":"https:\/\/www.europesays.com\/es\/wp-json\/wp\/v2\/posts\/272054","targetHints":{"allow":["GET"]}}],"collection":[{"href":"https:\/\/www.europesays.com\/es\/wp-json\/wp\/v2\/posts"}],"about":[{"href":"https:\/\/www.europesays.com\/es\/wp-json\/wp\/v2\/types\/post"}],"author":[{"embeddable":true,"href":"https:\/\/www.europesays.com\/es\/wp-json\/wp\/v2\/users\/2"}],"replies":[{"embeddable":true,"href":"https:\/\/www.europesays.com\/es\/wp-json\/wp\/v2\/comments?post=272054"}],"version-history":[{"count":0,"href":"https:\/\/www.europesays.com\/es\/wp-json\/wp\/v2\/posts\/272054\/revisions"}],"wp:featuredmedia":[{"embeddable":true,"href":"https:\/\/www.europesays.com\/es\/wp-json\/wp\/v2\/media\/272055"}],"wp:attachment":[{"href":"https:\/\/www.europesays.com\/es\/wp-json\/wp\/v2\/media?parent=272054"}],"wp:term":[{"taxonomy":"category","embeddable":true,"href":"https:\/\/www.europesays.com\/es\/wp-json\/wp\/v2\/categories?post=272054"},{"taxonomy":"post_tag","embeddable":true,"href":"https:\/\/www.europesays.com\/es\/wp-json\/wp\/v2\/tags?post=272054"}],"curies":[{"name":"wp","href":"https:\/\/api.w.org\/{rel}","templated":true}]}}