{"id":272056,"date":"2025-12-05T07:07:09","date_gmt":"2025-12-05T07:07:09","guid":{"rendered":"https:\/\/www.europesays.com\/es\/272056\/"},"modified":"2025-12-05T07:07:09","modified_gmt":"2025-12-05T07:07:09","slug":"20-anos-de-cimientos-solidos","status":"publish","type":"post","link":"https:\/\/www.europesays.com\/es\/272056\/","title":{"rendered":"20 a\u00f1os de cimientos s\u00f3lidos"},"content":{"rendered":"<p class=\"ft-text\">Fraga do Al\u00e9n, Casa de Don \u00c1lvaro, la rehabilitaci\u00f3n del cenobio de Carboeiro o la reforma de la Cafeter\u00eda Camilo de Lal\u00edn tienen en com\u00fan llevar la firma de Promove Arquitectura. La empresa cumple hoy 20 a\u00f1os desde que dos amigos, Abel Mato y Pablo Dafonte, decidieran establecerse por su cuenta. Dos d\u00e9cadas despu\u00e9s, ocho empleados trabajan en la sede de Promove Arquitectura y otras siete en Arela, una filial especializada en trabajos de construcci\u00f3n.<\/p>\n<p class=\"ft-text\">Los dos fundadores formaban parte de una empresa que se llamaba Industrias Gonz\u00e1lez. Pablo estaba en el departamento de aluminio y Abel en el de ferralla y forjados. Los dos ten\u00edan las mismas inquietudes y visi\u00f3n de futuro para hacer algo distinto y no instalarse en la comodidad. \u00abEntre los dos decidimos iniciar una nueva etapa profesional haciendo un estudio de arquitectura y de realizaci\u00f3n integral de proyectos\u00bb, recuerdan ambos mientras echan la vista atr\u00e1s con motivo de su cumplea\u00f1os. Promove es un estudio de arquitectura, dise\u00f1o y obra formado por un grupo multidisciplinar y din\u00e1mico que desarrolla proyectos de arquitectura, urbanismo, dise\u00f1o de interiores y paisajismo, tanto en el \u00e1mbito privado como p\u00fablico. \u00abNo somos nada comparados con otros estudios de arquitectura a nivel de Galicia, pero s\u00ed que ya tenemos cierto reconocimiento al menos comarcal. Tenemos que estar contentos por esta andadura de 20 a\u00f1os y participar en proyectos que tienen repercusi\u00f3n dezana e incluso regional\u00bb, explican Mato y Dafonte haciendo balance de lo que se ha conseguido en todos estos a\u00f1os trabajando en un sector tan cambiante.<\/p>\n<p class=\"ft-text\">Y en cuanto a lo que est\u00e1 por venir, indican que \u00abno s\u00e9 si tocamos techo. Simplemente, lo que s\u00ed conseguimos durante estas dos d\u00e9cadas es hacer un equipo creo que con cierta solvencia t\u00e9cnica, profesional y hasta dir\u00eda humano, que para nosotros es sumamente importante. Creo que <a class=\"ft-link ft-link--decoration\" href=\"https:\/\/www.farodevigo.es\/tags\/podemos\/\" rel=\"nofollow noopener\" target=\"_blank\">podemos<\/a> aspirar a m\u00e1s cosas. En eso estamos, en poder enfocarnos a hacer los mismos trabajos que hicimos siempre \u2013desde peque\u00f1os locales comerciales, viviendas unifamiliares y proyectos de mayor envergadura\u2013 porque creemos que en estos momentos tenemos esa capacidad de trabajo. Y tambi\u00e9n desde el punto de vista t\u00e9cnico porque tenemos personal muy cualificado dentro del estudio como para poder desarrollar esos proyectos\u00bb. Lo mismo sucede con los trabajos realizados, que ponen todos a un nivel semejante: \u00abHablando en el nombre de Promove, no dir\u00edamos que ninguno de nuestros proyectos est\u00e1 por encima de otro. Creemos que todos los proyectos tienen algo de singularidad, de diferente, que los hacen distinto a los dem\u00e1s. Y no por su grandeza en referencia al gasto que supuso hacer ese trabajo, porque los proyectos a veces son muy enriquecedores a nivel profesional y otros que no te dicen tanto.<\/p>\n<p class=\"ft-text\"><strong>Fraga do Al\u00e9n<\/strong><\/p>\n<p class=\"ft-text\">Sin embargo, hay un trabajo que sobresale. \u00abA lo mejor en el \u00faltimo a\u00f1o destac\u00f3 por encima de todos ellos Fraga do Al\u00e9n porque para nosotros en concreto es como la c\u00faspide de la pir\u00e1mide porque supuso un esfuerzo muy grande tanto en su concepci\u00f3n como en su desarrollo y ejecuci\u00f3n. Hoy podemos decir que tenemos premios e incluso reconocimientos internacionales. Es un proyecto que gente ajena a nosotros que lo valor\u00f3 como algo muy positivo y a tener en cuenta\u00bb, dicen Mato y Dafonte. Y a\u00f1aden que \u00absiempre dec\u00edamos que ten\u00edamos que estar en un espacio en el que hubiera vida cuando all\u00ed te\u00f3ricamente est\u00e1 la muerte presente en todo momento. Cuando entras dentro creo se respira vida tambi\u00e9n. La arquitectura que se desarroll\u00f3 en Fraga do Al\u00e9n puede gustar o no, pero dentro de unos a\u00f1os tendr\u00e1 mucha m\u00e1s presencia toda esa arboleda que se plant\u00f3. Ser\u00e1 ese bosque donde se entierran personas pero a su vez pude haber vida. El m\u00e9rito es de nuestro colaborador y amigo, Mart\u00edn Toimil. Una mente brillante como la suya tiene esta visi\u00f3n distinta que ayuda a concebir cosas que nosotros despu\u00e9s intentamos asentarlas y hacerlas posibles\u00bb.<\/p>\n<p class=\"ft-text\">Promove atisba un futuro en el que \u00ablo \u00fanico que queremos es seguir haciendo proyectos como los hechos en los \u00faltimos a\u00f1os. Los trabajos p\u00fablicos como Fraga do Al\u00e9n, la intervenci\u00f3n el IES Lucus Augusti de Lugo, o la de la Casa de \u00c1lvaro, con Javier Bugallo, tambi\u00e9n est\u00e1n siendo valorados positivamente. Dentro de 20 a\u00f1os nos vemos m\u00e1s mayores y siguiendo poder contar con un equipo que nos apoye de sabia nueva, que enriquezca este proyecto, e intentando participar en trabajos que nos motiven, que nos gusten y que nos hagan alcanzar esas nuevas metas como colectivo\u00bb, apostillan los creadores de la empresa<\/p>\n","protected":false},"excerpt":{"rendered":"Fraga do Al\u00e9n, Casa de Don \u00c1lvaro, la rehabilitaci\u00f3n del cenobio de Carboeiro o la reforma de la&hellip;\n","protected":false},"author":2,"featured_media":272057,"comment_status":"","ping_status":"","sticky":false,"template":"","format":"standard","meta":{"footnotes":""},"categories":[173],"tags":[4248,988,801,229,233,231,230,62073,232,234,146,147,25,24,367,66732,5699,23,2752],"class_list":{"0":"post-272056","1":"post","2":"type-post","3":"status-publish","4":"format-standard","5":"has-post-thumbnail","7":"category-arte-y-diseno","8":"tag-4248","9":"tag-anos","10":"tag-arquitectura","11":"tag-arte","12":"tag-arte-y-diseno","13":"tag-arts","14":"tag-arts-and-design","15":"tag-cimientos","16":"tag-design","17":"tag-diseno","18":"tag-entertainment","19":"tag-entretenimiento","20":"tag-es","21":"tag-espana","22":"tag-familia","23":"tag-promove","24":"tag-rehabilitacion","25":"tag-spain","26":"tag-trabajo"},"share_on_mastodon":{"url":"","error":""},"_links":{"self":[{"href":"https:\/\/www.europesays.com\/es\/wp-json\/wp\/v2\/posts\/272056","targetHints":{"allow":["GET"]}}],"collection":[{"href":"https:\/\/www.europesays.com\/es\/wp-json\/wp\/v2\/posts"}],"about":[{"href":"https:\/\/www.europesays.com\/es\/wp-json\/wp\/v2\/types\/post"}],"author":[{"embeddable":true,"href":"https:\/\/www.europesays.com\/es\/wp-json\/wp\/v2\/users\/2"}],"replies":[{"embeddable":true,"href":"https:\/\/www.europesays.com\/es\/wp-json\/wp\/v2\/comments?post=272056"}],"version-history":[{"count":0,"href":"https:\/\/www.europesays.com\/es\/wp-json\/wp\/v2\/posts\/272056\/revisions"}],"wp:featuredmedia":[{"embeddable":true,"href":"https:\/\/www.europesays.com\/es\/wp-json\/wp\/v2\/media\/272057"}],"wp:attachment":[{"href":"https:\/\/www.europesays.com\/es\/wp-json\/wp\/v2\/media?parent=272056"}],"wp:term":[{"taxonomy":"category","embeddable":true,"href":"https:\/\/www.europesays.com\/es\/wp-json\/wp\/v2\/categories?post=272056"},{"taxonomy":"post_tag","embeddable":true,"href":"https:\/\/www.europesays.com\/es\/wp-json\/wp\/v2\/tags?post=272056"}],"curies":[{"name":"wp","href":"https:\/\/api.w.org\/{rel}","templated":true}]}}