{"id":272058,"date":"2025-12-05T07:09:11","date_gmt":"2025-12-05T07:09:11","guid":{"rendered":"https:\/\/www.europesays.com\/es\/272058\/"},"modified":"2025-12-05T07:09:11","modified_gmt":"2025-12-05T07:09:11","slug":"suceso-sin-precedentes-en-la-revuelta-el-programa-obligado-a-censurar-a-un-espectador","status":"publish","type":"post","link":"https:\/\/www.europesays.com\/es\/272058\/","title":{"rendered":"Suceso sin precedentes en \u2018La Revuelta\u2019: el programa, obligado a censurar a un espectador"},"content":{"rendered":"<p class=\"\">Este <b>jueves 4 de diciembre<\/b>, <b>\u2018El Hormiguero\u2019 y \u2018La Revuelta\u2019<\/b> protagonizaron su \u00faltimo enfrentamiento de la semana por el dominio del \u2018access prime time\u2019, conocida com\u00fanmente como la franja de m\u00e1xima audiencia de la televisi\u00f3n en Espa\u00f1a. Mientras que <b>Pablo Motos recibi\u00f3 la visita de \u00d3scar Casas<\/b>, <b>Dani Rovira fue el protagonista encima del escenario del Teatro Pr\u00edncipe Gran V\u00eda.<\/b><\/p>\n<p class=\"\">El encuentro entre el int\u00e9rprete nacido en M\u00e1laga y David Broncano sigui\u00f3 la tendencia que tanto caracteriza al espacio insignia de la televisi\u00f3n p\u00fablica. Las <b>bromas, risas y comentarios con tono humor\u00edstico<\/b> fueron constantes, mostrando la <b>gran conexi\u00f3n existente entre el actor, el presentador nacido en Santiago de Compostela y sus fieles compa\u00f1eros de fatigas: Grison y Ricardo Castella<\/b>. <\/p>\n<p class=\"\">Sin embargo, momentos antes de la entrada de Dani Rovira, tuvo lugar un <b>suceso pocas veces visto en la corta historia de \u2018La Revuelta\u2019<\/b>. Y es que, Broncano, nada m\u00e1s llegar al escenario, se quiso dirigir a varios de los espectadores m\u00e1s destacados del p\u00fablico. Al dirigirse al ubicado en el bid\u00e9, premio que recibe la <b>persona m\u00e1s \u2018odiada\u2019 por parte del respetable<\/b>, algo raro se vio en pantalla: <b>la figura estaba pixelada y su voz, distorsionada<\/b>.<\/p>\n<p class=\"\"><b>\u201c\u00bfEste chaval qu\u00e9?\u201d,<\/b> pregunt\u00f3 el televisivo. <b>\u201cEse chaval nos cae mal, pero ma\u00f1ana nos va a dar m\u00e1s pena. Le han puesto en el bid\u00e9 porque ahora mismo deber\u00eda estar trabajando\u201d<\/b>, revel\u00f3 Sergio Bezos. <b>\u201cA ver, estoy aqu\u00ed porque le he sacado dos entradas para su show\u201d<\/b>, comenz\u00f3 la figura distorsionada.<\/p>\n<p>\u201cNo quiero perder mi trabajo\u201d<\/p>\n<p class=\"\"><b>\u201cLo estoy pasando mal, lo digo en serio<\/b>. Todo el mundo me ha juzgado muy r\u00e1pido, pero yo llevo\u2026 <b>Tengo la custodia compartida, tengo ni\u00f1os, entonces lo paso mal para poder encajar las vacaciones.<\/b> Entonces, hoy he dicho que estoy malo para poder venir. <b>Lo estoy pasando mal, no quiero perder mi trabajo\u201d<\/b>, se justific\u00f3 el hombre.<\/p>\n<p>Noticias relacionadas<a href=\"https:\/\/as.com\/tikitakas\/television\/pedro-ruiz-defiende-el-hormiguero-en-pleno-directo-de-la-revuelta-no-estamos-en-un-pais-libre-f202512-n\/\" class=\"s_m_w\" title=\"El m\u00edtico presentador de TVE explic\u00f3 a Broncano su sano y variado gusto televisivo, as\u00ed como su costumbre de ver todos los formatos que puede.\" data-tb-link=\"\" rel=\"nofollow noopener\" target=\"_blank\"><img decoding=\"async\" src=\"https:\/\/www.europesays.com\/es\/wp-content\/uploads\/2025\/12\/1764918550_661_LUY53D2EANHZBJRMQJTMVZUZS4.jpg\" alt=\"Pedro Ruiz defiende \u2018El Hormiguero\u2019 en pleno directo de \u2018La Revuelta\u2019: \u201c\u00bfNo estamos en un pa\u00eds libre?&quot;\" class=\"\" height=\"9\" width=\"16\"   loading=\"lazy\" data-tb-thumbnail=\"\"\/><\/a><a href=\"https:\/\/as.com\/tikitakas\/television\/boris-becker-confiesa-en-la-revuelta-su-estrecho-vinculo-con-rafa-nadal-por-aquel-entonces-f202512-n\/\" class=\"s_m_w\" title=\"La leyenda del tenis ha revelado a David Broncano el consejo que dio a Toni Nadal cuando Rafa era un adolescente de 14 a\u00f1os.\" data-tb-link=\"\" rel=\"nofollow noopener\" target=\"_blank\"><img decoding=\"async\" src=\"https:\/\/www.europesays.com\/es\/wp-content\/uploads\/2025\/12\/1764918551_199_ZAK4BOZSWRCKJKCLUVSOZ5IR7A.jpg\" alt=\"Boris Becker confiesa en \u2018La Revuelta\u2019 su estrecho v\u00ednculo con Rafa Nadal: \u201cPor aquel entonces...\u201d\" class=\"\" height=\"9\" width=\"16\"   loading=\"lazy\" data-tb-thumbnail=\"\"\/><\/a><\/p>\n<p class=\"\">Tras conocer la situaci\u00f3n del se\u00f1or, \u00e9l y Broncano <b>llegaron a un acuerdo<\/b>, que desembocar\u00eda en el resultado que se vio en pantalla durante la emisi\u00f3n: <b>cada vez que el hombre sali\u00f3 en plano, lo hac\u00eda pixelado y, cada vez que habl\u00f3, su voz estaba distorsionada<\/b>. De esta manera, <b>su identidad pudo mantenerse en secreto<\/b>.<\/p>\n<p class=\"\"><b>\u00a1Tus opiniones importan!<\/b> Comenta en los art\u00edculos y suscr\u00edbete gratis a nuestra <a href=\"https:\/\/asfan.as.com\/newsletters\/\" target=\"_blank\" rel=\"nofollow noopener\" title=\"https:\/\/asfan.as.com\/newsletters\/\">newsletter<\/a> y a las alertas informativas en la <a href=\"https:\/\/as.com\/aplicacion-de-as-n\/\" target=\"_blank\" rel=\"nofollow noopener\" title=\"https:\/\/as.com\/aplicacion-de-as-n\/\">App<\/a> o el canal de <a href=\"https:\/\/www.whatsapp.com\/channel\/0029VaAasdA7j6g745nz9M10\" target=\"_blank\" rel=\"nofollow noopener\" title=\"https:\/\/www.whatsapp.com\/channel\/0029VaAasdA7j6g745nz9M10\">WhatsApp<\/a>. \u00bfBuscas licenciar contenido? Haz clic <a href=\"https:\/\/profesional.elpais.com\/landing-sindicacion?utm_medium=interno&amp;utm_source=crosslinking&amp;utm_campaign=sindicacion_as_pie_articulos\" target=\"_blank\" rel=\"nofollow noopener\" title=\"https:\/\/profesional.elpais.com\/landing-sindicacion?utm_medium=interno&amp;utm_source=crosslinking&amp;utm_campaign=sindicacion_as_pie_articulos\">aqu\u00ed<\/a><\/p>\n","protected":false},"excerpt":{"rendered":"Este jueves 4 de diciembre, \u2018El Hormiguero\u2019 y \u2018La Revuelta\u2019 protagonizaron su \u00faltimo enfrentamiento de la semana por&hellip;\n","protected":false},"author":2,"featured_media":272059,"comment_status":"","ping_status":"","sticky":false,"template":"","format":"standard","meta":{"footnotes":""},"categories":[171],"tags":[146,147,25,24,23,214],"class_list":{"0":"post-272058","1":"post","2":"type-post","3":"status-publish","4":"format-standard","5":"has-post-thumbnail","7":"category-tv","8":"tag-entertainment","9":"tag-entretenimiento","10":"tag-es","11":"tag-espana","12":"tag-spain","13":"tag-tv"},"share_on_mastodon":{"url":"https:\/\/pubeurope.com\/@es\/115665709889204842","error":""},"_links":{"self":[{"href":"https:\/\/www.europesays.com\/es\/wp-json\/wp\/v2\/posts\/272058","targetHints":{"allow":["GET"]}}],"collection":[{"href":"https:\/\/www.europesays.com\/es\/wp-json\/wp\/v2\/posts"}],"about":[{"href":"https:\/\/www.europesays.com\/es\/wp-json\/wp\/v2\/types\/post"}],"author":[{"embeddable":true,"href":"https:\/\/www.europesays.com\/es\/wp-json\/wp\/v2\/users\/2"}],"replies":[{"embeddable":true,"href":"https:\/\/www.europesays.com\/es\/wp-json\/wp\/v2\/comments?post=272058"}],"version-history":[{"count":0,"href":"https:\/\/www.europesays.com\/es\/wp-json\/wp\/v2\/posts\/272058\/revisions"}],"wp:featuredmedia":[{"embeddable":true,"href":"https:\/\/www.europesays.com\/es\/wp-json\/wp\/v2\/media\/272059"}],"wp:attachment":[{"href":"https:\/\/www.europesays.com\/es\/wp-json\/wp\/v2\/media?parent=272058"}],"wp:term":[{"taxonomy":"category","embeddable":true,"href":"https:\/\/www.europesays.com\/es\/wp-json\/wp\/v2\/categories?post=272058"},{"taxonomy":"post_tag","embeddable":true,"href":"https:\/\/www.europesays.com\/es\/wp-json\/wp\/v2\/tags?post=272058"}],"curies":[{"name":"wp","href":"https:\/\/api.w.org\/{rel}","templated":true}]}}