{"id":272060,"date":"2025-12-05T07:12:32","date_gmt":"2025-12-05T07:12:32","guid":{"rendered":"https:\/\/www.europesays.com\/es\/272060\/"},"modified":"2025-12-05T07:12:32","modified_gmt":"2025-12-05T07:12:32","slug":"comprueba-que-tu-espectaculo-esta-inscrito-en-los-29o-premios-max","status":"publish","type":"post","link":"https:\/\/www.europesays.com\/es\/272060\/","title":{"rendered":"Comprueba que tu espect\u00e1culo est\u00e1 inscrito en los 29\u00ba Premios Max"},"content":{"rendered":"<p>                    &#13;<br \/>\n              <a href=\"https:\/\/www.premiosmax.com\/uploads\/notas_prensa\/redes-espectaculos-inscritos-max-2026_web-1.jpg\" target=\"_blank\" rel=\"nofollow noopener\"><img decoding=\"async\" src=\"https:\/\/www.europesays.com\/es\/wp-content\/uploads\/2025\/12\/500xredes-espectaculos-inscritos-max-2026_web-1.jpg\" class=\"figure-img img-fluid rounded\" alt=\"Comprueba que tu espect\u00e1culo est\u00e1 inscrito en los 29\u00ba Premios Max - M\u00e9rida\"\/><\/a>&#13;<br \/>\n              &#13;<br \/>\n                                                &#13;<\/p>\n<p>La <a href=\"http:\/\/www.fundacionsgae.org\" rel=\"nofollow noopener\" target=\"_blank\">Fundaci\u00f3n SGAE<\/a> anuncia la lista preliminar de espect\u00e1culos inscritos para la 29\u00aa. edici\u00f3n de los <a href=\"https:\/\/www.premiosmax.com\/\" rel=\"nofollow noopener\" target=\"_blank\"><strong>Premios Max de las Artes Esc\u00e9nicas &#8211; M\u00e9rida.<\/strong><\/a> <strong>En esta edici\u00f3n han concurrido un total de 512.<\/strong>\u00a0<\/p>\n<p>El periodo de correcci\u00f3n de datos, as\u00ed como el plazo para la entrega de documentaci\u00f3n complementaria requerida permanecer\u00e1 abierto<strong> hasta el 16\u00a0de diciembre de 2025, a las 23.30 horas.\u00a0<\/strong>Los espect\u00e1culos estrenados entre el 1 y el 15 de diciembre de 2025\u00a0podr\u00e1n entregar la documentaci\u00f3n necesaria\u00a0<strong>hasta el 18 de diciembre de 2025\u00a0a las 23.30h. <\/strong>El plazo de <strong>reclamaciones<\/strong> permanecer\u00e1 abierto hasta el <strong>11 de diciembre de 2025.<\/strong>\u00a0<\/p>\n<p>Puedes enviar la informaci\u00f3n requerida al correo electr\u00f3nico: <a href=\"https:\/\/www.premiosmax.com\/prensa\/422\/comprueba-que-tu-espectaculo-esta-inscrito-en-los-29o-premios-max-merida\/mailto:premiosmax@fundacionsgae.org\" rel=\"nofollow noopener\" target=\"_blank\">premiosmax@fundacionsgae.org<\/a><\/p>\n<p>El listado de espect\u00e1culos admitidos a concurso\u00a0se dar\u00e1 a conocer en la segunda quincena del mes de diciembre.<\/p>\n<p>\u00a0<\/p>\n<p style=\"text-align: center;\"><a href=\"https:\/\/fundacion-sgae.s3.us-east-1.amazonaws.com\/2025\/Premios+Max\/Premios+Max+2026\/LISTADO+PRELIMINAR+XXIX+PREMIOS+MAX.pdf\" rel=\"nofollow noopener\" target=\"_blank\"><strong>Listado preliminar de espect\u00e1culos inscritos 2026 (PDF)<\/strong><\/a><\/p>\n<p style=\"text-align: center;\"><a href=\"https:\/\/www.premiosmax.com\/prensa\/422\/comprueba-que-tu-espectaculo-esta-inscrito-en-los-29o-premios-max-merida\/mailto:premiosmax@fundacionsgae.org\" rel=\"nofollow noopener\" target=\"_blank\">Env\u00eda la informaci\u00f3n requerida<\/a><\/p>\n<p style=\"text-align: center;\"><a href=\"https:\/\/www.premiosmax.com\/seccion\/reglamento-premios-max\/\" rel=\"nofollow noopener\" target=\"_blank\">Consulta el reglamento<\/a><\/p>\n","protected":false},"excerpt":{"rendered":"&#13; &#13; &#13; &#13; La Fundaci\u00f3n SGAE anuncia la lista preliminar de espect\u00e1culos inscritos para la 29\u00aa. edici\u00f3n&hellip;\n","protected":false},"author":2,"featured_media":272061,"comment_status":"","ping_status":"","sticky":false,"template":"","format":"standard","meta":{"footnotes":""},"categories":[93],"tags":[168,25,24,23,167],"class_list":{"0":"post-272060","1":"post","2":"type-post","3":"status-publish","4":"format-standard","5":"has-post-thumbnail","7":"category-deportes","8":"tag-deportes","9":"tag-es","10":"tag-espana","11":"tag-spain","12":"tag-sports"},"share_on_mastodon":{"url":"https:\/\/pubeurope.com\/@es\/115665721600854789","error":""},"_links":{"self":[{"href":"https:\/\/www.europesays.com\/es\/wp-json\/wp\/v2\/posts\/272060","targetHints":{"allow":["GET"]}}],"collection":[{"href":"https:\/\/www.europesays.com\/es\/wp-json\/wp\/v2\/posts"}],"about":[{"href":"https:\/\/www.europesays.com\/es\/wp-json\/wp\/v2\/types\/post"}],"author":[{"embeddable":true,"href":"https:\/\/www.europesays.com\/es\/wp-json\/wp\/v2\/users\/2"}],"replies":[{"embeddable":true,"href":"https:\/\/www.europesays.com\/es\/wp-json\/wp\/v2\/comments?post=272060"}],"version-history":[{"count":0,"href":"https:\/\/www.europesays.com\/es\/wp-json\/wp\/v2\/posts\/272060\/revisions"}],"wp:featuredmedia":[{"embeddable":true,"href":"https:\/\/www.europesays.com\/es\/wp-json\/wp\/v2\/media\/272061"}],"wp:attachment":[{"href":"https:\/\/www.europesays.com\/es\/wp-json\/wp\/v2\/media?parent=272060"}],"wp:term":[{"taxonomy":"category","embeddable":true,"href":"https:\/\/www.europesays.com\/es\/wp-json\/wp\/v2\/categories?post=272060"},{"taxonomy":"post_tag","embeddable":true,"href":"https:\/\/www.europesays.com\/es\/wp-json\/wp\/v2\/tags?post=272060"}],"curies":[{"name":"wp","href":"https:\/\/api.w.org\/{rel}","templated":true}]}}