{"id":272062,"date":"2025-12-05T07:14:10","date_gmt":"2025-12-05T07:14:10","guid":{"rendered":"https:\/\/www.europesays.com\/es\/272062\/"},"modified":"2025-12-05T07:14:10","modified_gmt":"2025-12-05T07:14:10","slug":"serrat-desborda-la-feria-de-guadalajara","status":"publish","type":"post","link":"https:\/\/www.europesays.com\/es\/272062\/","title":{"rendered":"Serrat desborda la Feria de Guadalajara"},"content":{"rendered":"<p class=\"\">Si el afecto se midiera en decibelios, <a href=\"https:\/\/elpais.com\/babelia\/2025-11-22\/serrat-barcelones-y-cantautor-universal.html\" target=\"_self\" rel=\"nofollow noopener\" title=\"https:\/\/elpais.com\/babelia\/2025-11-22\/serrat-barcelones-y-cantautor-universal.html\">Joan Manuel Serrat<\/a> habr\u00eda batido todo r\u00e9cord este jueves, durante su visita a la FIL de Guadalajara. El p\u00fablico que ha logrado entrar a la sala lo ha recibido como el s\u00edmbolo que es en M\u00e9xico \u2014un cari\u00f1o de ida y vuelta\u2014, pero m\u00e1s ruidoso ha sido el que se ha quedado fuera, batallando con los letreros de cupo lleno, al grito de \u201c\u00a1puertas abiertas con Serrat!\u201d. Ya lo dijo su cuate, Joaqu\u00edn Sabina: hay amores que matan y el estruendoso amor de sus seguidores casi termina con un acto que el cantautor ha abandonado molesto, durante un cuarto de hora, por la imposibilidad de escuchar a su interlocutor, su viejo amigo<a href=\"https:\/\/elpais.com\/cultura\/2013\/06\/04\/actualidad\/1370300854_055867.html\" target=\"_self\" rel=\"nofollow noopener\" title=\"https:\/\/elpais.com\/cultura\/2013\/06\/04\/actualidad\/1370300854_055867.html\"> Benito Taibo<\/a>.<\/p>\n<p class=\"\">La camarader\u00eda con Taibo se remonta a los tiempos en los que el artista se exili\u00f3 en M\u00e9xico, perseguido por los \u00faltimos coletazos del franquismo, y de esa complicidad y de sus recuerdos en com\u00fan han hecho gala los amigos una vez se ha reanudado el acto<a href=\"https:\/\/elpais.com\/mexico\/2022-10-22\/el-penultimo-adios-de-joan-manuel-serrat-a-mexico.html\" target=\"_self\" rel=\"nofollow noopener\" title=\"https:\/\/elpais.com\/mexico\/2022-10-22\/el-penultimo-adios-de-joan-manuel-serrat-a-mexico.html\">. \u201cDej\u00e9 de ser alguien que viajaba a M\u00e9xico, para ser alguien que conoc\u00eda M\u00e9xico<\/a>, que lo amaba\u201d, ha rememorado Serrat de aquella \u00e9poca. El p\u00fablico ha optado, esta vez, por recibirlo con un aplauso en lengua de signos, agitando sus manos en el aire para evitar el bullicio que ahuyent\u00f3 al cantautor momentos atr\u00e1s. Tambi\u00e9n el afecto puede ser silencioso. <\/p>\n<p><img decoding=\"auto\" class=\"_re lazyload a_m-h\" height=\"276\"  width=\"414\"  src=\"https:\/\/www.europesays.com\/es\/wp-content\/uploads\/2025\/12\/7TNLHBJOXNFN5GFUSM754EZCKE.jpg\" loading=\"lazy\"\/>Joan Manuel Serrat y Benito Taibo en el di\u00e1logo &#8216;Mil j\u00f3venes con Serrat&#8217;, este jueves.Aggi Gardu\u00f1o<\/p>\n<p class=\"\">La fascinaci\u00f3n es total y es palpable horas antes de que llegue al auditorio, en el lobby del hotel en el que se hospeda. El cantante se sienta en una butaca rodeada de sof\u00e1s. Al lado hay un grupo de amigas charlando y, de repente, una de ellas, cuando lo ve, no puede reprimir la sorpresa: \u201cNo puede ser posible\u201d. Tambi\u00e9n se cruza con la popular periodista <a href=\"https:\/\/elpais.com\/mexico\/2023-11-04\/guadalupe-loaeza-la-alta-sociedad-de-mexico-es-ridicula-cursi-y-mediocre.html\" target=\"_self\" rel=\"nofollow noopener\" title=\"https:\/\/elpais.com\/mexico\/2023-11-04\/guadalupe-loaeza-la-alta-sociedad-de-mexico-es-ridicula-cursi-y-mediocre.html\">Guadalupe Loaeza<\/a>, que no puede resistir la tentaci\u00f3n de pedirle un selfi y contarle lo que el d\u00eda despu\u00e9s publicar\u00e1 en su columna del diario Reforma: \u201cMi nieta se llama Luc\u00eda y hoy por la ma\u00f1ana le mand\u00e9 su canci\u00f3n del mismo nombre\u201d. Al salir del hotel le espera un joven que ha venido desde Ciudad de M\u00e9xico para verle y le pide que le firme Mediterr\u00e1neo. No le resulta f\u00e1cil llegar al sal\u00f3n de actos porque a cada paso le paran para pedirle fotograf\u00edas. No es extra\u00f1o que la directora de la Feria, Marisol Schultz, temiese que sus actos se desbordasen, como finalmente ocurre.<\/p>\n<p class=\"\">La agenda de actividades de Serrat en apariencia no es muy apretada, pero \u00e9l no para. No solo son las entrevistas con medios espa\u00f1oles y mexicanos. La Universidad de Guadalajara le conceder\u00e1 el honoris causa, pocos d\u00edas despu\u00e9s de que lo haya recibido <a href=\"https:\/\/elpais.com\/cultura\/2022-08-31\/leonardo-padura-en-cuba-es-muy-dificil-ser-un-decente-absoluto.html\" target=\"_self\" rel=\"nofollow noopener\" title=\"https:\/\/elpais.com\/cultura\/2022-08-31\/leonardo-padura-en-cuba-es-muy-dificil-ser-un-decente-absoluto.html\">Leonardo Padura<\/a>. No desaprovecha la ocasi\u00f3n de celebrar la amistad, y Serrat busca un momento para charlar con el autor cubano. Admiraci\u00f3n, f\u00fatbol, amistad y libros. Muchos libros. En una comida institucional con las autoridades catalanas, el m\u00fasico comenta con precisi\u00f3n Bue, el libro sobre Buenos Aires que acaba de publicar<a href=\"https:\/\/elpais.com\/babelia\/2024-10-22\/vida-y-muerte-de-martin-caparros.html\" target=\"_self\" rel=\"nofollow noopener\" title=\"https:\/\/elpais.com\/babelia\/2024-10-22\/vida-y-muerte-de-martin-caparros.html\"> Mart\u00edn Caparr\u00f3s<\/a>. Y luego, sin poder ver la remontada del Bar\u00e7a con el Atl\u00e9tico de Madrid, y lamentando que no habr\u00e1 regresado a\u00fan para poder ver el partido contra el Eintracht Frankfurt, enlaza con lecturas que van de Carlos Fuentes a Mariana Enr\u00edquez. Am\u00e9rica siempre presente. <\/p>\n<p><img decoding=\"auto\" class=\"_re lazyload a_m-h\" height=\"276\"  width=\"414\"  src=\"https:\/\/www.europesays.com\/es\/wp-content\/uploads\/2025\/12\/SSZLPKKNFBHTZA4OAWPDY4ATKE.jpg\" loading=\"lazy\"\/>Serrat, firma aut\u00f3grafos en el lobby del Hotel Barcel\u00f3, en Guadalajara, este jueves.Aggi Gardu\u00f1o<\/p>\n<p class=\"\">\u201cSi no me hubieran invitado, me habr\u00eda invitado\u201d, dijo Serrat en una presentaci\u00f3n con los medios que ya entonces revent\u00f3 la sala de prensa de la feria. \u201cEs el mejor embajador posible\u201d, lo hab\u00eda presentado Anna Guitart, comisaria del programa cultural de Barcelona, invitada de honor, y reiterar\u00e1 ante la apabullante acogida en el auditorio Juan Rulfo, el m\u00e1s grande de la exposici\u00f3n. La clave la da, sin embargo, el escritor Juan Pablo Villalobos, jalisciense afincado en Barcelona: \u201cEn M\u00e9xico, la lengua catalana se descubri\u00f3 a trav\u00e9s de Serrat\u201d.<\/p>\n<p class=\"\">Si algo ha hecho el cantautor es servir de puente entre dos idiomas que de tanto en tanto pelean pero que conviven con armon\u00eda en la m\u00fasica y la mente del artista. <a href=\"https:\/\/elpais.com\/espana\/catalunya\/2025-11-27\/menos-del-25-de-la-poblacion-de-barcelona-y-su-area-usa-el-catalan-habitualmente.html\" target=\"_self\" rel=\"nofollow noopener\" title=\"https:\/\/elpais.com\/espana\/catalunya\/2025-11-27\/menos-del-25-de-la-poblacion-de-barcelona-y-su-area-usa-el-catalan-habitualmente.html\">\u201c\u00bfPiensas en catal\u00e1n o en espa\u00f1ol?\u201d<\/a>, le ha provocado su amigo Taibo en su gran acto con el p\u00fablico. \u201cBastante esfuerzo hago en pensar como para pensar en qu\u00e9 pienso\u201d, ha resuelto r\u00e1pido el catal\u00e1n, habituado a ese tipo de preguntas, a las que suele hacer frente con afilado humor. \u201cCuando me preguntan si prefiero cantar en catal\u00e1n o en castellano, contesto que en la que me proh\u00edban\u201d, zanj\u00f3 a\u00f1os atr\u00e1s. <\/p>\n<p class=\"\">La libertad ha sido siempre su horizonte, venga de donde venga la embestida. A la que acomete ahora la extrema derecha \u2014en Am\u00e9rica, en Espa\u00f1a\u2014 le ha dedicado buena parte de una intervenci\u00f3n en la que se ha movido m\u00e1s c\u00f3modo por los aspectos pol\u00edticos que por los art\u00edsticos. La esperanza y el miedo se han abierto paso como las principales emociones para navegar una \u00e9poca de incertidumbre que aqueja especialmente a los m\u00e1s j\u00f3venes, que le han preguntado incisivos sobre ella.<\/p>\n<p class=\"\">\u201cHa dicho que lleg\u00f3 a la poes\u00eda gracias al amor. \u00bfQu\u00e9 papel tiene una emoci\u00f3n as\u00ed en un tiempo en el que somos constantemente bombardeados con mensajes de odio?\u201d, le ha lanzado un muchacho que lo escuchaba por primera vez. \u201cC\u00f3mo ha cambiado su manera de mirar el mundo desde que empez\u00f3 a componer?\u201d, le ha cuestionado otra joven. \u201cHace poco descubr\u00ed su m\u00fasica y me fascin\u00f3, porque mezcla la po\u00e9tica y la m\u00fasica. Nunca consider\u00e9 que ten\u00edamos tantas cosas en com\u00fan\u201d, ha reconocido un tercer chaval, genuinamente sorprendido. De mucho antes lo conoc\u00eda la \u00faltima joven en hablar, a quien su padre le pon\u00eda sus canciones cuando apenas ten\u00eda cinco a\u00f1os. Luego ya no hizo falta. Ella sola se lo pon\u00eda mientras estudiaba literatura en la Universidad. \u201cCuando le\u00ed La odisea, escuchaba Mediterr\u00e1neo y me llevaba a todo ese mundo m\u00edtico\u201d, le ha agradecido. <\/p>\n<p class=\"\">La canci\u00f3n lleva a quien la escucha adonde necesite ir, un himno universal que se amolda a la \u00e9poca y las circunstancias con una plasticidad solo al alcance de los cl\u00e1sicos. El mar al que le canta, ha dicho Serrat, ha sido hist\u00f3ricamente un puente de culturas a trav\u00e9s del cual se ha transmitido gran parte del pensamiento\u201d. Hoy, ese pedazo de agua que ba\u00f1a la costa catalana es tambi\u00e9n \u201cun sac\u00f3fago enorme\u201d donde mueren los migrantes bajo \u201cla persecuci\u00f3n de los ej\u00e9rcitos de una y otra parte\u201d, ha denunciado. \u201cVivimos una \u00e9poca muy miserable. Los Gobiernos de los pa\u00edses poderosos tienen en la migraci\u00f3n un caldo de cultivo favorable a la derecha\u201d, ha completado el Serrat m\u00e1s combativo.<\/p>\n<p><img decoding=\"auto\" class=\"_re lazyload a_m-h\" height=\"277\"  width=\"414\"  src=\"https:\/\/www.europesays.com\/es\/wp-content\/uploads\/2025\/12\/JXTZH5VWTJCJTPK4VLTY5FJ7ZQ.jpg\" loading=\"lazy\"\/>Joan Manuel Serrat en la FIL de Guadalajara.Aggi Gardu\u00f1o<\/p>\n<p class=\"\">Tambi\u00e9n ha habido espacio para el humor en un acto pensado para los j\u00f3venes pero que ha terminado siendo una celebraci\u00f3n intergeneracional del cantautor, pues no han querido renunciar a la cita quienes estuvieron ah\u00ed cuando Serrat daba sus primeros pasos y sus primeras giras. \u201c\u00bfQu\u00e9 quieres ser de mayor?\u201d: \u201cYa lo pensar\u00e9\u201d. \u201cSi te digo M\u00e9xico, \u00bfen qu\u00e9 piensas?\u201c: \u201c\u00a1\u00a1Cabrones!!\u201d, se ha re\u00eddo c\u00f3mplice con Benito Taibo. <\/p>\n<p class=\"\">Tras la pol\u00edtica y el humor, sin embargo, se impone la m\u00fasica. A punto de terminar la presentaci\u00f3n, un espont\u00e1neo al fondo de la sala se arranca a entonar el Cantares, la adaptaci\u00f3n de Serrat al poema machadiano: una escena como un espejo de la que se produjo dos noches atr\u00e1s, en una taquer\u00eda popular del centro de Guadalajara. Una mesa canta \u201cLas ma\u00f1anitas\u201d, el cl\u00e1sico de los aniversarios mexicanos, y el contingente catal\u00e1n replica con la tradicional \u201cEl Virolai\u201d, el himno dedicado a la Virgen de Montserrat. Despu\u00e9s se produce la magia, el puente, un momento de comuni\u00f3n en el que todo el restaurante entona a coro y a grito pelado el mismo Cantares que se abrir\u00e1 paso dos tardes despu\u00e9s y que devuelve al cantante al terreno del mito.<\/p>\n","protected":false},"excerpt":{"rendered":"Si el afecto se midiera en decibelios, Joan Manuel Serrat habr\u00eda batido todo r\u00e9cord este jueves, durante su&hellip;\n","protected":false},"author":2,"featured_media":272063,"comment_status":"","ping_status":"","sticky":false,"template":"","format":"standard","meta":{"footnotes":""},"categories":[91],"tags":[889,51463,146,147,25,24,44274,44470,1804,225,1906,185,23],"class_list":{"0":"post-272062","1":"post","2":"type-post","3":"status-publish","4":"format-standard","5":"has-post-thumbnail","7":"category-entretenimiento","8":"tag-america","9":"tag-cantautores","10":"tag-entertainment","11":"tag-entretenimiento","12":"tag-es","13":"tag-espana","14":"tag-fil-guadalajara","15":"tag-joan-manuel-serrat","16":"tag-latinoamerica","17":"tag-libros","18":"tag-mexico","19":"tag-musica","20":"tag-spain"},"share_on_mastodon":{"url":"https:\/\/pubeurope.com\/@es\/115665730041338761","error":""},"_links":{"self":[{"href":"https:\/\/www.europesays.com\/es\/wp-json\/wp\/v2\/posts\/272062","targetHints":{"allow":["GET"]}}],"collection":[{"href":"https:\/\/www.europesays.com\/es\/wp-json\/wp\/v2\/posts"}],"about":[{"href":"https:\/\/www.europesays.com\/es\/wp-json\/wp\/v2\/types\/post"}],"author":[{"embeddable":true,"href":"https:\/\/www.europesays.com\/es\/wp-json\/wp\/v2\/users\/2"}],"replies":[{"embeddable":true,"href":"https:\/\/www.europesays.com\/es\/wp-json\/wp\/v2\/comments?post=272062"}],"version-history":[{"count":0,"href":"https:\/\/www.europesays.com\/es\/wp-json\/wp\/v2\/posts\/272062\/revisions"}],"wp:featuredmedia":[{"embeddable":true,"href":"https:\/\/www.europesays.com\/es\/wp-json\/wp\/v2\/media\/272063"}],"wp:attachment":[{"href":"https:\/\/www.europesays.com\/es\/wp-json\/wp\/v2\/media?parent=272062"}],"wp:term":[{"taxonomy":"category","embeddable":true,"href":"https:\/\/www.europesays.com\/es\/wp-json\/wp\/v2\/categories?post=272062"},{"taxonomy":"post_tag","embeddable":true,"href":"https:\/\/www.europesays.com\/es\/wp-json\/wp\/v2\/tags?post=272062"}],"curies":[{"name":"wp","href":"https:\/\/api.w.org\/{rel}","templated":true}]}}