{"id":272064,"date":"2025-12-05T07:15:10","date_gmt":"2025-12-05T07:15:10","guid":{"rendered":"https:\/\/www.europesays.com\/es\/272064\/"},"modified":"2025-12-05T07:15:10","modified_gmt":"2025-12-05T07:15:10","slug":"casi-todas-las-imagenes-de-telescopios-espaciales-estaran-contaminadas-pronto-y-la-culpa-es-de-elon-musk","status":"publish","type":"post","link":"https:\/\/www.europesays.com\/es\/272064\/","title":{"rendered":"(casi) todas las im\u00e1genes de telescopios espaciales estar\u00e1n contaminadas pronto y la culpa es de Elon Musk"},"content":{"rendered":"<p class=\"description\"><b>Especial Navidad<\/b>: Suscr\u00edbete hoy a National Geographic por <b>4\u20ac al mes + Regalo<\/b>. \u00a1Solo 500 unidades!<\/p>\n<p class=\"description\"><b>\u00a1NOVEDAD!<\/b> Ya disponible la edici\u00f3n especial <b>El cerebro infantil<\/b> de la colecci\u00f3n Los Secretos del Cerebro de National Geographic.<\/p>\n<p>Un equipo de cient\u00edficos del <a href=\"https:\/\/www.nasa.gov\/ames\/\" rel=\"nofollow noopener\" target=\"_blank\">Centro de Investigaci\u00f3n Ames de la NASA<\/a> acaba de <a href=\"https:\/\/www.nature.com\/articles\/s41586-025-09759-5\" rel=\"nofollow noopener\" target=\"_blank\">publicar un estudio en Nature<\/a>\u00a0que arroja una conclusi\u00f3n clara: la luz reflejada por la flota de sat\u00e9lites orbitales de <a href=\"https:\/\/www.nationalgeographic.com.es\/tecnologia\/asi-es-escudo-termico-ideado-por-spacex-para-su-cohete-starship-que-protege-altas-temperaturas_26153\" rel=\"nofollow noopener\" target=\"_blank\">Starlink<\/a>, la filial de SpaceX de Elon Musk para brindar internet hasta en los lugares m\u00e1s remotos, <strong>est\u00e1 contaminando las im\u00e1genes astron\u00f3micas capturadas por los telescopios espaciales m\u00e1s importantes<\/strong>. Es cierto que no es la \u00fanica compa\u00f1\u00eda que est\u00e1 apostando por este modelo de negocio, pero s\u00ed la m\u00e1s importante.<\/p>\n<p>En un primer momento, la escalada de la <a href=\"https:\/\/www.nationalgeographic.com.es\/ciencia\/asi-afecta-contaminacion-luminica-a-tu-salud_20859\" rel=\"nofollow noopener\" target=\"_blank\">contaminaci\u00f3n lum\u00ednica<\/a> provocada por los sat\u00e9lites de Starlink y dem\u00e1s compa\u00f1\u00edas <strong>solo preocupaba a los observatorios terrestres<\/strong>. Sin embargo, este estudio prev\u00e9 que, si se completan todos los lanzamientos registrados actualmente, el problema afecte tambi\u00e9n a los <a href=\"https:\/\/www.nationalgeographic.com.es\/ciencia\/james-webb-telescopio-espacial-que-estudia-secretos-universo_17668\" rel=\"nofollow noopener\" target=\"_blank\">telescopios espaciales<\/a> que se encuentran en la \u00f3rbita baja de la Tierra. Desde 2019 hasta la actualidad, la cifra se elev\u00f3 de 2.000 a 15.000 unidades, pero es que <strong>para 2030 se estima que la cifra llegar\u00e1 a las 560.000<\/strong>.<\/p>\n<p>Un 96% de im\u00e1genes contaminadas<\/p>\n<p>La investigaci\u00f3n, que ha sido liderada por el astrof\u00edsico espa\u00f1ol <a href=\"https:\/\/www.nasa.gov\/people\/alejandro-s-borlaff\/\" rel=\"nofollow noopener\" target=\"_blank\">Alejandro Borlaff<\/a>, cuantifica el<strong> riesgo que esta saturaci\u00f3n orbital representa para la observaci\u00f3n del universo<\/strong>. Las simulaciones se centraron en el impacto de la <strong>megaconstelaci\u00f3n proyectada sobre cuatro telescopios espaciales clave<\/strong>, obteniendo resultados desoladores para la comunidad cient\u00edfica.<\/p>\n<p>&#13;<img decoding=\"async\" src=\"https:\/\/www.europesays.com\/es\/wp-content\/uploads\/2025\/12\/hongos-bioluminiscentes-en-la-selva-tropical-de-borneo_00000000_56b93346_251204124436_800x800.webp.webp\" alt=\"Hongos bioluminiscentes en la selva tropical de Borneo\" class=\"image lazyload\"\/><\/p>\n<p>En concreto, los resultados indican que misiones como el <a href=\"https:\/\/ciencia.nasa.gov\/universo\/seis-datos-que-debes-saber-sobre-spherex-el-telescopio-espacial-mas-reciente-de-la-nasa\/\" rel=\"nofollow noopener\" target=\"_blank\">Telescopio SPHEREx<\/a> de la NASA, el futuro <a href=\"https:\/\/www.aee.gob.es\/Destacados\/ARRAKIHS.html\" rel=\"nofollow noopener\" target=\"_blank\">Telescopio ARRAKIHS<\/a> de la Agencia Espacial Europea (ESA) y el Telescopio Xuntian de China ver\u00edan comprometidas <strong>hasta el 96% de las im\u00e1genes que capturen a partir de 2030<\/strong>. Menci\u00f3n especial merece el veterano <a href=\"https:\/\/www.nationalgeographic.com.es\/ciencia\/como-sigue-hubble-funcionamiento-tras-mas-30-anos_23333\" rel=\"nofollow noopener\" target=\"_blank\">Telescopio Espacial Hubble<\/a>, ya que entre el 33% y el 40% de sus im\u00e1genes se ver\u00edan afectadas.<\/p>\n<p>En este sentido, Borlaff ha hecho \u00e9nfasis en c\u00f3mo este fen\u00f3meno dificultar\u00e1 el descubrimiento de objetos en movimiento, como <a href=\"https:\/\/www.nationalgeographic.com.es\/ciencia\/enigmatico-3iatlas-cambia-rostro-ante-sol-es-prueba-que-es-origen-artificial_26523\" rel=\"nofollow noopener\" target=\"_blank\">cometas<\/a> o asteroides con <strong>potencial riesgo de impacto contra la Tierra<\/strong>: \u201cUn <a href=\"https:\/\/www.nationalgeographic.com.es\/ciencia\/descubren-asteroide-probabilidad-1-entre-83-chocar-contra-tierra-2032_24139\" rel=\"nofollow noopener\" target=\"_blank\">asteroide<\/a> trazando una estela en el cielo se ve igual que un sat\u00e9lite. Es muy dif\u00edcil diferenciarlos\u201d.<\/p>\n<p>La mitigaci\u00f3n orbital es una necesidad<\/p>\n<p>Sin embargo, no solo el creciente n\u00famero de sat\u00e9lites preocupa a la NASA.<strong> Tambi\u00e9n lo hace el cada vez mayor tama\u00f1o de estos dispositivos orbitales<\/strong>. Barloff indic\u00f3 al respecto que los aparatos de 100 metros cuadrados de superficie \u201cya son<strong> tan luminosos como la estrella m\u00e1s brillante que se pueda ver en el cielo<\/strong>\u00ab. Un verdadero problema, sobre todo, porque hay proyectos que prev\u00e9n el lanzamiento de sat\u00e9lites hasta 30 veces m\u00e1s grandes con el prop\u00f3sito de satisfacer las exigencias de la <a href=\"https:\/\/www.nationalgeographic.com.es\/ciencia\/mas-alla-algoritmo-que-ia-esconde_25522\" rel=\"nofollow noopener\" target=\"_blank\">inteligencia artificial<\/a>.<\/p>\n<p>Como medida correctiva a corto plazo, Borlaff cree necesario que Starlink y dem\u00e1s empresas operadoras <strong>faciliten la localizaci\u00f3n y orientaci\u00f3n de sus sat\u00e9lites<\/strong> a los equipos que gestionan los telescopios espaciales. Algo que parece dif\u00edcil debido al secretismo que rodea a muchos de estos objetos por culpa de <strong>la competencia industrial, su papel en misiones militares y la creciente demanda de internet satelital<\/strong>.<\/p>\n","protected":false},"excerpt":{"rendered":"Especial Navidad: Suscr\u00edbete hoy a National Geographic por 4\u20ac al mes + Regalo. \u00a1Solo 500 unidades! \u00a1NOVEDAD! Ya&hellip;\n","protected":false},"author":2,"featured_media":272065,"comment_status":"","ping_status":"","sticky":false,"template":"","format":"standard","meta":{"footnotes":""},"categories":[81],"tags":[119,123,124,25,24,1408,448,1407,1409,117,121,122,23,118,120,226],"class_list":{"0":"post-272064","1":"post","2":"type-post","3":"status-publish","4":"format-standard","5":"has-post-thumbnail","7":"category-ciencia-y-tecnologia","8":"tag-ciencia","9":"tag-ciencia-y-tecnologia","10":"tag-cienciaytecnologia","11":"tag-es","12":"tag-espana","13":"tag-geographic","14":"tag-historia","15":"tag-national","16":"tag-naturaleza","17":"tag-science","18":"tag-science-and-technology","19":"tag-scienceandtechnology","20":"tag-spain","21":"tag-technology","22":"tag-tecnologia","23":"tag-viajes"},"share_on_mastodon":{"url":"https:\/\/pubeurope.com\/@es\/115665734122122566","error":""},"_links":{"self":[{"href":"https:\/\/www.europesays.com\/es\/wp-json\/wp\/v2\/posts\/272064","targetHints":{"allow":["GET"]}}],"collection":[{"href":"https:\/\/www.europesays.com\/es\/wp-json\/wp\/v2\/posts"}],"about":[{"href":"https:\/\/www.europesays.com\/es\/wp-json\/wp\/v2\/types\/post"}],"author":[{"embeddable":true,"href":"https:\/\/www.europesays.com\/es\/wp-json\/wp\/v2\/users\/2"}],"replies":[{"embeddable":true,"href":"https:\/\/www.europesays.com\/es\/wp-json\/wp\/v2\/comments?post=272064"}],"version-history":[{"count":0,"href":"https:\/\/www.europesays.com\/es\/wp-json\/wp\/v2\/posts\/272064\/revisions"}],"wp:featuredmedia":[{"embeddable":true,"href":"https:\/\/www.europesays.com\/es\/wp-json\/wp\/v2\/media\/272065"}],"wp:attachment":[{"href":"https:\/\/www.europesays.com\/es\/wp-json\/wp\/v2\/media?parent=272064"}],"wp:term":[{"taxonomy":"category","embeddable":true,"href":"https:\/\/www.europesays.com\/es\/wp-json\/wp\/v2\/categories?post=272064"},{"taxonomy":"post_tag","embeddable":true,"href":"https:\/\/www.europesays.com\/es\/wp-json\/wp\/v2\/tags?post=272064"}],"curies":[{"name":"wp","href":"https:\/\/api.w.org\/{rel}","templated":true}]}}