{"id":272068,"date":"2025-12-05T07:17:10","date_gmt":"2025-12-05T07:17:10","guid":{"rendered":"https:\/\/www.europesays.com\/es\/272068\/"},"modified":"2025-12-05T07:17:10","modified_gmt":"2025-12-05T07:17:10","slug":"aerolinea-colombiana-satena-suspende-vuelos-a-venezuela-dw-04-12-2025","status":"publish","type":"post","link":"https:\/\/www.europesays.com\/es\/272068\/","title":{"rendered":"Aerol\u00ednea colombiana Satena suspende vuelos a Venezuela \u2013 DW \u2013 04\/12\/2025"},"content":{"rendered":"<p>La aerol\u00ednea estatal colombiana Satena anunci\u00f3 este jueves (04.12.2025)\u00a0 la suspensi\u00f3n temporal de los vuelos desde y hacia la ciudad venezolana de Valencia por \u00abintermitencias\u00bb en los \u00absistemas de navegaci\u00f3n satelital usados por las aeronaves\u00bb, en medio de la tensi\u00f3n causada por el cierre del espacio a\u00e9reo de ese pa\u00eds anunciado por el presidente de EE.UU., <a class=\"internal-link\" href=\"https:\/\/www.dw.com\/es\/donald-trump\/t-19445010\" rel=\"nofollow noopener\" target=\"_blank\">Donald Trump<\/a>.<\/p>\n<p>\u00abEsta medida responde a reportes de interferencias ya registradas en los sistemas de navegaci\u00f3n satelital utilizados por las aeronaves\u00bb, expres\u00f3 la aerol\u00ednea en un comunicado. Satena se suma as\u00ed a la decisi\u00f3n tomada por la compa\u00f1\u00eda colombiana <a class=\"internal-link\" href=\"https:\/\/www.dw.com\/es\/copa-airlines-y-wingo-tambi\u00e9n-suspenden-vuelos-a-caracas\/a-75008644\" rel=\"nofollow noopener\" target=\"_blank\">Wingo y su matriz, la paname\u00f1a Copa Airlines<\/a>, de suspender este jueves y viernes sus vuelos al pa\u00eds caribe\u00f1o.<\/p>\n<p>Satena agrega en el comunicado que \u00abestas condiciones representan un riesgo para la operaci\u00f3n y exigen adoptar medidas preventivas mientras se verifica la estabilidad y confiabilidad de los servicios de navegaci\u00f3n en la regi\u00f3n\u00bb. El texto a\u00f1ade que la suspensi\u00f3n cumple \u00ablas mejores pr\u00e1cticas de seguridad a\u00e9rea\u201d y que tiene por prop\u00f3sito \u00abproteger a sus pasajeros, tripulaci\u00f3n y operaci\u00f3n\u201d.<\/p>\n<p>No tiene derecho<\/p>\n<p>Satena vuela dos veces por semana a Valencia, la tercera urbe m\u00e1s grande de <a class=\"internal-link\" href=\"https:\/\/www.dw.com\/es\/venezuela\/t-17410652\" rel=\"nofollow noopener\" target=\"_blank\">Venezuela<\/a>, ubicada a dos horas de Caracas. El anuncio de la empresa estatal choca con la postura del presidente de Colombia, el izquierdista Gustavo Petro, que sostiene que no hay peligro en volar a Venezuela y reivindica que Trump no tiene \u00abderecho\u00bb de vetar los vuelos.<\/p>\n<p>Tras el inicio de sus ataques contra supuestas narcolanchas en el Caribe y el Pac\u00edfico en septiembre, el presidente estadounidense dijo que las aerol\u00edneas internacionales deb\u00edan considerar \u00abcerrado\u00bb el espacio a\u00e9reo venezolano. Esto llev\u00f3 a una decena de compa\u00f1\u00edas, entre ellas Iberia, Turkish, Latam, Avianca y Gol, a cancelar sus viajes y ha dejado al pa\u00eds, especialmente a Caracas, pr\u00e1cticamente aislado.<\/p>\n<p>La ofensiva del mandatario estadounidense contra el narcotr\u00e1fico en la regi\u00f3n, sin presentar pruebas de que las embarcaciones transportaran droga, ya se ha cobrado la vida de m\u00e1s de 80 personas. La familia de un pescador colombiano muerto en un bombardeo denunci\u00f3 a su gobierno ante la CIDH. El presidente venezolano, <a class=\"internal-link\" href=\"https:\/\/www.dw.com\/es\/nicol\u00e1s-maduro\/t-17409336\" rel=\"nofollow noopener\" target=\"_blank\">Nicol\u00e1s Maduro<\/a>, asegura que el objetivo real de los ataques es derrocarlo.<\/p>\n<p>DZC (EFE, AFP)<\/p>\n","protected":false},"excerpt":{"rendered":"La aerol\u00ednea estatal colombiana Satena anunci\u00f3 este jueves (04.12.2025)\u00a0 la suspensi\u00f3n temporal de los vuelos desde y hacia&hellip;\n","protected":false},"author":2,"featured_media":272069,"comment_status":"","ping_status":"","sticky":false,"template":"","format":"standard","meta":{"footnotes":""},"categories":[42],"tags":[17,18,13,14,11,61,62,63,64,19,20,9,10,15,16,12,21,22,65,66,67],"class_list":{"0":"post-272068","1":"post","2":"type-post","3":"status-publish","4":"format-standard","5":"has-post-thumbnail","7":"category-internacional","8":"tag-breaking-news","9":"tag-breakingnews","10":"tag-featured-news","11":"tag-featurednews","12":"tag-headlines","13":"tag-internacional","14":"tag-international","15":"tag-international-news","16":"tag-internationalnews","17":"tag-latest-news","18":"tag-latestnews","19":"tag-news","20":"tag-noticias","21":"tag-noticias-destacadas","22":"tag-noticiasdestacadas","23":"tag-titulares","24":"tag-ultimas-noticias","25":"tag-ultimasnoticias","26":"tag-world","27":"tag-world-news","28":"tag-worldnews"},"share_on_mastodon":{"url":"","error":""},"_links":{"self":[{"href":"https:\/\/www.europesays.com\/es\/wp-json\/wp\/v2\/posts\/272068","targetHints":{"allow":["GET"]}}],"collection":[{"href":"https:\/\/www.europesays.com\/es\/wp-json\/wp\/v2\/posts"}],"about":[{"href":"https:\/\/www.europesays.com\/es\/wp-json\/wp\/v2\/types\/post"}],"author":[{"embeddable":true,"href":"https:\/\/www.europesays.com\/es\/wp-json\/wp\/v2\/users\/2"}],"replies":[{"embeddable":true,"href":"https:\/\/www.europesays.com\/es\/wp-json\/wp\/v2\/comments?post=272068"}],"version-history":[{"count":0,"href":"https:\/\/www.europesays.com\/es\/wp-json\/wp\/v2\/posts\/272068\/revisions"}],"wp:featuredmedia":[{"embeddable":true,"href":"https:\/\/www.europesays.com\/es\/wp-json\/wp\/v2\/media\/272069"}],"wp:attachment":[{"href":"https:\/\/www.europesays.com\/es\/wp-json\/wp\/v2\/media?parent=272068"}],"wp:term":[{"taxonomy":"category","embeddable":true,"href":"https:\/\/www.europesays.com\/es\/wp-json\/wp\/v2\/categories?post=272068"},{"taxonomy":"post_tag","embeddable":true,"href":"https:\/\/www.europesays.com\/es\/wp-json\/wp\/v2\/tags?post=272068"}],"curies":[{"name":"wp","href":"https:\/\/api.w.org\/{rel}","templated":true}]}}