{"id":272070,"date":"2025-12-05T07:18:14","date_gmt":"2025-12-05T07:18:14","guid":{"rendered":"https:\/\/www.europesays.com\/es\/272070\/"},"modified":"2025-12-05T07:18:14","modified_gmt":"2025-12-05T07:18:14","slug":"la-audiencia-rechaza-que-el-juez-peinado-investigue-al-delegado-del-gobierno-en-madrid-tribunales","status":"publish","type":"post","link":"https:\/\/www.europesays.com\/es\/272070\/","title":{"rendered":"La Audiencia rechaza que el juez Peinado investigue al delegado del Gobierno en Madrid | Tribunales"},"content":{"rendered":"<p class=\"loc\">Madrid<\/p>\n<p>La Audiencia de Madrid concluye que no se ha proporcionado el \u00abm\u00e1s m\u00ednimo indicio\u00bb de la participaci\u00f3n del delegado del Gobierno en Madrid, Francisco Mart\u00edn, en un supuesto delito de malversaci\u00f3n. El tribunal da un nuevo rev\u00e9s al<a href=\"https:\/\/cadenaser.com\/nacional\/2025\/11\/28\/el-juez-peinado-readmite-a-manos-limpias-en-la-causa-contra-begona-gomez-cadena-ser\/\" target=\"_blank\" rel=\"noreferrer nofollow noopener\" title=\"https:\/\/cadenaser.com\/nacional\/2025\/11\/28\/el-juez-peinado-readmite-a-manos-limpias-en-la-causa-contra-begona-gomez-cadena-ser\/\"> juez Peinado <\/a>y desimputa a Mart\u00edn en la investigaci\u00f3n por la contrataci\u00f3n de la asesora de <a href=\"https:\/\/cadenaser.com\/nacional\/2025\/11\/28\/cuatro-testigos-aseguran-que-begona-gomez-registro-el-dominio-de-su-catedra-y-firmo-pliegos-siguiendo-las-normas-de-la-complutense-cadena-ser\/\" target=\"_blank\" rel=\"noreferrer nofollow noopener\" title=\"https:\/\/cadenaser.com\/nacional\/2025\/11\/28\/cuatro-testigos-aseguran-que-begona-gomez-registro-el-dominio-de-su-catedra-y-firmo-pliegos-siguiendo-las-normas-de-la-complutense-cadena-ser\/\">Bego\u00f1a G\u00f3mez<\/a>. <\/p>\n<p>La Audiencia Provincial ha corregido la investigaci\u00f3n del juez Peinado y ordena que el delegado del Gobierno salga del procedimiento en el que estaba inmerso como investigado por un delito de malversaci\u00f3n de caudales publico en el caso Bego\u00f1a P\u00e9rez. En su resoluci\u00f3n, los magistrados madrile\u00f1os son tajantes en sus razonamientos jur\u00eddicos:<\/p>\n<p>\u00abNo se proporciona el m\u00e1s m\u00ednimo indicio\u00bb de que el ahora delegado del Gobierno \u00abdeb\u00eda ejercer una labor de control\u00bb de la asistente de Bego\u00f1a G\u00f3mez \u00abni consta que supiera\u00bb que esta pudo excederse en sus funciones. Textualmente, la Audiencia Provincial se\u00f1ala que todo son \u00abmeras suposiciones\u00bb sin que se aporte el \u00abm\u00e1s m\u00ednimo indicio de responsabilidad\u00bb en la actuaci\u00f3n de Francisco Mart\u00edn.<\/p>\n","protected":false},"excerpt":{"rendered":"Madrid La Audiencia de Madrid concluye que no se ha proporcionado el \u00abm\u00e1s m\u00ednimo indicio\u00bb de la participaci\u00f3n&hellip;\n","protected":false},"author":2,"featured_media":272071,"comment_status":"","ping_status":"","sticky":false,"template":"","format":"standard","meta":{"footnotes":""},"categories":[8],"tags":[17,18,25,24,13,14,11,19,20,9,10,15,16,23,12,21,22],"class_list":{"0":"post-272070","1":"post","2":"type-post","3":"status-publish","4":"format-standard","5":"has-post-thumbnail","7":"category-espana","8":"tag-breaking-news","9":"tag-breakingnews","10":"tag-es","11":"tag-espana","12":"tag-featured-news","13":"tag-featurednews","14":"tag-headlines","15":"tag-latest-news","16":"tag-latestnews","17":"tag-news","18":"tag-noticias","19":"tag-noticias-destacadas","20":"tag-noticiasdestacadas","21":"tag-spain","22":"tag-titulares","23":"tag-ultimas-noticias","24":"tag-ultimasnoticias"},"share_on_mastodon":{"url":"https:\/\/pubeurope.com\/@es\/115665745013530521","error":""},"_links":{"self":[{"href":"https:\/\/www.europesays.com\/es\/wp-json\/wp\/v2\/posts\/272070","targetHints":{"allow":["GET"]}}],"collection":[{"href":"https:\/\/www.europesays.com\/es\/wp-json\/wp\/v2\/posts"}],"about":[{"href":"https:\/\/www.europesays.com\/es\/wp-json\/wp\/v2\/types\/post"}],"author":[{"embeddable":true,"href":"https:\/\/www.europesays.com\/es\/wp-json\/wp\/v2\/users\/2"}],"replies":[{"embeddable":true,"href":"https:\/\/www.europesays.com\/es\/wp-json\/wp\/v2\/comments?post=272070"}],"version-history":[{"count":0,"href":"https:\/\/www.europesays.com\/es\/wp-json\/wp\/v2\/posts\/272070\/revisions"}],"wp:featuredmedia":[{"embeddable":true,"href":"https:\/\/www.europesays.com\/es\/wp-json\/wp\/v2\/media\/272071"}],"wp:attachment":[{"href":"https:\/\/www.europesays.com\/es\/wp-json\/wp\/v2\/media?parent=272070"}],"wp:term":[{"taxonomy":"category","embeddable":true,"href":"https:\/\/www.europesays.com\/es\/wp-json\/wp\/v2\/categories?post=272070"},{"taxonomy":"post_tag","embeddable":true,"href":"https:\/\/www.europesays.com\/es\/wp-json\/wp\/v2\/tags?post=272070"}],"curies":[{"name":"wp","href":"https:\/\/api.w.org\/{rel}","templated":true}]}}