{"id":272082,"date":"2025-12-05T07:32:10","date_gmt":"2025-12-05T07:32:10","guid":{"rendered":"https:\/\/www.europesays.com\/es\/272082\/"},"modified":"2025-12-05T07:32:10","modified_gmt":"2025-12-05T07:32:10","slug":"se-acabo-gran-hermano-jorge-javier-vazquez-confirma-su-fin-el-mundo","status":"publish","type":"post","link":"https:\/\/www.europesays.com\/es\/272082\/","title":{"rendered":"Se acab\u00f3 Gran Hermano: Jorge Javier V\u00e1zquez confirma su fin &#8211; El Mundo"},"content":{"rendered":"<ol>\n<li><a href=\"https:\/\/news.google.com\/rss\/articles\/CBMiiwFBVV95cUxNUTZsVkVZQWZya090Z09tNHJqSUdXeW1YWFVaNGxPd3o5MjdiVXRhUHBtUk9kcEx2b1BYVGFOZ084eWROaXprQUoxNElGdW5RY3RLa2lpdUlaNzVOdjZwZzM3Mk1PUDR1aEJWdlpNMXNhWnpUb2xodXZQMDRpUG4zOTN2c1BjZHlCLWpV0gGLAUFVX3lxTE9Ia08tRk1rQ3hXeVBKa3p1bFBJU1d5YW5HNHB2cUJmbElEY0ZKY3hWdmJycTd4SkdQbUhFclFXS3gwOS1qXzhuNTE0bFh0dWZYbGNoOGpDNGZIQU40N3lTRGhNNW0zTmVCUk1McXViWVlZRTl4eGhJZDNhZkU3NlpkUmNyMVlrblYwa3M?oc=5\" target=\"_blank\" rel=\"nofollow noopener\">Se acab\u00f3 Gran Hermano: Jorge Javier V\u00e1zquez confirma su fin<\/a>&nbsp;&nbsp;El Mundo<\/li>\n<li><a href=\"https:\/\/news.google.com\/rss\/articles\/CBMiwgFBVV95cUxNRmJMRHI1YTRkcGlCQWVyVTZOaFZGekFEeS1OZXo1d014dUVLZngzWlp4eGJhdXB1Mnc5bmtxbXlOQ29xVWZxQm4yTnJsdTY4SVlGVXpEcE9MYlVWbjFFS21LWlFGa21TZExfSnl4U2d0ZW01WWV0TEpQanpEUFh0QnRudG9wcmhjZGdGUUtBTDc3d2dXV242Y3dYZFFZdUt1N2poU2JhNnR2UU01aEtpd2hqcF9XUXlwR1dmWGFHSDlpdw?oc=5\" target=\"_blank\" rel=\"nofollow noopener\">El cami\u00f3n de la mudanza se lleva por sorpresa a dos concursantes expulsados de la casa de &#8216;Gran Hermano 20&#8217;<\/a>&nbsp;&nbsp;Telecinco<\/li>\n<li><a href=\"https:\/\/news.google.com\/rss\/articles\/CBMivAFBVV95cUxQOGo2SUhDVWQzTEJURm9BWGVNbUFvNUJyOHdUOHpManZNMGJFTWJUY1AzdVc1SE5QQ3VVdmh5Y2FfNm54MG40d0pKc3QxYUd3U2pYVUlDbUN6QjRQUjJaaEU0SE1IU3JzQ0dRdmZRZWRPUDhCaEw4MnBMR29fbG11cF9IU2ZlaW1zLWNYUkRhNW9IdURHT1hGenRhVkQ3czNUc2szelVMdFRIbGlfdjAwVGNOWVcwWjA3SktUdNIBwgFBVV95cUxNNWhMbWVHY0UzYjVpVVkyRlZ0bzZrVk5hRV9ubFBPRnFUaVh6TUdfSzhOSEFfRUluMzZucEF3VzdvUGJIT2lrb3lsZk42MEMwY1NGR3RNcklLcWhQU3pZcDNQSWlualpYWXZvcl83dHliTTRNWmdCMUg5cDF6aFYzb1lBcE1iZ1dxNFRqZ1pnUW1aUmY2cU9ubUNjU0drcVRrVkF0Sk9TS1FoZmljRTFPZmxBZDdsa1hCNkFTbjRTOXFyQQ?oc=5\" target=\"_blank\" rel=\"nofollow noopener\">\u00ab\u00bfC\u00f3mo que un mueble?\u00bb: impacto (y cabreo) en la casa con las expulsiones de los &#8216;paquetes&#8217; de &#8216;Gran Hermano&#8217;<\/a>&nbsp;&nbsp;El Confidencial<\/li>\n<li><a href=\"https:\/\/news.google.com\/rss\/articles\/CBMi7wFBVV95cUxNLUpzQWVJMDVwaWZyMmlINkVNV3BpZkFETGtUTjhTRE5fUjBIVnN0cXJ3R0oxdDNGTVhmbkdzMlFkTzRETlI1NmNFTWxueXBiVkJ5WlFDZFdQQlE3ZU9HdE5LOGpJSkU1QzJsMlN6RV9fWjFzYm1FUFlTY3ZtYmpUdERkekdnMHh5a1RXSFNfbG1la1M5aHZhWXRsSXdVMHZ6ME5iMzVoVnRpcWdvZXlsbmhkZElrSV9fV1lBcW5MQmJYeGZRMWFpMElnaDhrRVJGYlhjLThBZnYyOERTUWlQR0R6cFhSbHVqY3U4SFRqYw?oc=5\" target=\"_blank\" rel=\"nofollow noopener\">Jorge Javier V\u00e1zquez confirma el final inminente de &#8216;Gran Hermano&#8217;: \u00abLos concursantes pasar\u00e1n la Navidad con sus familiares\u00bb<\/a>&nbsp;&nbsp;Lecturas<\/li>\n<li><a href=\"https:\/\/news.google.com\/rss\/articles\/CBMixAFBVV95cUxQdV9Na05aRndlOG9EUnpCWVhHbXFPNHFOd3Z2YjlCX2xpSUR5blNxcFBDZEh6RG9MNVhkZWdyMTdCY0MxS3g3ZV9nclBUcnB1cnNhVnh5Y0Zpd3djc2hkMks4QUtMRnRJV1A0Y25Wak1YeHNaX204NGJVbTBiTGViTTZaVXhpWkdia05mQjVYdE44R2hfOHplMVRnTG1hQUZMQWhMUnltdFJEb19XUndEVGxRNWtjUWxrRUpMTnYyc1hhMkQ50gHKAUFVX3lxTFBJZTFmSnhuUkxOejA0VE5FVlpCaFM2aWJaSm1oZ2VVS0JJeWhFZm1RMzN1ekdEdE9tSzkwaWJidFRkNnpvVHpQUE9pMFBNNzI3clAybjlGU1lJeTIxODVIdkdZM2JZdWhXSThQcy1yNHlMLXJRZEY1bktrYmJsdkdfUlB4QlY5VHB1SUlHbWlwUVZ5djlYRXRJTEl2YnpyeXF0N2xjcWQwTmFxMkYwUkRiVGFOelV1Ym5YZmJTZF9pSEZROGhmX0xNUFE?oc=5\" target=\"_blank\" rel=\"nofollow noopener\">Telecinco cancela \u2018Gran Hermano 20\u2019 tras los datos de audiencia insostenibles<\/a>&nbsp;&nbsp;lavanguardia.com<\/li>\n<\/ol>\n","protected":false},"excerpt":{"rendered":"Se acab\u00f3 Gran Hermano: Jorge Javier V\u00e1zquez confirma su fin&nbsp;&nbsp;El Mundo El cami\u00f3n de la mudanza se lleva&hellip;\n","protected":false},"author":2,"featured_media":272083,"comment_status":"","ping_status":"","sticky":false,"template":"","format":"standard","meta":{"footnotes":""},"categories":[171],"tags":[146,147,25,24,3057,6063,23,692,807,32358,214],"class_list":{"0":"post-272082","1":"post","2":"type-post","3":"status-publish","4":"format-standard","5":"has-post-thumbnail","7":"category-tv","8":"tag-entertainment","9":"tag-entretenimiento","10":"tag-es","11":"tag-espana","12":"tag-gran-hermano","13":"tag-jorge-javier-vazquez","14":"tag-spain","15":"tag-telecinco","16":"tag-television","17":"tag-television-momentvs","18":"tag-tv"},"share_on_mastodon":{"url":"","error":""},"_links":{"self":[{"href":"https:\/\/www.europesays.com\/es\/wp-json\/wp\/v2\/posts\/272082","targetHints":{"allow":["GET"]}}],"collection":[{"href":"https:\/\/www.europesays.com\/es\/wp-json\/wp\/v2\/posts"}],"about":[{"href":"https:\/\/www.europesays.com\/es\/wp-json\/wp\/v2\/types\/post"}],"author":[{"embeddable":true,"href":"https:\/\/www.europesays.com\/es\/wp-json\/wp\/v2\/users\/2"}],"replies":[{"embeddable":true,"href":"https:\/\/www.europesays.com\/es\/wp-json\/wp\/v2\/comments?post=272082"}],"version-history":[{"count":0,"href":"https:\/\/www.europesays.com\/es\/wp-json\/wp\/v2\/posts\/272082\/revisions"}],"wp:featuredmedia":[{"embeddable":true,"href":"https:\/\/www.europesays.com\/es\/wp-json\/wp\/v2\/media\/272083"}],"wp:attachment":[{"href":"https:\/\/www.europesays.com\/es\/wp-json\/wp\/v2\/media?parent=272082"}],"wp:term":[{"taxonomy":"category","embeddable":true,"href":"https:\/\/www.europesays.com\/es\/wp-json\/wp\/v2\/categories?post=272082"},{"taxonomy":"post_tag","embeddable":true,"href":"https:\/\/www.europesays.com\/es\/wp-json\/wp\/v2\/tags?post=272082"}],"curies":[{"name":"wp","href":"https:\/\/api.w.org\/{rel}","templated":true}]}}