{"id":272093,"date":"2025-12-05T07:50:14","date_gmt":"2025-12-05T07:50:14","guid":{"rendered":"https:\/\/www.europesays.com\/es\/272093\/"},"modified":"2025-12-05T07:50:14","modified_gmt":"2025-12-05T07:50:14","slug":"proponen-intercambio-de-giannis-antetokounmpo-con-rumbo-a-los-lakers","status":"publish","type":"post","link":"https:\/\/www.europesays.com\/es\/272093\/","title":{"rendered":"Proponen intercambio de Giannis Antetokounmpo con rumbo a los Lakers"},"content":{"rendered":"<p class=\"\">La estrella de los <b>Milwaukee Bucks<\/b>, <b>Giannis Antetokounmpo<\/b>,<b> <\/b>y su agente, estar\u00edan analizando la posibilidad de entablar negociaciones con otros equipos de la NBA en caso de no encontrar buen puerto con los Bucks para la continuaci\u00f3n de la carrera del griego en el futuro pr\u00f3ximo.<\/p>\n<blockquote class=\"twitter-tweet\">\n<p lang=\"en\" dir=\"ltr\">Breaking: Giannis Antetokounmpo and his agent have started conversations with the Bucks about Giannis&#8217; future \u2013 and discussing whether his best fit is staying or elsewhere, sources tell <a href=\"https:\/\/twitter.com\/ShamsCharania?ref_src=twsrc%5Etfw\" rel=\"nofollow noopener\" target=\"_blank\">@ShamsCharania<\/a>. A resolution is expected in the coming weeks.<\/p>\n<p>Get breaking news alerts from\u2026 <a href=\"https:\/\/t.co\/LHzy5QSbwm\" rel=\"nofollow\">pic.twitter.com\/LHzy5QSbwm<\/a><\/p>\n<p>\u2014 ESPN (@espn) <a href=\"https:\/\/twitter.com\/espn\/status\/1996309819259564190?ref_src=twsrc%5Etfw\" rel=\"nofollow noopener\" target=\"_blank\">December 3, 2025<\/a><\/p><\/blockquote>\n<p class=\"\"><b>Giannis<\/b> <b>sufri\u00f3 una distensi\u00f3n en la pantorrilla derecha<\/b> en el juego ante los<b> Detroit Pistons<\/b>, quienes se mantienen como l\u00edderes de la <b>Conferencia Este<\/b>; por ahora se estima que se perder\u00e1 de dos a cuatro semanas.<\/p>\n<p class=\"\">Tras las informaciones de su situaci\u00f3n, diversos equipos han aparecido en el radar como un posible destino para el jugador: <a href=\"https:\/\/www.cbssports.com\/nba\/news\/giannis-antetokounmpo-mock-trades-what-potential-offers-from-knicks-lakers-warriors-could-look-like\/\" target=\"_self\" rel=\"nofollow noopener\" title=\"https:\/\/www.cbssports.com\/nba\/news\/giannis-antetokounmpo-mock-trades-what-potential-offers-from-knicks-lakers-warriors-could-look-like\/\"><b>New York Knicks, Los Angeles Lakers, Golden State Warriors, San Antonio Spurs<\/b><\/a>; incluso medios como ESPN hacen menci\u00f3n de posible destinos como <a href=\"https:\/\/www.espn.com.mx\/basquetbol\/nota\/_\/id\/16043762\/giannis-cinco-cambios-milwaukee-bucks-nba-carrera-titulo\" target=\"_self\" rel=\"nofollow noopener\" title=\"https:\/\/www.espn.com.mx\/basquetbol\/nota\/_\/id\/16043762\/giannis-cinco-cambios-milwaukee-bucks-nba-carrera-titulo\"><b>Atlanta Hawks o Houston Rockets<\/b><\/a>.<\/p>\n<p>El cambio propuesto para que resulte interesante para ambas partes<\/p>\n<p class=\"\"><a href=\"https:\/\/www.cbssports.com\/nba\/news\/giannis-antetokounmpo-mock-trades-what-potential-offers-from-knicks-lakers-warriors-could-look-like\/\" target=\"_self\" rel=\"nofollow noopener\" title=\"https:\/\/www.cbssports.com\/nba\/news\/giannis-antetokounmpo-mock-trades-what-potential-offers-from-knicks-lakers-warriors-could-look-like\/\">Primera propuesta<\/a>:<\/p>\n<ul>\n<li><b>Los Lakers obtendr\u00edan a:<\/b>\u00a0Giannis Antetokounmpo<\/li>\n<li><b>Los Bucks obtienen a:\u00a0<\/b>Austin Reaves,\u00a0Rui Hachimura,\u00a0Maxi Kleber,\u00a0Gabe Vincent,\u00a0Dalton Knecht, selecci\u00f3n de primera ronda sin protecci\u00f3n de Los Angeles de 2031, derechos de intercambio de primera ronda sin protecci\u00f3n con Los Angeles en 2026, 2028, 2030 y 2032.<\/li>\n<\/ul>\n<p class=\"\"><a href=\"https:\/\/x.com\/BleacherReport\/status\/1996649110456480033?s=20\" target=\"_self\" rel=\"nofollow\" title=\"https:\/\/x.com\/BleacherReport\/status\/1996649110456480033?s=20\">Segunda Propuesta<\/a>:<\/p>\n<ul>\n<li><b>Los Lakers obtendr\u00edan<\/b>: Giannis Antetokounmpo y Thanasis Antetokounmpo<\/li>\n<li><b>Los Bucks obtendr\u00edan<\/b>: Rui Hachimura, Jarred Vanderbilt, Dalton Knecht, intercambios de selecciones de primera ronda en 2026, 2028, 2030, 2032 y m\u00e1s.<\/li>\n<\/ul>\n<blockquote class=\"twitter-tweet\">\n<p lang=\"en\" dir=\"ltr\">THESE GIANNIS TRADE PACKAGES \ud83e\udd2f<\/p>\n<p>Lakers get: Giannis and Thanasis Antetokounmpo<\/p>\n<p>Bucks get: Rui Hachimura, Jarred Vanderbilt, ???, ???, Dalton Knecht, first-round pick swaps in 2026, 2028, 2030, 2032 + more<\/p>\n<p>\ud83d\ude33\ud83d\ude33\ud83d\ude33<\/p>\n<p>Knicks get: Giannis and Thanasis Antetokounmpo<\/p>\n<p>Bucks get:\u2026 <a href=\"https:\/\/t.co\/JFuMXhplKd\" rel=\"nofollow\">pic.twitter.com\/JFuMXhplKd<\/a><\/p>\n<p>\u2014 Bleacher Report (@BleacherReport) <a href=\"https:\/\/twitter.com\/BleacherReport\/status\/1996649110456480033?ref_src=twsrc%5Etfw\" rel=\"nofollow noopener\" target=\"_blank\">December 4, 2025<\/a><\/p><\/blockquote>\n<p class=\"\">La problem\u00e1tica en el hipot\u00e9tico traspaso es el tope salarial, <b>Austin Reaves gana alrededor de 40 millones de d\u00f3lares menos que Giannis<\/b>, por lo que el quinteto californiano tendr\u00eda que echar mano de diferentes jugadores para equilibrar la situaci\u00f3n. Por esta raz\u00f3n es que hay varios nombres presentes en la propuesta indicada, adem\u00e1s de las selecciones del draft.<\/p>\n<p>Noticias relacionadas<a href=\"https:\/\/as.com\/us\/baloncesto\/los-lakers-descartan-a-luka-doncic-por-tiempo-indefinido-f202512-n\/\" class=\"s_m_w\" title=\"La franquicia angelina confirm\u00f3 que el base esloveno y Marcus Smart se perder\u00e1n el pr\u00f3ximo encuentro en Toronto, Canad\u00e1.\" data-tb-link=\"\" rel=\"nofollow noopener\" target=\"_blank\"><img decoding=\"async\" src=\"https:\/\/www.europesays.com\/es\/wp-content\/uploads\/2025\/12\/1764921013_730_P3B5KVAFYFN3BKB625T2OCALX4.jpg\" alt=\"Los Lakers descartan a Luka Doncic por tiempo indefinido\" class=\"\" height=\"9\" width=\"16\"   loading=\"lazy\" data-tb-thumbnail=\"\"\/><\/a><a href=\"https:\/\/as.com\/us\/baloncesto\/lebron-james-asegura-que-jokic-es-el-jugador-mas-dominante-f202512-n\/\" class=\"s_m_w\" title=\"El futuro miembro del Sal\u00f3n de la Fama de la NBA confes\u00f3 que el serbio es el jugador m\u00e1s dominante al que se ha enfrentado.\" data-tb-link=\"\" rel=\"nofollow noopener\" target=\"_blank\"><img decoding=\"async\" src=\"https:\/\/www.europesays.com\/es\/wp-content\/uploads\/2025\/12\/1764921014_582_J4Y3XWMBVYR7RGJMKIIM4WRXTU.jpg\" alt=\"LeBron James asegura que Jokic es el jugador m\u00e1s dominante\" class=\"\" height=\"9\" width=\"16\"   loading=\"lazy\" data-tb-thumbnail=\"\"\/><\/a><\/p>\n<p class=\"\">Aunque tras la hipot\u00e9tica salida de los jugadores mencionados en el intercambio, a\u00fan contar\u00edan con piezas como <b>Luka Doncic<\/b>, <b>LeBron James<\/b>, <b>Deandre Ayton<\/b>, <b>Marcus Smart<\/b> y <b>Jake LaRavia<\/b>, aunque habr\u00eda mucha falta de profundidad en el equipo y<b> estar\u00edan vulnerables en caso de presentarse una lesi\u00f3n avanzada la temporada<\/b>. Aunque en estado \u00f3ptimo podr\u00edan resultar competitivos.<\/p>\n<p class=\"\"><b>\u00a1Tus opiniones importan!<\/b> Comenta en los art\u00edculos y suscr\u00edbete gratis a nuestra <a href=\"https:\/\/asfan.as.com\/newsletters\/\" target=\"_blank\" rel=\"nofollow noopener\" title=\"https:\/\/asfan.as.com\/newsletters\/\">newsletter<\/a> y a las alertas informativas en la <a href=\"https:\/\/as.com\/aplicacion-de-as-n\/\" target=\"_blank\" rel=\"nofollow noopener\" title=\"https:\/\/as.com\/aplicacion-de-as-n\/\">App<\/a> o el canal de <a href=\"https:\/\/www.whatsapp.com\/channel\/0029VaAasdA7j6g745nz9M10\" target=\"_blank\" rel=\"nofollow noopener\" title=\"https:\/\/www.whatsapp.com\/channel\/0029VaAasdA7j6g745nz9M10\">WhatsApp<\/a>. \u00bfBuscas licenciar contenido? Haz clic <a href=\"https:\/\/profesional.elpais.com\/soluciones-sindicacion?utm_medium=interno&amp;utm_source=crosslinking&amp;utm_campaign=sindicacion_as_pie_articulos\" target=\"_blank\" rel=\"nofollow noopener\" title=\"https:\/\/profesional.elpais.com\/soluciones-sindicacion?utm_medium=interno&amp;utm_source=crosslinking&amp;utm_campaign=sindicacion_as_pie_articulos\">aqu\u00ed<\/a><\/p>\n<p><script async src=\"https:\/\/platform.twitter.com\/widgets.js\" charset=\"utf-8\"><\/script><\/p>\n","protected":false},"excerpt":{"rendered":"La estrella de los Milwaukee Bucks, Giannis Antetokounmpo, y su agente, estar\u00edan analizando la posibilidad de entablar negociaciones&hellip;\n","protected":false},"author":2,"featured_media":272094,"comment_status":"","ping_status":"","sticky":false,"template":"","format":"standard","meta":{"footnotes":""},"categories":[269],"tags":[299,298,168,25,24,23,167],"class_list":{"0":"post-272093","1":"post","2":"type-post","3":"status-publish","4":"format-standard","5":"has-post-thumbnail","7":"category-baloncesto","8":"tag-baloncesto","9":"tag-basketball","10":"tag-deportes","11":"tag-es","12":"tag-espana","13":"tag-spain","14":"tag-sports"},"share_on_mastodon":{"url":"https:\/\/pubeurope.com\/@es\/115665871201682334","error":""},"_links":{"self":[{"href":"https:\/\/www.europesays.com\/es\/wp-json\/wp\/v2\/posts\/272093","targetHints":{"allow":["GET"]}}],"collection":[{"href":"https:\/\/www.europesays.com\/es\/wp-json\/wp\/v2\/posts"}],"about":[{"href":"https:\/\/www.europesays.com\/es\/wp-json\/wp\/v2\/types\/post"}],"author":[{"embeddable":true,"href":"https:\/\/www.europesays.com\/es\/wp-json\/wp\/v2\/users\/2"}],"replies":[{"embeddable":true,"href":"https:\/\/www.europesays.com\/es\/wp-json\/wp\/v2\/comments?post=272093"}],"version-history":[{"count":0,"href":"https:\/\/www.europesays.com\/es\/wp-json\/wp\/v2\/posts\/272093\/revisions"}],"wp:featuredmedia":[{"embeddable":true,"href":"https:\/\/www.europesays.com\/es\/wp-json\/wp\/v2\/media\/272094"}],"wp:attachment":[{"href":"https:\/\/www.europesays.com\/es\/wp-json\/wp\/v2\/media?parent=272093"}],"wp:term":[{"taxonomy":"category","embeddable":true,"href":"https:\/\/www.europesays.com\/es\/wp-json\/wp\/v2\/categories?post=272093"},{"taxonomy":"post_tag","embeddable":true,"href":"https:\/\/www.europesays.com\/es\/wp-json\/wp\/v2\/tags?post=272093"}],"curies":[{"name":"wp","href":"https:\/\/api.w.org\/{rel}","templated":true}]}}