{"id":272101,"date":"2025-12-05T07:55:17","date_gmt":"2025-12-05T07:55:17","guid":{"rendered":"https:\/\/www.europesays.com\/es\/272101\/"},"modified":"2025-12-05T07:55:17","modified_gmt":"2025-12-05T07:55:17","slug":"esta-ha-sido-la-reaccion-de-sus-companeros-en-la-casa","status":"publish","type":"post","link":"https:\/\/www.europesays.com\/es\/272101\/","title":{"rendered":"esta ha sido la reacci\u00f3n de sus compa\u00f1eros en la casa"},"content":{"rendered":"\n<p> <strong>El 49% de los fieles seguidores de Gran Hermano 20 no han querido seguir viendo a Jos\u00e9 Manuel <\/strong>dentro de la casa. Esta vez, el sevillano no ha logrado vencer a Bel\u00e9n y Patricia, las dos salvadas por la audiencia con un porcentaje casi igualado. <\/p>\n<p> <strong>\u00abNo voy a despedirme de mis compa\u00f1eros, porque estoy convencido de que voy a volver\u00bb<\/strong>, dijo segundos antes de entrar en la sala de expulsiones. De hecho, el autonombrado cocinero de la casa apost\u00f3 porque el duelo de la expulsi\u00f3n se disputar\u00eda entre las dos chicas, en ning\u00fan caso valorando la posibilidad de que fuese \u00e9l. <\/p>\n<p> Sin embargo, el p\u00fablico soberano lo ha sacado de la competencia y con un acumulado de votos considerable entre tres candidatos a irse. Una eliminaci\u00f3n que sorprendi\u00f3 al propio Jos\u00e9 Manuel, pese a mostrarse deportivamente satisfecho con la decisi\u00f3n de los telespectadores, <strong>\u00abes un juego, a veces se gana y otras se pierde\u00bb, contest\u00f3 a Jorge Javier V\u00e1zquez, tras perder ante Patricia y Bel\u00e9n.<\/strong> <\/p>\n<p> La casa fue la siguiente en reaccionar, con especial atenci\u00f3n al comportamiento adoptado por<strong> Aroa, Aquilino, Cristian, Mamadou, Roc\u00edo y Desir\u00e9e, que ni se levantaron del sof\u00e1 al ver entrar a Patricia como salvada <\/strong>del duelo. \u00ab\u00a1Me he quedado loca!\u00bb, se escuch\u00f3 decir a la malague\u00f1a, pese a protagonizar varios encontronazos con el mister. Sus gestos rezumaban asombro, ya que contaban con que era ella la eliminada de la semana. <\/p>\n<p>               Desir\u00e9e, Cristian y Roc\u00edo, concursantes de &#8216;Gran Hermano&#8217;. (Mediaset)             <\/p>\n<p> <strong>\u00abEra de los m\u00e1s importantes aqu\u00ed\u00bb, expres\u00f3 Roc\u00edo, rompiendo a llorar.<\/strong> Misma actitud que Cristian, casi al borde de la l\u00e1grima: \u00abEra como un ni\u00f1o, mi hermano peque\u00f1o. No compro as\u00ed\u00bb. Tambi\u00e9n <strong>Ra\u00fal evidenci\u00f3 su disgusto y \u00abpena\u00bb<\/strong> con la determinaci\u00f3n de la audiencia y tener que perder a otro apoyo \u2014tras el reciente abandono de \u00cd\u00f1igo Tina, su gran amigo dentro de la casa\u2014. <\/p>\n<p>              <img decoding=\"async\" class=\"inTextNews__img\" alt=\"Foto: gran-hermano-expulsados-muebles-reaccion-casa\" src=\"https:\/\/www.europesays.com\/es\/wp-content\/uploads\/2025\/12\/f.elconfidencial.com\/original\/8e0\/6b9\/734\/8e06b97343ba206e3ac11b42a8ef9850.jpg\"  \/>     <\/p>\n<p>TE PUEDE INTERESAR<\/p>\n<p>      <a class=\"inTextNews__title\" href=\"https:\/\/www.elconfidencial.com\/television\/programas-tv\/2025-12-05\/gran-hermano-expulsados-muebles-reaccion-casa_4260866\/\" onclick=\"window.ECCO.emit(&#039;amplitude&#039;, { dataEventName: &#039;click_related_article_module&#039;, data: { related_article_url: &#039;https:\/\/www.elconfidencial.com\/television\/programas-tv\/2025-12-05\/gran-hermano-expulsados-muebles-reaccion-casa_4260866\/&#039;, related_article_author: &#039;Alvaro Rold\u00e1n&#039;, related_article_section: &#039;programas-tv&#039; } })\" rel=\"nofollow noopener\" target=\"_blank\"> \u00ab\u00bfC\u00f3mo que un mueble?\u00bb: impacto (y cabreo) en la casa con las expulsiones de los &#8216;paquetes&#8217; de &#8216;Gran Hermano&#8217; <\/a>   <\/p>\n<p>    \u00c1. R   <\/p>\n<p> Por su parte, el resto de los compa\u00f1eros s\u00ed celebraron la salida de Jos\u00e9 Manuel, como fue el caso de<strong> Edurne, Jonay, Bel\u00e9n, Joon o Paula. Todos ellos corrieron a felicitar a Patricia <\/strong>nada m\u00e1s verla entrar por la puerta del confesionario, interpret\u00e1ndose como un respaldo a lo que acababa de suceder en la sala de expulsiones. <\/p>\n<p> <strong>El 49% de los fieles seguidores de Gran Hermano 20 no han querido seguir viendo a Jos\u00e9 Manuel <\/strong>dentro de la casa. Esta vez, el sevillano no ha logrado vencer a Bel\u00e9n y Patricia, las dos salvadas por la audiencia con un porcentaje casi igualado. <\/p>\n","protected":false},"excerpt":{"rendered":"El 49% de los fieles seguidores de Gran Hermano 20 no han querido seguir viendo a Jos\u00e9 Manuel&hellip;\n","protected":false},"author":2,"featured_media":272102,"comment_status":"","ping_status":"","sticky":false,"template":"","format":"standard","meta":{"footnotes":""},"categories":[171],"tags":[146,147,25,24,23,214],"class_list":{"0":"post-272101","1":"post","2":"type-post","3":"status-publish","4":"format-standard","5":"has-post-thumbnail","7":"category-tv","8":"tag-entertainment","9":"tag-entretenimiento","10":"tag-es","11":"tag-espana","12":"tag-spain","13":"tag-tv"},"share_on_mastodon":{"url":"https:\/\/pubeurope.com\/@es\/115665890760427516","error":""},"_links":{"self":[{"href":"https:\/\/www.europesays.com\/es\/wp-json\/wp\/v2\/posts\/272101","targetHints":{"allow":["GET"]}}],"collection":[{"href":"https:\/\/www.europesays.com\/es\/wp-json\/wp\/v2\/posts"}],"about":[{"href":"https:\/\/www.europesays.com\/es\/wp-json\/wp\/v2\/types\/post"}],"author":[{"embeddable":true,"href":"https:\/\/www.europesays.com\/es\/wp-json\/wp\/v2\/users\/2"}],"replies":[{"embeddable":true,"href":"https:\/\/www.europesays.com\/es\/wp-json\/wp\/v2\/comments?post=272101"}],"version-history":[{"count":0,"href":"https:\/\/www.europesays.com\/es\/wp-json\/wp\/v2\/posts\/272101\/revisions"}],"wp:featuredmedia":[{"embeddable":true,"href":"https:\/\/www.europesays.com\/es\/wp-json\/wp\/v2\/media\/272102"}],"wp:attachment":[{"href":"https:\/\/www.europesays.com\/es\/wp-json\/wp\/v2\/media?parent=272101"}],"wp:term":[{"taxonomy":"category","embeddable":true,"href":"https:\/\/www.europesays.com\/es\/wp-json\/wp\/v2\/categories?post=272101"},{"taxonomy":"post_tag","embeddable":true,"href":"https:\/\/www.europesays.com\/es\/wp-json\/wp\/v2\/tags?post=272101"}],"curies":[{"name":"wp","href":"https:\/\/api.w.org\/{rel}","templated":true}]}}