{"id":272105,"date":"2025-12-05T07:59:10","date_gmt":"2025-12-05T07:59:10","guid":{"rendered":"https:\/\/www.europesays.com\/es\/272105\/"},"modified":"2025-12-05T07:59:10","modified_gmt":"2025-12-05T07:59:10","slug":"la-epidemia-de-la-gripe-se-adelanta-en-tarragona-con-el-pico-de-contagios-previsto-para-navidad","status":"publish","type":"post","link":"https:\/\/www.europesays.com\/es\/272105\/","title":{"rendered":"La epidemia de la gripe se adelanta en Tarragona, con el pico de contagios previsto para Navidad"},"content":{"rendered":"<p>                                    <img decoding=\"async\" loading=\"lazy\" src=\"https:\/\/www.europesays.com\/es\/wp-content\/uploads\/2025\/12\/66439eb9c9e94.jpeg\" alt=\"Marta Omella\" width=\"40\" height=\"40\" data-full-src=\"https:\/\/www.europesays.com\/es\/wp-content\/uploads\/2025\/12\/66439eb9c9e94.jpeg\"\/><\/p>\n<p class=\"paragraph\">Este a\u00f1o <b>la temporada de gripe ha llegado antes del previsto<\/b> a Catalu\u00f1a, un adelanto que se vive tambi\u00e9n en el Camp de Tarragona, donde los diagn\u00f3sticos casi se cuadruplican con respecto a las mismas fechas del a\u00f1o pasado.<\/p>\n<p class=\"paragraph\">Se tratar\u00eda del volumen de <b>casos m\u00e1s alto registrado durante esta \u00e9poca del a\u00f1o desde la temporada 2022\u20142023<\/b>, seg\u00fan los \u00faltimos datos del Sistema de Informaci\u00f3n para la Vigilancia de Infecciones en Catalu\u00f1a (SIVIC), correspondientes a la semana del 24 al 30 de noviembre.<\/p>\n<p class=\"paragraph\">La incidencia estimada actual en el territorio es de <b>153 casos cada 100.000 habitantes<\/b>, que equivale a un total de 863 diagn\u00f3sticos, situ\u00e1ndose en el nivel moderado de transmisi\u00f3n.<\/p>\n<p class=\"paragraph\">La mayor\u00eda de estos (363) corresponden a personas de entre 15 y 44 a\u00f1os, mientras que la segunda franja m\u00e1s afectada ser\u00eda la de 5 a 14 a\u00f1os (218). En <b>Catalu\u00f1a la incidencia dobla la de la semana anterior<\/b>, con 11.122 diagn\u00f3sticos enfrente de los 6.006 de la semana previa.<\/p>\n<p class=\"paragraph\">Seg\u00fan Salut, la <b>variante dominante es la gripe A<\/b>, sobre todo entre la poblaci\u00f3n pedi\u00e1trica. Tambi\u00e9n se ha registrado un incremento de otras infecciones respiratorias agudas, acumulando un total de 4.625 casos en el Camp de Tarragona y 63.035 a nivel auton\u00f3mico.<\/p>\n<p class=\"paragraph\"><b>La predominante es el rinovirus<\/b>, a menudo el agente causal del resfriado com\u00fan. La covid, en cambio, se mantiene estable en niveles bajos de transmisi\u00f3n, con 9,42 casos por 100.000 habitantes.<\/p>\n<p>Sin causa concreta<\/p>\n<p class=\"paragraph\">Seg\u00fan la subdirectora regional en el Camp de Tarragona y Terres de l&#8217;Ebre de la Ag\u00e8ncia de Salut P\u00fablica de Catalunya, Ana Bocio, este aumento prematuro no se puede atribuir a un \u00fanico factor, sino \u00ab<b>al comportamiento natural del virus, que var\u00eda en cada temporada<\/b>.\u00bb<\/p>\n<p class=\"paragraph\">As\u00ed, las previsiones del Departament de Salut es que el <b>pico de la epidemia<\/b> <b>llegue dentro de tres semanas, coincidiendo con las fiestas de Navidad<\/b>. La temporada pasada, el nivel m\u00e1ximo de contagios se alcanz\u00f3 el 20 de enero, un mes m\u00e1s tarde que este a\u00f1o. \u00abEs una \u00e9poca en que nos encontramos mucho y en espacios cerrados, y por eso es importante vacunarse\u00bb, afirma Bocio.<\/p>\n<p>Se abre la vacunaci\u00f3n<\/p>\n<p class=\"paragraph\">Este a\u00f1o, destaca, la campa\u00f1a de vacunaci\u00f3n arranc\u00f3 el 22 de septiembre, antes que otras temporadas, Adem\u00e1s, este lunes se ha abierto a toda la poblaci\u00f3n, m\u00e1s all\u00e1 de los grupos de riesgo habituales. \u00abAhora mismo en el Camp de Tarragona tenemos una cobertura de m\u00e1s del 65% en mayores de 80 a\u00f1os y de m\u00e1s de 50% en personas de 70 a 79. <b>Es una cantidad m\u00e1s alta que el a\u00f1o pasado a estas alturas<\/b>\u00bb, subraya a la subdirectora.<\/p>\n<p class=\"paragraph\"><b>En el territorio ya se han administrado cerca de 80.000 vacunas<\/b>, unas 9.500 m\u00e1s que en el mismo periodo del a\u00f1o pasado. \u00abTenemos que vacunarnos, no s\u00f3lo por nosotros, sino para proteger a aquellas personas vulnerables que nos rodean\u00bb, insiste.<\/p>\n<p>El protocolo com\u00fan aconseja la mascarilla<\/p>\n<p>La Comisi\u00f3n de Salud P\u00fablica aprob\u00f3 este mi\u00e9rcoles un protocolo de actuaci\u00f3n com\u00fan ante enfermedades respiratorias agudas, con recomendaciones que incluyen el uso de mascarilla en personas con s\u00edntomas, especialmente en centros sanitarios y residencias. El documento, basado en la experiencia de la covid y alineado con las directrices del ECDC y la OMS, establece cuatro escenarios de evoluci\u00f3n epid\u00e9mica: el nivel basal o interepid\u00e9mico, el bajo o medio, el alto, y el muy alto. Tambi\u00e9n refuerza la ventilaci\u00f3n de espacios, la higiene de manos y la promoci\u00f3n de la vacunaci\u00f3n.<\/p>\n","protected":false},"excerpt":{"rendered":"Este a\u00f1o la temporada de gripe ha llegado antes del previsto a Catalu\u00f1a, un adelanto que se vive&hellip;\n","protected":false},"author":2,"featured_media":272106,"comment_status":"","ping_status":"","sticky":false,"template":"","format":"standard","meta":{"footnotes":""},"categories":[92],"tags":[25,24,165,166,23],"class_list":{"0":"post-272105","1":"post","2":"type-post","3":"status-publish","4":"format-standard","5":"has-post-thumbnail","7":"category-salud","8":"tag-es","9":"tag-espana","10":"tag-health","11":"tag-salud","12":"tag-spain"},"share_on_mastodon":{"url":"https:\/\/pubeurope.com\/@es\/115665906504461050","error":""},"_links":{"self":[{"href":"https:\/\/www.europesays.com\/es\/wp-json\/wp\/v2\/posts\/272105","targetHints":{"allow":["GET"]}}],"collection":[{"href":"https:\/\/www.europesays.com\/es\/wp-json\/wp\/v2\/posts"}],"about":[{"href":"https:\/\/www.europesays.com\/es\/wp-json\/wp\/v2\/types\/post"}],"author":[{"embeddable":true,"href":"https:\/\/www.europesays.com\/es\/wp-json\/wp\/v2\/users\/2"}],"replies":[{"embeddable":true,"href":"https:\/\/www.europesays.com\/es\/wp-json\/wp\/v2\/comments?post=272105"}],"version-history":[{"count":0,"href":"https:\/\/www.europesays.com\/es\/wp-json\/wp\/v2\/posts\/272105\/revisions"}],"wp:featuredmedia":[{"embeddable":true,"href":"https:\/\/www.europesays.com\/es\/wp-json\/wp\/v2\/media\/272106"}],"wp:attachment":[{"href":"https:\/\/www.europesays.com\/es\/wp-json\/wp\/v2\/media?parent=272105"}],"wp:term":[{"taxonomy":"category","embeddable":true,"href":"https:\/\/www.europesays.com\/es\/wp-json\/wp\/v2\/categories?post=272105"},{"taxonomy":"post_tag","embeddable":true,"href":"https:\/\/www.europesays.com\/es\/wp-json\/wp\/v2\/tags?post=272105"}],"curies":[{"name":"wp","href":"https:\/\/api.w.org\/{rel}","templated":true}]}}