{"id":272107,"date":"2025-12-05T08:00:24","date_gmt":"2025-12-05T08:00:24","guid":{"rendered":"https:\/\/www.europesays.com\/es\/272107\/"},"modified":"2025-12-05T08:00:24","modified_gmt":"2025-12-05T08:00:24","slug":"asi-se-cargara-de-un-plumazo-a-varios-concursantes-en-telecinco","status":"publish","type":"post","link":"https:\/\/www.europesays.com\/es\/272107\/","title":{"rendered":"as\u00ed se cargar\u00e1 de un plumazo a varios concursantes en Telecinco"},"content":{"rendered":"\n<p> Cuando se cumple un mes del estreno de <strong>Gran Hermano 20<\/strong> y con la decisi\u00f3n de Telecinco de <a href=\"https:\/\/www.elconfidencial.com\/television\/programas-tv\/2025-12-03\/telecinco-cancela-gran-hermano-edicion-famosos_4259565\/\" target=\"_blank\" rel=\"nofollow noopener\">acelerar el final<\/a> ante los malos datos de audiencia, la gala de esta noche, que presenta una vez m\u00e1s Jorge Javier, servir\u00e1 para <strong>hacer limpieza de concursantes.<\/strong> <\/p>\n<p> Tal y como lleva anunciando Mediaset Espa\u00f1a varios d\u00edas, la entrega del reality show de hoy <strong>se llevar\u00e1 a un n\u00famero indeterminado de habitantes por delante<\/strong>, vaciando dr\u00e1sticamente la casa de Tres Cantos de cara a su final en pocos d\u00edas. <\/p>\n<p> <strong>El cami\u00f3n de la mudanza de <\/strong><strong>GH<\/strong> llega a partir de las 22:00 horas para llevarse a los concursantes que menos convencen a la audiencia en una decisi\u00f3n en la que el p\u00fablico volver\u00e1 a tener un papel determinante. No se indica qu\u00e9 n\u00famero de personas se ir\u00e1n a la calle. <\/p>\n<p>                Fotograma de &#8216;GH 20&#8217;. (Mediaset Espa\u00f1a)            <\/p>\n<p> Minutos antes, <strong>Bel\u00e9n, Jos\u00e9 Manuel o Patricia se juegan la expulsi\u00f3n<\/strong> tras la salvaci\u00f3n de Joon. Decisi\u00f3n de la audiencia con sus votos en la app de Mediaset Infinity, que viene precedida por la decisi\u00f3n del programa de proyectar en el sal\u00f3n im\u00e1genes de la convivencia de los tres candidatos, que ser\u00e1n visionadas por todos los habitantes de la casa.  <\/p>\n<p> \u00a0Adem\u00e1s, los padrinos de la prueba semanal, <strong>Anabel Pantoja, Edi Insua y Violeta Crespo<\/strong> estar\u00e1n presentes nuevamente en la casa para ser testigos de la evoluci\u00f3n y el esfuerzo de los concursantes en los ensayos de la coreograf\u00eda. Por \u00faltimo, el programa abordar\u00e1 la \u00faltima hora de la convivencia, con especial atenci\u00f3n al paso decisivo que Aquilino ha dado con Paula, las tensiones en la convivencia por la comida, con Jos\u00e9 Manuel en el centro de todas las miradas y el inter\u00e9s de Cristian por Patricia. <\/p>\n<p> Cuando se cumple un mes del estreno de <strong>Gran Hermano 20<\/strong> y con la decisi\u00f3n de Telecinco de <a href=\"https:\/\/www.elconfidencial.com\/television\/programas-tv\/2025-12-03\/telecinco-cancela-gran-hermano-edicion-famosos_4259565\/\" target=\"_blank\" rel=\"nofollow noopener\">acelerar el final<\/a> ante los malos datos de audiencia, la gala de esta noche, que presenta una vez m\u00e1s Jorge Javier, servir\u00e1 para <strong>hacer limpieza de concursantes.<\/strong> <\/p>\n","protected":false},"excerpt":{"rendered":"Cuando se cumple un mes del estreno de Gran Hermano 20 y con la decisi\u00f3n de Telecinco de&hellip;\n","protected":false},"author":2,"featured_media":272108,"comment_status":"","ping_status":"","sticky":false,"template":"","format":"standard","meta":{"footnotes":""},"categories":[91],"tags":[146,147,25,24,23],"class_list":{"0":"post-272107","1":"post","2":"type-post","3":"status-publish","4":"format-standard","5":"has-post-thumbnail","7":"category-entretenimiento","8":"tag-entertainment","9":"tag-entretenimiento","10":"tag-es","11":"tag-espana","12":"tag-spain"},"share_on_mastodon":{"url":"https:\/\/pubeurope.com\/@es\/115665910082335163","error":""},"_links":{"self":[{"href":"https:\/\/www.europesays.com\/es\/wp-json\/wp\/v2\/posts\/272107","targetHints":{"allow":["GET"]}}],"collection":[{"href":"https:\/\/www.europesays.com\/es\/wp-json\/wp\/v2\/posts"}],"about":[{"href":"https:\/\/www.europesays.com\/es\/wp-json\/wp\/v2\/types\/post"}],"author":[{"embeddable":true,"href":"https:\/\/www.europesays.com\/es\/wp-json\/wp\/v2\/users\/2"}],"replies":[{"embeddable":true,"href":"https:\/\/www.europesays.com\/es\/wp-json\/wp\/v2\/comments?post=272107"}],"version-history":[{"count":0,"href":"https:\/\/www.europesays.com\/es\/wp-json\/wp\/v2\/posts\/272107\/revisions"}],"wp:featuredmedia":[{"embeddable":true,"href":"https:\/\/www.europesays.com\/es\/wp-json\/wp\/v2\/media\/272108"}],"wp:attachment":[{"href":"https:\/\/www.europesays.com\/es\/wp-json\/wp\/v2\/media?parent=272107"}],"wp:term":[{"taxonomy":"category","embeddable":true,"href":"https:\/\/www.europesays.com\/es\/wp-json\/wp\/v2\/categories?post=272107"},{"taxonomy":"post_tag","embeddable":true,"href":"https:\/\/www.europesays.com\/es\/wp-json\/wp\/v2\/tags?post=272107"}],"curies":[{"name":"wp","href":"https:\/\/api.w.org\/{rel}","templated":true}]}}