{"id":272117,"date":"2025-12-05T08:14:10","date_gmt":"2025-12-05T08:14:10","guid":{"rendered":"https:\/\/www.europesays.com\/es\/272117\/"},"modified":"2025-12-05T08:14:10","modified_gmt":"2025-12-05T08:14:10","slug":"el-pivot-del-alimerka-rebotea-postea-y-domina-seis-idiomas","status":"publish","type":"post","link":"https:\/\/www.europesays.com\/es\/272117\/","title":{"rendered":"el p\u00edvot del Alimerka rebotea, postea y&#8230; \u00a1domina seis idiomas!"},"content":{"rendered":"<p class=\"ft-text ft-helper-closenews\">\u00abCuando aterriz\u00f3 en Asturias en marzo, en la recta final de la pasada temporada, nada hac\u00eda pensar que <strong>Alonso Faure Ribes<\/strong> (Burjasot, Alicante, <strong>20 de febrero de 2002<\/strong>) fuera a convertirse en una pieza esencial del <strong>Alimerka Oviedo Baloncesto<\/strong>. Poco se conoc\u00eda de \u00e9l. Que era un tipo grande, un <strong>p\u00edvot de 2,08<\/strong> que ven\u00eda de una campa\u00f1a discreta, marcada por las lesiones, en <strong>Pepperdine<\/strong>, una universidad de <strong>Malib\u00fa (California)<\/strong>. Ocho meses despu\u00e9s, se puede decir que la direcci\u00f3n deportiva del <strong>OCB<\/strong> ha acertado de nuevo: <strong>Faure se ha consolidado como un elemento vital<\/strong> en los esquemas de <strong>Javi Rodr\u00edguez<\/strong>. Una vez en forma, el alicantino muestra un repertorio amplio: <strong>rebotea<\/strong>, <strong>postea<\/strong>, <strong>juega las continuaciones<\/strong>, <strong>corre en transici\u00f3n<\/strong> y hasta se permite alg\u00fan <strong>lanzamiento de media y larga distancia<\/strong>. Habla en muchos idiomas, en la pista y fuera, donde maneja <strong>seis lenguas<\/strong>, entre ellas el <strong>serbio<\/strong>.<\/p>\n<p class=\"ft-text\">Faure, que estudi\u00f3 <strong>an\u00e1lisis de datos<\/strong> en Estados Unidos, siente una especial atracci\u00f3n por los idiomas, que aprende por su cuenta. \u00abMe gusta poder <strong>comunicarme con todo el mundo<\/strong>\u00ab, explica el jugador, que, adem\u00e1s de <strong>espa\u00f1ol y valenciano<\/strong>, se expresa con naturalidad en <strong>franc\u00e9s<\/strong> (nacionalidad de su padre), <strong>ingl\u00e9s<\/strong>, <strong>italiano<\/strong> y <strong>serbio<\/strong>. El idioma balc\u00e1nico puede resultar algo ex\u00f3tico en Espa\u00f1a. \u00abJugu\u00e9 en NCAA con <strong>dos gemelos serbios<\/strong> y lo practicaba con ellos. Tiene algunas cosas gramaticales m\u00e1s complicadas para nosotros, como las <strong>declinaciones<\/strong>, pero en general creo que no es muy dif\u00edcil\u00bb, apunta el interior del <strong>OCB<\/strong>. Los hermanos serbios a los que se refiere son <strong>Veljko y Milos Ilic<\/strong>, con los que coincidi\u00f3 en <strong>Loyola Maryland<\/strong>. Una plantilla, por cierto, en la que tambi\u00e9n estaba <strong>Golden Dike<\/strong>, p\u00edvot espa\u00f1ol del <strong>Palmer<\/strong>.<\/p>\n<p class=\"ft-text\">En el terreno estrictamente deportivo, Faure cuenta las horas para que llegue el enfrentamiento en el <strong>Palacio de los Deportes<\/strong> contra el <strong>Alega Cantabria<\/strong> (<strong>ma\u00f1ana, 19 horas<\/strong>). \u00abEl par\u00f3n de la ventana nos vino bien, tuvimos <strong>cuatro d\u00edas<\/strong> para desconectar un poco y volver con m\u00e1s fuerza. A nadie le gusta perder, y contra el Menorca nos qued\u00f3 mal sabor de boca porque sabemos que podemos ganar, pero no es para lamentarse. Nos falta <strong>anotar algunos tiros liberados<\/strong>, pero si seguimos jugando como sabemos y estando <strong>todos juntos<\/strong> podemos ganar a cualquiera\u00bb, analiza el p\u00edvot.<\/p>\n<p class=\"ft-text\">Contento con su rendimiento (<strong>promedia 7 puntos y 4,4 rebotes en 15 minutos por partido<\/strong>), Faure no se arredra: \u00abS\u00e9 que puedo dar m\u00e1s, me vino bien llegar al final de la temporada pasada para poder tener continuidad.\u00bb<\/p>\n<p data-close=\"closedContent\" class=\"subscribeHideForDisplay\">Suscr\u00edbete para seguir leyendo<\/p>\n","protected":false},"excerpt":{"rendered":"\u00abCuando aterriz\u00f3 en Asturias en marzo, en la recta final de la pasada temporada, nada hac\u00eda pensar que&hellip;\n","protected":false},"author":2,"featured_media":272118,"comment_status":"","ping_status":"","sticky":false,"template":"","format":"standard","meta":{"footnotes":""},"categories":[269],"tags":[1795,3732,1770,299,298,168,25,24,66737,8471,66736,13716,7982,1797,23,167],"class_list":{"0":"post-272117","1":"post","2":"type-post","3":"status-publish","4":"format-standard","5":"has-post-thumbnail","7":"category-baloncesto","8":"tag-alimerka","9":"tag-alonso","10":"tag-asturias","11":"tag-baloncesto","12":"tag-basketball","13":"tag-deportes","14":"tag-es","15":"tag-espana","16":"tag-faure","17":"tag-fuera","18":"tag-habilidad","19":"tag-idiomas","20":"tag-increible","21":"tag-ocb","22":"tag-spain","23":"tag-sports"},"share_on_mastodon":{"url":"https:\/\/pubeurope.com\/@es\/115665965215285496","error":""},"_links":{"self":[{"href":"https:\/\/www.europesays.com\/es\/wp-json\/wp\/v2\/posts\/272117","targetHints":{"allow":["GET"]}}],"collection":[{"href":"https:\/\/www.europesays.com\/es\/wp-json\/wp\/v2\/posts"}],"about":[{"href":"https:\/\/www.europesays.com\/es\/wp-json\/wp\/v2\/types\/post"}],"author":[{"embeddable":true,"href":"https:\/\/www.europesays.com\/es\/wp-json\/wp\/v2\/users\/2"}],"replies":[{"embeddable":true,"href":"https:\/\/www.europesays.com\/es\/wp-json\/wp\/v2\/comments?post=272117"}],"version-history":[{"count":0,"href":"https:\/\/www.europesays.com\/es\/wp-json\/wp\/v2\/posts\/272117\/revisions"}],"wp:featuredmedia":[{"embeddable":true,"href":"https:\/\/www.europesays.com\/es\/wp-json\/wp\/v2\/media\/272118"}],"wp:attachment":[{"href":"https:\/\/www.europesays.com\/es\/wp-json\/wp\/v2\/media?parent=272117"}],"wp:term":[{"taxonomy":"category","embeddable":true,"href":"https:\/\/www.europesays.com\/es\/wp-json\/wp\/v2\/categories?post=272117"},{"taxonomy":"post_tag","embeddable":true,"href":"https:\/\/www.europesays.com\/es\/wp-json\/wp\/v2\/tags?post=272117"}],"curies":[{"name":"wp","href":"https:\/\/api.w.org\/{rel}","templated":true}]}}