{"id":272119,"date":"2025-12-05T08:15:12","date_gmt":"2025-12-05T08:15:12","guid":{"rendered":"https:\/\/www.europesays.com\/es\/272119\/"},"modified":"2025-12-05T08:15:12","modified_gmt":"2025-12-05T08:15:12","slug":"real-avila-rayo-en-directo","status":"publish","type":"post","link":"https:\/\/www.europesays.com\/es\/272119\/","title":{"rendered":"Real \u00c1vila &#8211; Rayo en directo"},"content":{"rendered":"\n<p class=\"ue-c-article__paragraph \">Comentarios en directo del Real \u00c1vila-Rayo Vallecano que comienza a las 19.00 horas<\/p>\n<p class=\"ue-c-article__paragraph \">\u00a1Buenas tardes! Y bienvenidos al Municipal Adolfo Su\u00e1rez para el partido que desde las 19.00 horas enfrentar\u00e1 al Real \u00c1vila y al Rayo Vallecano en la segundo ronda de la Copa del Rey. Todav\u00eda quedan algunas entradas por venderse, pero el estadio abulense registrar\u00e1 un ambiente de \u00e9poca pese a las bajas temperaturas. <\/p>\n<p class=\"ue-c-article__paragraph \">Muchos aficionados del Rayo se dar\u00e1n cita en \u00c1vila para acompa\u00f1ar a su equipo, que presentar\u00e1 un once con muchas ausencias por lesi\u00f3n -Trejo, Pedro D\u00edaz, Nteka, Mumin-, por cuestiones personales -Pacha Espino- o simplemente por descanso.<\/p>\n","protected":false},"excerpt":{"rendered":"Comentarios en directo del Real \u00c1vila-Rayo Vallecano que comienza a las 19.00 horas \u00a1Buenas tardes! Y bienvenidos al&hellip;\n","protected":false},"author":2,"featured_media":272120,"comment_status":"","ping_status":"","sticky":false,"template":"","format":"standard","meta":{"footnotes":""},"categories":[268],"tags":[168,25,24,280,282,281,23,167],"class_list":{"0":"post-272119","1":"post","2":"type-post","3":"status-publish","4":"format-standard","5":"has-post-thumbnail","7":"category-futbol","8":"tag-deportes","9":"tag-es","10":"tag-espana","11":"tag-football","12":"tag-futbol","13":"tag-soccer","14":"tag-spain","15":"tag-sports"},"share_on_mastodon":{"url":"https:\/\/pubeurope.com\/@es\/115665969287350745","error":""},"_links":{"self":[{"href":"https:\/\/www.europesays.com\/es\/wp-json\/wp\/v2\/posts\/272119","targetHints":{"allow":["GET"]}}],"collection":[{"href":"https:\/\/www.europesays.com\/es\/wp-json\/wp\/v2\/posts"}],"about":[{"href":"https:\/\/www.europesays.com\/es\/wp-json\/wp\/v2\/types\/post"}],"author":[{"embeddable":true,"href":"https:\/\/www.europesays.com\/es\/wp-json\/wp\/v2\/users\/2"}],"replies":[{"embeddable":true,"href":"https:\/\/www.europesays.com\/es\/wp-json\/wp\/v2\/comments?post=272119"}],"version-history":[{"count":0,"href":"https:\/\/www.europesays.com\/es\/wp-json\/wp\/v2\/posts\/272119\/revisions"}],"wp:featuredmedia":[{"embeddable":true,"href":"https:\/\/www.europesays.com\/es\/wp-json\/wp\/v2\/media\/272120"}],"wp:attachment":[{"href":"https:\/\/www.europesays.com\/es\/wp-json\/wp\/v2\/media?parent=272119"}],"wp:term":[{"taxonomy":"category","embeddable":true,"href":"https:\/\/www.europesays.com\/es\/wp-json\/wp\/v2\/categories?post=272119"},{"taxonomy":"post_tag","embeddable":true,"href":"https:\/\/www.europesays.com\/es\/wp-json\/wp\/v2\/tags?post=272119"}],"curies":[{"name":"wp","href":"https:\/\/api.w.org\/{rel}","templated":true}]}}