{"id":272123,"date":"2025-12-05T08:17:09","date_gmt":"2025-12-05T08:17:09","guid":{"rendered":"https:\/\/www.europesays.com\/es\/272123\/"},"modified":"2025-12-05T08:17:09","modified_gmt":"2025-12-05T08:17:09","slug":"la-artista-tras-la-paleta-de-color-de-acuarelas","status":"publish","type":"post","link":"https:\/\/www.europesays.com\/es\/272123\/","title":{"rendered":"La artista tras la paleta de color de acuarelas"},"content":{"rendered":"<p class=\"ft-text ft-helper-closenews\">En la parte alta de la tienda esconde su peque\u00f1o mundo de color. Al subir las escaleras se descubre el rinc\u00f3n en el que sus formulaciones se hacen realidad a trav\u00e9s de una mezcla, a veces precisa , a veces a ojo, de los ingredientes que ella misma prueba y estudia previamente. Botes de diversos pigmentos, cientos de min\u00fasculos moldes rellenos y perfectamente ordenados para incorporarse al estuche, as\u00ed como peque\u00f1os sets con la combinaci\u00f3n definitiva, adornan el espacio en el que <strong>Carlota Cao dise\u00f1a y \u00abcocina\u00bb cada tarde, en pleno centro de Vigo, sus propias acuarelas<\/strong> artesanales y veganas.<\/p>\n<p class=\"ft-text\">Sentada en su mesa de trabajo dispuesta a mostrar el proceso, mientras escoge el primer ingrediente, explica que requiere tiempo y paciencia, puesto que afirma que \u00abdesde que empiezo a rellenar los godet, las pastillas que llevan la acuarela, <strong>tardo un mes en finalizar cada uno<\/strong>, porque las capas de pintura encogen y cada godet lleva unas cuatro o cinco. Es un proceso que tarda su tiempo y de cada tanda saco unas 20 pastillas\u00bb.<\/p>\n<p class=\"ft-text\">Como primer paso, unas cucharaditas del pigmento elegido a la mesa y, a continuaci\u00f3n, goma ar\u00e1bica con agua y aceite de clavo para incorporar, en el \u00faltimo instante, el aglutinante. Moleta de vidrio en mano, Carlota Cao hace entonces su magia con movimientos circulares sobre la mezcla que, poco a poco, empieza a tomar consistencia, si bien este es <strong>un proceso que se puede prolongar un par de horas,<\/strong> seg\u00fan indica.<\/p>\n<blockquote class=\"ft-mol-quote\" data-aida-quote=\"\"><p>Desde que empiezo a rellenar los godet, tardo un mes en finalizar cada uno<\/p><\/blockquote>\n<p class=\"ft-text\">Hace pr\u00e1cticamente un a\u00f1o que vendi\u00f3 <strong>su primera \u00ablatita\u00bb desde Sepia Art Shop<\/strong>, un negocio que abri\u00f3 sus puertas en Vigo porque, tras asistir a clases con Ana Soler en CreArte, Carlota Cao no se convenc\u00eda con el nivel de saturaci\u00f3n de las acuarelas que empez\u00f3 probando: \u00abMe parec\u00edan muy tenues, que quedaban demasiado transparentes, y fue la propia Ana la que me dio la idea de probar a elaborar mis propios pigmentos. Empec\u00e9 con su ayuda e hice varias formulaciones en unas conchitas, las llev\u00e9 a clase y todas quedaron fascinadas. Soy ingeniera de automoci\u00f3n y ten\u00eda ganas de emprender, aquello me anim\u00f3 y decid\u00ed abrir la tienda\u00bb, dice.<\/p>\n<p>Marcar la diferencia<\/p>\n<p class=\"ft-text\">Carlota Cao procur\u00f3 desde el principio dar con una f\u00f3rmula m\u00e1s saturada que la que encontraba en el mercado y, al mismo tiempo, diferenciarse de las marcas disponibles tanto por la gama crom\u00e1tica como por el uso de ingredientes que, en su caso, no son de origen animal. En este sentido, esta artesana se\u00f1ala que \u00abbuscaba algo que me diferenciara de los de otras tiendas, por eso<strong> intent\u00e9 hacer una gama metalizada y otra de colores ne\u00f3n<\/strong>, pero la gente que las va probando suele repetir y \u00faltimamente tambi\u00e9n me han empezado a pedir mucho que hiciera una paleta de b\u00e1sicos, en la que ya estoy trabajando para sacar pr\u00f3ximamente\u00bb, comenta Carlota mientras ense\u00f1a esos nuevos estuches con los tres colores primarios, un sombra tostada, un rojo escarlata y un verde esmeralda.<\/p>\n<blockquote class=\"ft-mol-quote\" data-aida-quote=\"\"><p>Las acuarelas artesanales suelen mezclarse con miel, pero yo uso glicerina vegetal<\/p><\/blockquote>\n<p class=\"ft-text\">Experimentar con la producci\u00f3n de nuevos colores supone para Carlota Cao todo un reto, puesto que esta emprendedora asegura que \u00ab<strong>esto supone volver a estudiar el pigmento y analizar c\u00f3mo se comporta.<\/strong> Para la primera latita, por ejemplo, aunque la vend\u00ed en el mes de noviembre del a\u00f1o pasado, realmente empec\u00e9 a prepararla en abril. Ahora es verdad que ya voy m\u00e1s r\u00e1pido, pero es dif\u00edcil, de hecho, al principio me quedaban muy l\u00edquidas porque me hab\u00eda pasado con la glicerina, otras veces le echaba mucha agua y se encog\u00edan much\u00edsimo&#8230; Hay todo un proceso de investigaci\u00f3n detr\u00e1s\u00bb.<\/p>\n<p class=\"ft-text\">Asimismo, Cao hace referencia a la caracter\u00edstica vegana explicando que \u00ab<strong>las acuarelas artesanales suelen mezclarse con miel, pero yo uso glicerina vegetal<\/strong>, que es lo que hace que quede h\u00fameda, esa es la principal diferencia, que en las m\u00edas no hay ning\u00fan ingrediente de origen animal\u00bb.<\/p>\n<p class=\"ft-text\">La originalidad del negocio de Carlota Cao, as\u00ed como un emprendimiento respetuoso con los animales, le valieron la selecci\u00f3n para participar hace dos meses en el encuentro de emprendimiento Pont-Up Store, que se celebra anualmente en Pontevedra: \u00abMe dio un empuj\u00f3n, porque ser seleccionada ya el primer a\u00f1o me hizo mucha ilusi\u00f3n\u00bb, apunta. Y por si acaso ten\u00eda dudas al respecto del camino escogido, estas se disiparon cuando fue reconocida en el encuentro con el<strong> premio en la categor\u00eda de Formaci\u00f3n, Educaci\u00f3n, Arte e Cultura<\/strong>, distinci\u00f3n que, por supuesto, ya preside la entrada de Sepia Art Shop.<\/p>\n<p data-close=\"closedContent\" class=\"subscribeHideForDisplay\">Suscr\u00edbete para seguir leyendo<\/p>\n","protected":false},"excerpt":{"rendered":"En la parte alta de la tienda esconde su peque\u00f1o mundo de color. Al subir las escaleras se&hellip;\n","protected":false},"author":2,"featured_media":272124,"comment_status":"","ping_status":"","sticky":false,"template":"","format":"standard","meta":{"footnotes":""},"categories":[173],"tags":[51288,229,233,1830,231,230,11692,232,234,26359,146,147,25,24,66738,503,23],"class_list":{"0":"post-272123","1":"post","2":"type-post","3":"status-publish","4":"format-standard","5":"has-post-thumbnail","7":"category-arte-y-diseno","8":"tag-acuarelas","9":"tag-arte","10":"tag-arte-y-diseno","11":"tag-artista","12":"tag-arts","13":"tag-arts-and-design","14":"tag-color","15":"tag-design","16":"tag-diseno","17":"tag-emprendimiento","18":"tag-entertainment","19":"tag-entretenimiento","20":"tag-es","21":"tag-espana","22":"tag-paleta","23":"tag-pintura","24":"tag-spain"},"share_on_mastodon":{"url":"https:\/\/pubeurope.com\/@es\/115665976853859756","error":""},"_links":{"self":[{"href":"https:\/\/www.europesays.com\/es\/wp-json\/wp\/v2\/posts\/272123","targetHints":{"allow":["GET"]}}],"collection":[{"href":"https:\/\/www.europesays.com\/es\/wp-json\/wp\/v2\/posts"}],"about":[{"href":"https:\/\/www.europesays.com\/es\/wp-json\/wp\/v2\/types\/post"}],"author":[{"embeddable":true,"href":"https:\/\/www.europesays.com\/es\/wp-json\/wp\/v2\/users\/2"}],"replies":[{"embeddable":true,"href":"https:\/\/www.europesays.com\/es\/wp-json\/wp\/v2\/comments?post=272123"}],"version-history":[{"count":0,"href":"https:\/\/www.europesays.com\/es\/wp-json\/wp\/v2\/posts\/272123\/revisions"}],"wp:featuredmedia":[{"embeddable":true,"href":"https:\/\/www.europesays.com\/es\/wp-json\/wp\/v2\/media\/272124"}],"wp:attachment":[{"href":"https:\/\/www.europesays.com\/es\/wp-json\/wp\/v2\/media?parent=272123"}],"wp:term":[{"taxonomy":"category","embeddable":true,"href":"https:\/\/www.europesays.com\/es\/wp-json\/wp\/v2\/categories?post=272123"},{"taxonomy":"post_tag","embeddable":true,"href":"https:\/\/www.europesays.com\/es\/wp-json\/wp\/v2\/tags?post=272123"}],"curies":[{"name":"wp","href":"https:\/\/api.w.org\/{rel}","templated":true}]}}