{"id":272125,"date":"2025-12-05T08:19:14","date_gmt":"2025-12-05T08:19:14","guid":{"rendered":"https:\/\/www.europesays.com\/es\/272125\/"},"modified":"2025-12-05T08:19:14","modified_gmt":"2025-12-05T08:19:14","slug":"gran-hermano-fulmina-a-parte-de-sus-concursantes-antes-de-su-cancelacion-es-una-falta-de-respeto","status":"publish","type":"post","link":"https:\/\/www.europesays.com\/es\/272125\/","title":{"rendered":"\u2018Gran Hermano\u2019 fulmina a parte de sus concursantes antes de su cancelaci\u00f3n: \u201cEs una falta de respeto\u201d"},"content":{"rendered":"<p class=\"\">La vig\u00e9sima edici\u00f3n de \u2018Gran Hermano\u2019 tiene los d\u00edas contados en Telecinco. Los malos datos de audiencia cosechados desde su estreno <b>han obligado a Mediaset a poner fin al reality mucho antes de lo previsto.<\/b> Si bien la idea inicial era alargarlo hasta febrero para enganchar con \u2018Supervivientes\u2019, finalmente los concursantes pasar\u00e1n las navidades en sus casas con una final programada para el 18 de diciembre. <\/p>\n<p class=\"\">\u201cLos concursantes todav\u00eda no saben que pasar\u00e1n las navidades con sus familiares y uno de ellos lo har\u00e1 como ganador de \u2018Gran Hermano 20\u2019\u201c, confirmaba Jorge Javier V\u00e1zquez durante la gala del jueves. Una emisi\u00f3n en la que<b> los espectadores vivieron una expulsi\u00f3n triple <\/b>con la que se buscaba acelerar la salida de los concursantes dada la inminente cancelaci\u00f3n del formato de Zeppelin.<\/p>\n<p>Los tres expulsados de la noche en \u2018GH 20\u2032<\/p>\n<p class=\"\">Los dos primeros expulsados de la noche, Jos\u00e9 Manuel y Mamadou, se dieron a conocer a partir de las votaciones del p\u00fablico a trav\u00e9s de la aplicaci\u00f3n de Mediaset. <b>La tercera eliminada, Paula, fue por decisi\u00f3n de sus propios compa\u00f1eros de concurso.<\/b> Un movimiento que ha disgustado (y mucho) a los espectadores m\u00e1s fieles de \u2018Gran Hermano\u2019 ya que consideran que no se est\u00e1 actuando bien. Y tambi\u00e9n a los habitantes de la casa de Tres Cantos que pudieron comprobar que se estaba fulminando a parte de sus participantes sin ning\u00fan tipo de explicaci\u00f3n.<\/p>\n<p class=\"\">\u201cEs una falta de respeto, qu\u00e9 verg\u00fcenza\u201d, se pudo leer en X durante la emisi\u00f3n de la gala del jueves, que present\u00f3 Jorge Javier V\u00e1zquez en Telecinco. Y es que la audiencia no est\u00e1 bien con buenos ojos c\u00f3mo se est\u00e1 resolviendo la edici\u00f3n. \u201c\u00bfNo hubiera sido m\u00e1s f\u00e1cil cancelar directamente y repartir el premio entre todos y a sus casas felices? Qu\u00e9 lastima ver c\u00f3mo la productora <b>se est\u00e1 cargando de esta manera el programa y de una manera tan cruel para sus concursantes que no tienen culpa de nada<\/b>\u201c, escribi\u00f3 otro usuario.<\/p>\n<p>Noticias relacionadas<a href=\"https:\/\/as.com\/tikitakas\/television\/gran-hermano-echa-el-cierre-en-telecinco-finiquita-la-edicion-y-activa-un-plan-b-f202512-n\/\" class=\"s_m_w\" title=\"El perfil Poco Pasa TV adelanta en exclusiva el final de la vig\u00e9sima temporada del reality debido a los malos datos de audiencias.\" data-tb-link=\"\" rel=\"nofollow noopener\" target=\"_blank\"><img decoding=\"async\" src=\"https:\/\/www.europesays.com\/es\/wp-content\/uploads\/2025\/12\/1764922754_30_KAFFISKNG5CZDBK5OKXAM3ROYI.png\" alt=\"\u2018Gran Hermano\u2019 echa el cierre en Telecinco: finiquita la edici\u00f3n y activa un plan B\" class=\"\" height=\"9\" width=\"16\"   loading=\"lazy\" data-tb-thumbnail=\"\"\/><\/a><a href=\"https:\/\/as.com\/tikitakas\/television\/gran-hermano-sufre-una-baja-de-ultima-hora-inigo-tina-abandona-el-concurso-f202512-n\/\" class=\"s_m_w\" title=\"El participante vasco se ha visto obligado a dejar el reality de Telecinco \u201cpor asuntos personales\u201d. \" data-tb-link=\"\" rel=\"nofollow noopener\" target=\"_blank\"><img decoding=\"async\" src=\"https:\/\/www.europesays.com\/es\/wp-content\/uploads\/2025\/12\/1764922754_343_BXDIXG7RUFG2BNKPZGPO2IL2EI.png\" alt=\"\u2018Gran Hermano\u2019 sufre una baja de \u00faltima hora: \u00cd\u00f1igo Tina abandona el concurso \" class=\"\" height=\"9\" width=\"16\"   loading=\"lazy\" data-tb-thumbnail=\"\"\/><\/a><\/p>\n<p class=\"\">\u201cEsto es una falta de respeto a la audiencia que amamos el formato, a todos los concursantes, ech\u00e1ndoles de una manera inaudita y <b>oblig\u00e1ndoles a expulsar a los propios compa\u00f1eros, y lo peor, una falta de respeto al nombre de \u2018Gran Hermano\u2019 <\/b>y su historia, a\u00f1adi\u00f3 otro.<\/p>\n<p class=\"\"><b>\u00a1Tus opiniones importan!<\/b> Comenta en los art\u00edculos y suscr\u00edbete gratis a nuestra <a href=\"https:\/\/asfan.as.com\/newsletters\/\" target=\"_blank\" rel=\"nofollow noopener\" title=\"https:\/\/asfan.as.com\/newsletters\/\">newsletter<\/a> y a las alertas informativas en la <a href=\"https:\/\/as.com\/aplicacion-de-as-n\/\" target=\"_blank\" rel=\"nofollow noopener\" title=\"https:\/\/as.com\/aplicacion-de-as-n\/\">App<\/a> o el canal de <a href=\"https:\/\/www.whatsapp.com\/channel\/0029VaAasdA7j6g745nz9M10\" target=\"_blank\" rel=\"nofollow noopener\" title=\"https:\/\/www.whatsapp.com\/channel\/0029VaAasdA7j6g745nz9M10\">WhatsApp<\/a>. \u00bfBuscas licenciar contenido? Haz clic <a href=\"https:\/\/profesional.elpais.com\/landing-sindicacion?utm_medium=interno&amp;utm_source=crosslinking&amp;utm_campaign=sindicacion_as_pie_articulos\" target=\"_blank\" rel=\"nofollow noopener\" title=\"https:\/\/profesional.elpais.com\/landing-sindicacion?utm_medium=interno&amp;utm_source=crosslinking&amp;utm_campaign=sindicacion_as_pie_articulos\">aqu\u00ed<\/a><\/p>\n","protected":false},"excerpt":{"rendered":"La vig\u00e9sima edici\u00f3n de \u2018Gran Hermano\u2019 tiene los d\u00edas contados en Telecinco. Los malos datos de audiencia cosechados&hellip;\n","protected":false},"author":2,"featured_media":272126,"comment_status":"","ping_status":"","sticky":false,"template":"","format":"standard","meta":{"footnotes":""},"categories":[171],"tags":[146,147,25,24,23,214],"class_list":{"0":"post-272125","1":"post","2":"type-post","3":"status-publish","4":"format-standard","5":"has-post-thumbnail","7":"category-tv","8":"tag-entertainment","9":"tag-entretenimiento","10":"tag-es","11":"tag-espana","12":"tag-spain","13":"tag-tv"},"share_on_mastodon":{"url":"https:\/\/pubeurope.com\/@es\/115665985239391491","error":""},"_links":{"self":[{"href":"https:\/\/www.europesays.com\/es\/wp-json\/wp\/v2\/posts\/272125","targetHints":{"allow":["GET"]}}],"collection":[{"href":"https:\/\/www.europesays.com\/es\/wp-json\/wp\/v2\/posts"}],"about":[{"href":"https:\/\/www.europesays.com\/es\/wp-json\/wp\/v2\/types\/post"}],"author":[{"embeddable":true,"href":"https:\/\/www.europesays.com\/es\/wp-json\/wp\/v2\/users\/2"}],"replies":[{"embeddable":true,"href":"https:\/\/www.europesays.com\/es\/wp-json\/wp\/v2\/comments?post=272125"}],"version-history":[{"count":0,"href":"https:\/\/www.europesays.com\/es\/wp-json\/wp\/v2\/posts\/272125\/revisions"}],"wp:featuredmedia":[{"embeddable":true,"href":"https:\/\/www.europesays.com\/es\/wp-json\/wp\/v2\/media\/272126"}],"wp:attachment":[{"href":"https:\/\/www.europesays.com\/es\/wp-json\/wp\/v2\/media?parent=272125"}],"wp:term":[{"taxonomy":"category","embeddable":true,"href":"https:\/\/www.europesays.com\/es\/wp-json\/wp\/v2\/categories?post=272125"},{"taxonomy":"post_tag","embeddable":true,"href":"https:\/\/www.europesays.com\/es\/wp-json\/wp\/v2\/tags?post=272125"}],"curies":[{"name":"wp","href":"https:\/\/api.w.org\/{rel}","templated":true}]}}