{"id":272127,"date":"2025-12-05T08:20:13","date_gmt":"2025-12-05T08:20:13","guid":{"rendered":"https:\/\/www.europesays.com\/es\/272127\/"},"modified":"2025-12-05T08:20:13","modified_gmt":"2025-12-05T08:20:13","slug":"echo-de-menos-aquella-radio-creativa-libre-hoy-todo-es-economia","status":"publish","type":"post","link":"https:\/\/www.europesays.com\/es\/272127\/","title":{"rendered":"Echo de menos aquella radio creativa, libre. Hoy todo es econom\u00eda"},"content":{"rendered":"<p class=\"ft-text ft-helper-closenews\">La <a class=\"ft-link ft-link--decoration\" href=\"https:\/\/www.diariocordoba.com\/tags\/sala-long-rock\/\" rel=\"nofollow noopener\" target=\"_blank\">sala Long Rock<\/a> fue el escenario elegido para un merecido reconocimiento a Ram\u00f3n Medina, comunicador cultural infatigable y exquisito baterista. Fue ayer, a las 20.00, organizado por el Aula de Rock y Cultura Underground de la <a class=\"ft-link ft-link--decoration\" href=\"https:\/\/www.diariocordoba.com\/tags\/uco\/\" rel=\"nofollow noopener\" target=\"_blank\">Universidad de C\u00f3rdoba<\/a>, con la colaboraci\u00f3n de la Cadena SER.<\/p>\n<p class=\"ft-text\">Hablar con Ram\u00f3n Medina es recorrer m\u00e1s de cuatro d\u00e9cadas de memoria musical y period\u00edstica de esta ciudad. Un aut\u00e9ntico ejercicio de pasi\u00f3n, de nostalgia y de renovaci\u00f3n de esas ganas que logran sobreponerse a los cambios y las ausencias.<\/p>\n<p class=\"ft-text\"><strong>-Recordando tu trayectoria me ha venido a la cabeza la \u00e9poca que estuviste en Madrid. Te recuerdo muy feliz, en La Latina, hablando entusiasmado de <\/strong><a class=\"ft-link ft-link--decoration\" href=\"https:\/\/www.diariocordoba.com\/tags\/musica\/\" rel=\"nofollow noopener\" target=\"_blank\"><strong>m\u00fasica<\/strong><\/a><strong> brasile\u00f1a.<\/strong><\/p>\n<p class=\"ft-text\">-Fue una \u00e9poca muy buena, es cierto. Ten\u00eda ese programa, Sambaiana, en el que volcaba toda mi afici\u00f3n a los autores de Brasil.<\/p>\n<p class=\"ft-text\"><strong>-Hiciste otros programas muy curiosos.<\/strong><\/p>\n<p class=\"ft-text\">-Uno se llamaba Sopa con ondas, y eran men\u00fas musicales, la gente mandaba sus men\u00fas: de entrante, Chayanne; de primer plato, Ricky Mart\u00edn, etc\u00e9tera. Y luego otro que era Pop siempre pop, de pop espa\u00f1ol: Danza Invisible, La Frontera\u2026 Y otro sobre m\u00fasica cubana, De son a son.<\/p>\n<p class=\"ft-text\"><strong>-Hoy parece imposible imaginar espacios radiof\u00f3nicos como esos, o como los que hac\u00edais en FM Radio <\/strong><a class=\"ft-link ft-link--decoration\" href=\"https:\/\/www.diariocordoba.com\/cordoba\/cordoba\/\" rel=\"nofollow noopener\" target=\"_blank\"><strong>C\u00f3rdoba<\/strong><\/a><strong>. \u00bfEchas de menos la radio de esos tiempos?<\/strong><\/p>\n<p class=\"ft-text\">-Totalmente. Ya no existe esa radio creativa, libre, improvisada, hecha en grupo, en pandilla. Hoy todo es econom\u00eda. En aquella \u00e9poca, todos los grupos de aqu\u00ed grababan sus maquetas en los Estudios R.A.C., con Paco Records.<\/p>\n<p><img decoding=\"async\" src=\"https:\/\/www.europesays.com\/es\/wp-content\/uploads\/2025\/12\/8f79b27c-59e9-427d-965d-e9fd1b50139d_alta-libre-aspect-ratio_default_0.jpg\" width=\"1200\" height=\"802\" alt=\"Ramon Medina - Long Rock\" class=\"ft-helper-img-rd\" loading=\"lazy\"\/><\/p>\n<p class=\"ft-helper-fontColor-quaternary ft-helper-fontSize-body-S ft-helper-spacer-t-xxs\">Ramon Medina.  \/ Lola Ruiz<\/p>\n<p class=\"ft-text\"><strong>-El omnipresente Paco Records.<\/strong><\/p>\n<p class=\"ft-text\">-Claro, y todas las maquetas que pasaban por all\u00ed, sonaban en la radio.<\/p>\n<p class=\"ft-text\"><strong>-S\u00e9 que es muy dif\u00edcil, pero me gustar\u00eda que eligieses un momento especial de todo este tiempo en los medios de comunicaci\u00f3n.<\/strong><\/p>\n<p class=\"ft-text\">-Quiz\u00e1s uno de los m\u00e1s emocionantes fue el 90 aniversario de la SER. Vinieron todas las voces de FM Radio C\u00f3rdoba: Rafael Carlos Padilla, Pepe Navajas, Pepa Rosales, Pepe Vega\u2026 Creo que s\u00f3lo falt\u00f3 Antonio Villar. Y por supuesto el gran caramelo de los \u00faltimos a\u00f1os es la idea que surgi\u00f3 con Jos\u00e9 Mar\u00eda Mart\u00edn: M\u00fasica Propia.<\/p>\n<p class=\"ft-text\"><strong>-\u00bfY puedes elegir un concierto en el que participases?<\/strong><\/p>\n<p class=\"ft-text\">-El de Corazones Estrangulados en <a class=\"ft-link ft-link--decoration\" href=\"\">la Axerqu\u00eda<\/a>, a principios de los 90.<\/p>\n<p class=\"ft-text\"><strong>-\u00bfY alg\u00fan disco que sea fundamental para ti?<\/strong><\/p>\n<p class=\"ft-text\">-Posiblemente el Seconds Out, de G\u00e9nesis. Y La esquina del viento, de Medina Azahara. Tambi\u00e9n La ley del desierto\/La ley del mar, de Radio Futura; Golpes Bajos, el primero de Corazones, el de Tarik y La F\u00e1brica de Colores.<\/p>\n<p class=\"ft-text\">Este evento fue tambi\u00e9n el estreno en directo de Zarco, el nuevo proyecto de Ram\u00f3n Medina junto a Paco Records Sr., Paco Record Jr. y su eterno compinche Yonka Zarco, que define as\u00ed una amistad inquebrantable: \u201cRam\u00f3n Medina, aparte de un gran m\u00fasico con el que he formado cinco o seis bandas, es para m\u00ed el amigo m\u00e1s leal que he tenido en C\u00f3rdoba. Cuando llegu\u00e9 en el 82 yo no conoc\u00eda a nadie, y \u00e9l me abri\u00f3 todas las puertas: su hogar, la radio, los ensayos&#8230; Fue la primera persona que hizo que me sintiera aqu\u00ed como en mi casa, y le estar\u00e9 eternamente agradecido\u201d.<\/p>\n<p data-close=\"closedContent\" class=\"subscribeHideForDisplay\">Suscr\u00edbete para seguir leyendo<\/p>\n","protected":false},"excerpt":{"rendered":"La sala Long Rock fue el escenario elegido para un merecido reconocimiento a Ram\u00f3n Medina, comunicador cultural infatigable&hellip;\n","protected":false},"author":2,"featured_media":272128,"comment_status":"","ping_status":"","sticky":false,"template":"","format":"standard","meta":{"footnotes":""},"categories":[170],"tags":[64228,3497,146,147,25,24,315,4648,184,185,1448,66739,23],"class_list":{"0":"post-272127","1":"post","2":"type-post","3":"status-publish","4":"format-standard","5":"has-post-thumbnail","7":"category-musica","8":"tag-creativa","9":"tag-echo","10":"tag-entertainment","11":"tag-entretenimiento","12":"tag-es","13":"tag-espana","14":"tag-hoy","15":"tag-libre","16":"tag-music","17":"tag-musica","18":"tag-radio","19":"tag-sala-long-rock","20":"tag-spain"},"share_on_mastodon":{"url":"https:\/\/pubeurope.com\/@es\/115665988809552955","error":""},"_links":{"self":[{"href":"https:\/\/www.europesays.com\/es\/wp-json\/wp\/v2\/posts\/272127","targetHints":{"allow":["GET"]}}],"collection":[{"href":"https:\/\/www.europesays.com\/es\/wp-json\/wp\/v2\/posts"}],"about":[{"href":"https:\/\/www.europesays.com\/es\/wp-json\/wp\/v2\/types\/post"}],"author":[{"embeddable":true,"href":"https:\/\/www.europesays.com\/es\/wp-json\/wp\/v2\/users\/2"}],"replies":[{"embeddable":true,"href":"https:\/\/www.europesays.com\/es\/wp-json\/wp\/v2\/comments?post=272127"}],"version-history":[{"count":0,"href":"https:\/\/www.europesays.com\/es\/wp-json\/wp\/v2\/posts\/272127\/revisions"}],"wp:featuredmedia":[{"embeddable":true,"href":"https:\/\/www.europesays.com\/es\/wp-json\/wp\/v2\/media\/272128"}],"wp:attachment":[{"href":"https:\/\/www.europesays.com\/es\/wp-json\/wp\/v2\/media?parent=272127"}],"wp:term":[{"taxonomy":"category","embeddable":true,"href":"https:\/\/www.europesays.com\/es\/wp-json\/wp\/v2\/categories?post=272127"},{"taxonomy":"post_tag","embeddable":true,"href":"https:\/\/www.europesays.com\/es\/wp-json\/wp\/v2\/tags?post=272127"}],"curies":[{"name":"wp","href":"https:\/\/api.w.org\/{rel}","templated":true}]}}