{"id":272144,"date":"2025-12-05T08:38:10","date_gmt":"2025-12-05T08:38:10","guid":{"rendered":"https:\/\/www.europesays.com\/es\/272144\/"},"modified":"2025-12-05T08:38:10","modified_gmt":"2025-12-05T08:38:10","slug":"gran-homenaje-copero-a-reyes","status":"publish","type":"post","link":"https:\/\/www.europesays.com\/es\/272144\/","title":{"rendered":"Gran homenaje copero a Reyes"},"content":{"rendered":"<p class=\"\">El <b>Sevilla <\/b>aparca moment\u00e1neamente la <b>crisis <\/b>con una clasificaci\u00f3n en la que acab\u00f3 eso s\u00ed sufriendo ante el <b>Extremadura<\/b>, de Segunda Federaci\u00f3n. Sucedi\u00f3 en un partido <b>muy copero<\/b>, con alternativas, durante una noche de gala para el <b>Francisco de la Hera<\/b> en la que <b>12.000 hinchas<\/b> le dieron un homenaje a<b> Jos\u00e9 Antonio Reyes. <\/b>El malogrado <b>genio utrerano<\/b> falleci\u00f3 siendo jugador del conjunto extreme\u00f1o, que militaba todav\u00eda entonces (2019) en <b>Segunda Divisi\u00f3n A<\/b>, y no muchos a\u00f1os despu\u00e9s de levantar varias <b>Europa Leagues<\/b> como capit\u00e1n del club de Nervi\u00f3n. Poco m\u00e1s de medio lustro despu\u00e9s, qui\u00e9n ha visto y qui\u00e9n ve a sus dos exequipos.<\/p>\n<p class=\"\">Resuelto por el Sevilla e<b>n dos chispazos de Alfon e Isaac Romero,<\/b> ya bien entrada la primera mitad, el partido del Francisco de la Hera deja un mont\u00f3n de <b>cuestiones m\u00e1s \u2018pol\u00edticas\u2019<\/b> que futbol\u00edsticas. Empezando por el 0-1, que<b> culmin\u00f3 Alfon<\/b> en una posici\u00f3n que la tele revela algo menos que dudosa: el albacete\u00f1o parec\u00eda en<b> fuera de juego.<\/b> Primera pregunta: \u00bf<b>por qu\u00e9 no hay VAR<\/b> ya en esta ronda de Copa, treintaidosavos? La afici\u00f3n local lo protest\u00f3 mientras toda una<b> grada repleta de sevillistas,<\/b> aun ganando, no dejaba de acordarse de su presidente: <b>\u201cJunior, vete ya\u201d, <\/b>cantaron al un\u00edsono y como si del S\u00e1nchez-Pizju\u00e1n se tratara los <b>4.000 aficionados<\/b> nervionenses desplazados hasta Almendralejo. Una ciudad, la extreme\u00f1a, <b>algo de u\u00f1as<\/b> ya en los proleg\u00f3menos del partido por otro problema m\u00e1s \u2018diplom\u00e1tico\u2019 que deportivo: el Sevilla, en sus redes, hab\u00eda ilustrado <b>un tuit con im\u00e1genes de Badajoz<\/b>. Cosas del <b>centralismo<\/b>, contagiado hasta 160 kil\u00f3metros al sur. <\/p>\n<p class=\"\">Concluy\u00f3 la primera mitad con 0-2, autor del segundo tanto <b>un Isaac Romero<\/b> redimido m\u00ednimamente tras un mal derbi que remat\u00f3 con una<b> absurda tarjeta roja<\/b>. El Sevilla formaba con un once bastante titular y sufri\u00f3 otro<b> lesionado, Juanlu,<\/b> sustituido por Carmona a la media hora. Gran novedad el regreso de<b> Joan Jord\u00e1n,<\/b> despu\u00e9s de muchos meses sin jugar, y presencia de meritorios como <b>Cardoso, Kike Salas u Oso.<\/b> Muy activo y brillante este \u00faltimo, un <b>lateral zurdo canterano<\/b>: de sus botas partieron los dos primeros tantos nervionenses. Almeyda deber\u00eda apuntarle con <b>m\u00e1s asiduidad.<\/b><\/p>\n<p>Noticias relacionadas<a href=\"https:\/\/as.com\/futbol\/copa_del_rey\/cd-extremadura-sevilla-hoy-en-directo-segunda-ronda-de-copa-del-rey-en-vivo-online-f202512-d\/\" class=\"s_m_w\" title=\"Los goles de Alfon e Isaac en la primera mitad sirven al Sevilla para pasar de ronda. El Extremadura marc\u00f3 tras volver del descanso pero no le dio para m\u00e1s.\" data-tb-link=\"\" rel=\"nofollow noopener\" target=\"_blank\"><img decoding=\"async\" src=\"https:\/\/www.europesays.com\/es\/wp-content\/uploads\/2025\/12\/1764923889_677_4E2NEAMMOFNAJM3GNAV4YO54V4.jpg\" alt=\"CD Extremadura 1-2 Sevilla: resumen, goles y resultado\" class=\"\" height=\"9\" width=\"16\"   loading=\"lazy\" data-tb-thumbnail=\"\"\/><\/a><\/p>\n<p class=\"\">Conformado por algunos jugadores de la zona e ilustres veteranos como <b>Correa, Juanmi Callej\u00f3n, <\/b>hermano de Jos\u00e9, o el uruguayo <b>Zarfino, <\/b>el Extremadura dio mucha <b>m\u00e1s guerra<\/b> en la segunda mitad. Comenzando por el cabezazo de Zarfino, quien por cierto jug\u00f3 junto a Reyes, para <b>acortar <\/b>distancias al poco de regresar de vestuarios (1-2, 47\u2032). Al tran-tran, el Extremadura <b>se hizo acreedor al empate. Diego D\u00edaz <\/b>cruz\u00f3 demasiado un mano a mano ante Nyland. <b>Luego, el portero noruego impidi\u00f3 <\/b>el doblete de Zarfino. Pero se le acab\u00f3 la gasolina al equipo azulgrana, mientras la grada blanquirroja <b>cantaba el himno del Arrebato.<\/b> No como celebraci\u00f3n, sino como colof\u00f3n del tributo a <b>la Perla de Utrera.<\/b><\/p>\n<p class=\"\"><b>\u00a1Tus opiniones importan!<\/b> Comenta en los art\u00edculos y suscr\u00edbete gratis a nuestra <a href=\"https:\/\/asfan.as.com\/newsletters\/\" target=\"_blank\" rel=\"nofollow noopener\" title=\"https:\/\/asfan.as.com\/newsletters\/\">newsletter<\/a> y a las alertas informativas en la <a href=\"https:\/\/as.com\/aplicacion-de-as-n\/\" target=\"_blank\" rel=\"nofollow noopener\" title=\"https:\/\/as.com\/aplicacion-de-as-n\/\">App<\/a> o el canal de <a href=\"https:\/\/www.whatsapp.com\/channel\/0029VaAasdA7j6g745nz9M10\" target=\"_blank\" rel=\"nofollow noopener\" title=\"https:\/\/www.whatsapp.com\/channel\/0029VaAasdA7j6g745nz9M10\">WhatsApp<\/a>. \u00bfBuscas licenciar contenido? Haz clic <a href=\"https:\/\/profesional.elpais.com\/soluciones-sindicacion?utm_medium=interno&amp;utm_source=crosslinking&amp;utm_campaign=sindicacion_as_pie_articulos\" target=\"_blank\" rel=\"nofollow noopener\" title=\"https:\/\/profesional.elpais.com\/soluciones-sindicacion?utm_medium=interno&amp;utm_source=crosslinking&amp;utm_campaign=sindicacion_as_pie_articulos\">aqu\u00ed<\/a><\/p>\n<p>                            CD Extremadura<\/p>\n<p>                                                                                                                                                                                                                                                                                            <img decoding=\"async\" title=\"CD Extremadura\" loading=\"lazy\" src=\"https:\/\/www.europesays.com\/es\/wp-content\/uploads\/2025\/12\/6193.png\"  width=\"80\" height=\"80\" data-error-image=\"https:\/\/static.prisa.com\/aside\/resizer\/resize\/img\/sports\/football\/teams\/default.png?width=160&amp;height=160\"\/><\/p>\n<ul class=\"team-lup\">\n<li class=\"in-pla\">\n                                            1<\/p>\n<p>                                                David Robador<\/p>\n<\/li>\n<li class=\"in-pla\">\n                                            20<\/p>\n<p>                                                Tala<\/p>\n<p>                (87&#8242;)<\/p>\n<\/li>\n<li class=\"in-pla\">\n<p>                                            <a href=\"https:\/\/as.com\/resultados\/ficha\/deportista\/rober\/31431\/\" target=\"_blank\" class=\"in-pla-name\" rel=\"nofollow noopener\"><br \/>\n                                                Rober<br \/>\n                                                <\/a>                                                    <\/p>\n<\/li>\n<li class=\"in-pla\">\n                                            2<\/p>\n<p>                                                Samuel Hurtado<\/p>\n<p>                (64&#8242;)<\/p>\n<\/li>\n<li class=\"in-pla\">\n                                            5<\/p>\n<p>                                                \u00c1ngel Cano<\/p>\n<\/li>\n<li class=\"in-pla\">\n                                            23<br \/>\n                                            <a href=\"https:\/\/as.com\/resultados\/ficha\/deportista\/diego_diaz\/44462\/\" target=\"_blank\" class=\"in-pla-name\" rel=\"nofollow noopener\"><br \/>\n                                                Diego D\u00edaz<br \/>\n                                                <\/a>                                                    <\/p>\n<\/li>\n<li class=\"in-pla\">\n                                            11<\/p>\n<p>                                                Marco<\/p>\n<\/li>\n<li class=\"in-pla\">\n                                            24<\/p>\n<p>                                                Luis Morcillo<\/p>\n<p>                (77&#8242;)<\/p>\n<\/li>\n<li class=\"in-pla\">\n                                            21<\/p>\n<p>                                                Usama Arhoun<\/p>\n<p>                (64&#8242;)<\/p>\n<\/li>\n<li class=\"in-pla\">\n                                            8<br \/>\n                                            <a href=\"https:\/\/as.com\/resultados\/ficha\/deportista\/jorge_giovanni_zarfino\/38412\/\" target=\"_blank\" class=\"in-pla-name\" rel=\"nofollow noopener\"><br \/>\n                                                Zarfino<br \/>\n                                                <\/a>                                                                                                                                            <\/p>\n<\/li>\n<li class=\"in-pla\">\n                                            10<br \/>\n                                            <a href=\"https:\/\/as.com\/resultados\/ficha\/deportista\/juanmi_callejon\/17476\/\" target=\"_blank\" class=\"in-pla-name\" rel=\"nofollow noopener\"><br \/>\n                                                Juanmi Callej\u00f3n<br \/>\n                                                <\/a>                                                                                                                                            <\/p>\n<p>                (45&#8242;)<\/p>\n<\/li>\n<li class=\"ev-fw-sep\">Banquillo<\/li>\n<li class=\"in-pla\">\n                                    7<br \/>\n                                    <a href=\"https:\/\/as.com\/resultados\/ficha\/deportista\/imanol_barace\/43981\/\" target=\"_blank\" class=\"in-pla-name\" rel=\"nofollow noopener\"><br \/>\n                                        Imanol Barace<br \/>\n                                        <\/a>                                                                                                                                    <\/p>\n<p>                (64&#8242;)<\/p>\n<\/li>\n<li class=\"in-pla\">\n                                    22<\/p>\n<p>                                        Fran Rosales<\/p>\n<p>                (64&#8242;)<\/p>\n<\/li>\n<li class=\"in-pla\">\n                                    14<br \/>\n                                    <a href=\"https:\/\/as.com\/resultados\/ficha\/deportista\/nunez\/19255\/\" target=\"_blank\" class=\"in-pla-name\" rel=\"nofollow noopener\"><br \/>\n                                        Nu\u00f1ez<br \/>\n                                        <\/a>                                                                                                                                    <\/p>\n<p>                (77&#8242;)<\/p>\n<\/li>\n<li class=\"in-pla\">\n                                    15<\/p>\n<p>                                        Alfonso Peral<\/p>\n<p>                (87&#8242;)<\/p>\n<\/li>\n<li class=\"in-pla\">\n                                    27<\/p>\n<p>                                        Carlos Fern\u00e1ndez<\/p>\n<\/li>\n<li class=\"in-pla\">\n                                    13<\/p>\n<p>                                        Cristian Rodr\u00edguez<\/p>\n<\/li>\n<li class=\"in-pla\">\n                                    6<\/p>\n<p>                                        Roberto Moreno<\/p>\n<p>                (45&#8242;)<\/p>\n<\/li>\n<li class=\"in-pla\">\n                                    9<\/p>\n<p>                                        Maikel Villajos<\/p>\n<\/li>\n<\/ul>\n<p class=\"stat-tl ev-fw-tl\"><strong>Cambios<\/strong><\/p>\n<p class=\"ev-text-aux\">\n                            <strong>Jos\u00e9 \u00c1ngel Carmona<\/strong> (33&#8242;, Juanlu S\u00e1nchez),                             <strong>Roberto Moreno<\/strong> (45&#8242;, Juanmi Callej\u00f3n),                             <strong>Djibril Sow<\/strong> (63&#8242;, Joan Jord\u00e1n),                             <strong>Chidera Ejuke<\/strong> (63&#8242;, Alfon Gonz\u00e1lez),                             <strong>Imanol Barace<\/strong> (64&#8242;, Usama Arhoun),                             <strong>Fran Rosales<\/strong> (64&#8242;, Samuel Hurtado),                             <strong>Miguel N\u00fa\u00f1ez<\/strong> (77&#8242;, Luis Morcillo),                             <strong>Alfonso Peral<\/strong> (87&#8242;, Tala)                        <\/p>\n<p class=\"stat-tl ev-fw-tl\"><strong>Goles<\/strong><\/p>\n<p class=\"ev-text-aux\">\n                                                                                                        0-1, 30&#8242;: <strong>Alfonso Gonz\u00e1lez<\/strong>,                                                                                 0-2, 37&#8242;: <strong>Isaac Romero<\/strong>,                                                                                 1-2, 47&#8242;: <strong>Zarfino<\/strong>                        <\/p>\n<p class=\"stat-tl ev-fw-tl\"><strong>Tarjetas<\/strong><\/p>\n<p class=\"ev-text-aux\">\n                Arbitro: Javier Alberola Rojas<br \/><strong>Gudelj<\/strong> (50&#8242;,Amarilla),                                     <strong>Isaac Romero<\/strong> (75&#8242;,Amarilla),                                     <strong>\u00c1ngel Cano<\/strong> (94&#8242;,Amarilla)                            <\/p>\n","protected":false},"excerpt":{"rendered":"El Sevilla aparca moment\u00e1neamente la crisis con una clasificaci\u00f3n en la que acab\u00f3 eso s\u00ed sufriendo ante el&hellip;\n","protected":false},"author":2,"featured_media":272145,"comment_status":"","ping_status":"","sticky":false,"template":"","format":"standard","meta":{"footnotes":""},"categories":[268],"tags":[168,25,24,280,282,281,23,167],"class_list":{"0":"post-272144","1":"post","2":"type-post","3":"status-publish","4":"format-standard","5":"has-post-thumbnail","7":"category-futbol","8":"tag-deportes","9":"tag-es","10":"tag-espana","11":"tag-football","12":"tag-futbol","13":"tag-soccer","14":"tag-spain","15":"tag-sports"},"share_on_mastodon":{"url":"https:\/\/pubeurope.com\/@es\/115666060046149027","error":""},"_links":{"self":[{"href":"https:\/\/www.europesays.com\/es\/wp-json\/wp\/v2\/posts\/272144","targetHints":{"allow":["GET"]}}],"collection":[{"href":"https:\/\/www.europesays.com\/es\/wp-json\/wp\/v2\/posts"}],"about":[{"href":"https:\/\/www.europesays.com\/es\/wp-json\/wp\/v2\/types\/post"}],"author":[{"embeddable":true,"href":"https:\/\/www.europesays.com\/es\/wp-json\/wp\/v2\/users\/2"}],"replies":[{"embeddable":true,"href":"https:\/\/www.europesays.com\/es\/wp-json\/wp\/v2\/comments?post=272144"}],"version-history":[{"count":0,"href":"https:\/\/www.europesays.com\/es\/wp-json\/wp\/v2\/posts\/272144\/revisions"}],"wp:featuredmedia":[{"embeddable":true,"href":"https:\/\/www.europesays.com\/es\/wp-json\/wp\/v2\/media\/272145"}],"wp:attachment":[{"href":"https:\/\/www.europesays.com\/es\/wp-json\/wp\/v2\/media?parent=272144"}],"wp:term":[{"taxonomy":"category","embeddable":true,"href":"https:\/\/www.europesays.com\/es\/wp-json\/wp\/v2\/categories?post=272144"},{"taxonomy":"post_tag","embeddable":true,"href":"https:\/\/www.europesays.com\/es\/wp-json\/wp\/v2\/tags?post=272144"}],"curies":[{"name":"wp","href":"https:\/\/api.w.org\/{rel}","templated":true}]}}