{"id":272150,"date":"2025-12-05T08:42:12","date_gmt":"2025-12-05T08:42:12","guid":{"rendered":"https:\/\/www.europesays.com\/es\/272150\/"},"modified":"2025-12-05T08:42:12","modified_gmt":"2025-12-05T08:42:12","slug":"la-casa-de-los-gemelos-2%e2%80%b2-ficha-a-coto-matamoros-y-anuncia-a-su-presentador-un-ex-de-telecinco","status":"publish","type":"post","link":"https:\/\/www.europesays.com\/es\/272150\/","title":{"rendered":"\u2018La casa de los gemelos 2\u2032 ficha a Coto Matamoros y anuncia a su presentador: un ex de Telecinco"},"content":{"rendered":"<p class=\"\">En redes sociales no se habla de otra cosa. La segunda edici\u00f3n de \u2018La casa de los gemelos\u2019, el reality creado por los hermanos Carlos y Daniel Ramos, de ZonaGemelos, <b>todav\u00eda no ha comenzado, pero ya est\u00e1 generando mucha expectativa. <\/b>Y es que los nombres de sus concursantes confirmados est\u00e1n sorprendiendo (y mucho) a todos. Desde Labrador, de \u2018Gand\u00eda Shore\u2019, hasta Eros, de \u2018La isla de las tentaciones\u2019, pasando por Nissy y Mar\u00eda Rispa, entre otros.<\/p>\n<p class=\"\">El show, que comenzar\u00e1 este domingo 7 de diciembre en YouTube y Kick, <b>contar\u00e1 con un premio final de 100.000 euros y un maestro de ceremonias de excepci\u00f3n.<\/b> En esta segunda temporada, los hermanos Ramos han decidido darlo todo y fichar a uno de los rostros m\u00e1s famosos y habituales de la antigua Telecinco: Kiko Hern\u00e1ndez. El m\u00edtico tertuliano de programas como \u2018S\u00e1lvame\u2019, \u2018Ni que fu\u00e9ramos shh\u2019 o \u2018Tent\u00e1culos\u2019, entre otros, ser\u00e1 el encargado de liderar \u2018La casa de los gemelos 2\u2032.<\/p>\n<p class=\"\">Eso s\u00ed, Kiko Hern\u00e1ndez no estar\u00e1 solo ya que desde ZonaGemelos han confirmado la identidad de dos figuras claves en la mec\u00e1nica del reality. Por un lado,<b> Coto Matamoros, que ejercer\u00e1 de verdugo, y V\u00edctor Sandoval como dictador.<\/b><\/p>\n<p>Concursantes confirmados de \u2018La casa de los gemelos 2\u2032<\/p>\n<p class=\"\">Al m\u00e1s puro estilo \u2018Gran Hermano VIP\u2019, ZonaGemelos reunir\u00e1 en su particular casa a rostros muy dispares de la televisi\u00f3n y de las redes sociales. Nombres conocidos por el gran p\u00fablico como Labrador, pero tambi\u00e9n otros m\u00e1s enfocados al mundo de la creaci\u00f3n de contenido como El Patica. <\/p>\n<p>Noticias relacionadas<a href=\"https:\/\/as.com\/tikitakas\/television\/polemica-con-la-casa-de-los-gemelos-2-una-baja-de-ultima-hora-y-el-monumental-enfado-de-aida-nizar-f202512-n\/\" class=\"s_m_w\" title=\"Carlos y Daniel Ramos, de ZonaGemelos, se preparan para el estreno de la segunda edici\u00f3n del reality m\u00e1s pol\u00e9mico del momento.\" data-tb-link=\"\" rel=\"nofollow noopener\" target=\"_blank\"><img decoding=\"async\" src=\"https:\/\/www.europesays.com\/es\/wp-content\/uploads\/2025\/12\/1764924130_714_OLZDUU7UY5FTHCYX323Q6WGX7E.png\" alt=\"Pol\u00e9mica con \u2018La casa de los gemelos 2\u2032: una baja de \u00faltima hora y el monumental enfado de A\u00edda N\u00edzar\" class=\"\" height=\"9\" width=\"16\"   loading=\"lazy\" data-tb-thumbnail=\"\"\/><\/a><a href=\"https:\/\/as.com\/tikitakas\/television\/la-casa-de-los-gemelos-2-primeros-concursantes-confirmados-del-reality-mas-polemico-del-momento-f202512-n\/\" class=\"s_m_w\" title=\"Carlos y Daniel, de ZonaGemelos, apuestan por una segunda edici\u00f3n de su show de telerrealidad con nombres muy conocidos de la televisi\u00f3n.\" data-tb-link=\"\" rel=\"nofollow noopener\" target=\"_blank\"><img decoding=\"async\" src=\"https:\/\/www.europesays.com\/es\/wp-content\/uploads\/2025\/12\/1764924132_589_E6SB3VKR7BDJVKRFPVEKPBVINA.png\" alt=\"\u2018La casa de los gemelos 2\u2032: primeros concursantes confirmados del reality m\u00e1s pol\u00e9mico del momento\" class=\"\" height=\"9\" width=\"16\"   loading=\"lazy\" data-tb-thumbnail=\"\"\/><\/a><\/p>\n<p class=\"\">La lista de <b>concursantes confirmados para \u2018La casa de los gemelos 2\u2032 <\/b>la forman: DJ Sweet Flow, Nissrine, El Patica, La Falete, La Batres, Eros Vidal, Nissy, Gabriella Hahlingag, Mar\u00eda Rispa, La Marrash, Aram\u00eds Fuster y Labrador. Si bien se hab\u00eda asegurado tambi\u00e9n la participaci\u00f3n de Bea \u2018La Legionaria\u2019, ella misma ha comentado en sus redes sociales que no formar\u00e1 parte por un problema de salud. <\/p>\n<p class=\"\"><b>\u00a1Tus opiniones importan!<\/b> Comenta en los art\u00edculos y suscr\u00edbete gratis a nuestra <a href=\"https:\/\/asfan.as.com\/newsletters\/\" target=\"_blank\" rel=\"nofollow noopener\" title=\"https:\/\/asfan.as.com\/newsletters\/\">newsletter<\/a> y a las alertas informativas en la <a href=\"https:\/\/as.com\/aplicacion-de-as-n\/\" target=\"_blank\" rel=\"nofollow noopener\" title=\"https:\/\/as.com\/aplicacion-de-as-n\/\">App<\/a> o el canal de <a href=\"https:\/\/www.whatsapp.com\/channel\/0029VaAasdA7j6g745nz9M10\" target=\"_blank\" rel=\"nofollow noopener\" title=\"https:\/\/www.whatsapp.com\/channel\/0029VaAasdA7j6g745nz9M10\">WhatsApp<\/a>. \u00bfBuscas licenciar contenido? Haz clic <a href=\"https:\/\/profesional.elpais.com\/landing-sindicacion?utm_medium=interno&amp;utm_source=crosslinking&amp;utm_campaign=sindicacion_as_pie_articulos\" target=\"_blank\" rel=\"nofollow noopener\" title=\"https:\/\/profesional.elpais.com\/landing-sindicacion?utm_medium=interno&amp;utm_source=crosslinking&amp;utm_campaign=sindicacion_as_pie_articulos\">aqu\u00ed<\/a><\/p>\n","protected":false},"excerpt":{"rendered":"En redes sociales no se habla de otra cosa. La segunda edici\u00f3n de \u2018La casa de los gemelos\u2019,&hellip;\n","protected":false},"author":2,"featured_media":272151,"comment_status":"","ping_status":"","sticky":false,"template":"","format":"standard","meta":{"footnotes":""},"categories":[171],"tags":[146,147,25,24,23,214],"class_list":{"0":"post-272150","1":"post","2":"type-post","3":"status-publish","4":"format-standard","5":"has-post-thumbnail","7":"category-tv","8":"tag-entertainment","9":"tag-entretenimiento","10":"tag-es","11":"tag-espana","12":"tag-spain","13":"tag-tv"},"share_on_mastodon":{"url":"https:\/\/pubeurope.com\/@es\/115666075621777411","error":""},"_links":{"self":[{"href":"https:\/\/www.europesays.com\/es\/wp-json\/wp\/v2\/posts\/272150","targetHints":{"allow":["GET"]}}],"collection":[{"href":"https:\/\/www.europesays.com\/es\/wp-json\/wp\/v2\/posts"}],"about":[{"href":"https:\/\/www.europesays.com\/es\/wp-json\/wp\/v2\/types\/post"}],"author":[{"embeddable":true,"href":"https:\/\/www.europesays.com\/es\/wp-json\/wp\/v2\/users\/2"}],"replies":[{"embeddable":true,"href":"https:\/\/www.europesays.com\/es\/wp-json\/wp\/v2\/comments?post=272150"}],"version-history":[{"count":0,"href":"https:\/\/www.europesays.com\/es\/wp-json\/wp\/v2\/posts\/272150\/revisions"}],"wp:featuredmedia":[{"embeddable":true,"href":"https:\/\/www.europesays.com\/es\/wp-json\/wp\/v2\/media\/272151"}],"wp:attachment":[{"href":"https:\/\/www.europesays.com\/es\/wp-json\/wp\/v2\/media?parent=272150"}],"wp:term":[{"taxonomy":"category","embeddable":true,"href":"https:\/\/www.europesays.com\/es\/wp-json\/wp\/v2\/categories?post=272150"},{"taxonomy":"post_tag","embeddable":true,"href":"https:\/\/www.europesays.com\/es\/wp-json\/wp\/v2\/tags?post=272150"}],"curies":[{"name":"wp","href":"https:\/\/api.w.org\/{rel}","templated":true}]}}