{"id":272167,"date":"2025-12-05T08:51:09","date_gmt":"2025-12-05T08:51:09","guid":{"rendered":"https:\/\/www.europesays.com\/es\/272167\/"},"modified":"2025-12-05T08:51:09","modified_gmt":"2025-12-05T08:51:09","slug":"listas-de-espera-la-debilidad-cronica-del-sistema-sanitario-espanol","status":"publish","type":"post","link":"https:\/\/www.europesays.com\/es\/272167\/","title":{"rendered":"Listas de espera, la debilidad cr\u00f3nica del sistema sanitario espa\u00f1ol"},"content":{"rendered":"<p>Las listas de espera representan quiz\u00e1 el punto m\u00e1s vulnerable del Sistema Nacional de Salud espa\u00f1ol (SNS). Retrasos prolongados para acceder tanto a una intervenci\u00f3n quir\u00fargica como a una primera consulta o una prueba diagn\u00f3stica pueden agravar el estado de los pacientes, retrasar tratamientos clave y generar un impacto emocional muy profundo. Detr\u00e1s de la frialdad de los datos <strong>hay personas cuya vida y bienestar dependen de que la atenci\u00f3n llegue a tiempo<\/strong>, lo que convierte la evoluci\u00f3n de estas listas en uno de los indicadores que mejor reflejan el pulso real del sistema sanitario.<\/p>\n<p>\u00abLas listas de espera en toda Espa\u00f1a son brutales&#8230; Ahora mismo, la sanidad p\u00fablica espa\u00f1ola est\u00e1 en cuidados paliativos por una sencilla raz\u00f3n: la lista de espera es fundamental a la hora de curar a los pacientes. Si hay un diagn\u00f3stico r\u00e1pido, ese paciente tiene muchas papeletas para salvarse, incluso con un pron\u00f3stico de c\u00e1ncer\u00bb, critica con dureza <strong>Carmen Flores<\/strong>, presidenta de la asociaci\u00f3n El Defensor del Paciente. \u00ab<strong>Se est\u00e1 jugando con la salud y hay que tomar medidas muy serias.<\/strong> Desde la asociaci\u00f3n hemos pedido muchas veces que intervenga la Fiscal\u00eda, porque es un delito contra la vida de las personas, pero nos dicen que es un tema administrativo\u00bb.<\/p>\n<p>Espera en intervenciones quir\u00fargicas y consultas externas<\/p>\n<p>Los datos no invitan al optimismo. Respecto a las listas de espera en intervenciones quir\u00fargicas, la sanidad p\u00fablica espa\u00f1ola cerr\u00f3 el primer semestre de 2025 con<strong> 832.728 pacientes<\/strong> pendientes de una de estas operaciones, seg\u00fan los <a href=\"https:\/\/www.sanidad.gob.es\/estadEstudios\/estadisticas\/inforRecopilaciones\/docs\/Nota_Resumen_SISLE__jun25.pdf\" target=\"_blank\" rel=\"nofollow noopener\">\u00faltimos datos remitidos por las comunidades aut\u00f3nomas al Ministerio de Sanidad<\/a>. Una cifra desalentadora, a pesar de que supone un descenso del 1,64% respecto a diciembre de 2024 y del 1,84% en comparaci\u00f3n con junio del a\u00f1o pasado. El tiempo medio de espera para operarse alcanz\u00f3 los 118,6 d\u00edas, con un 19,6% de pacientes con m\u00e1s de medio a\u00f1o en lista de espera.<\/p>\n<p>Dentro de estas intervenciones quir\u00fargicas \u2014siempre se trata de operaciones programadas de car\u00e1cter no urgente\u2014, las especialidades con menores tiempos medios de espera son cirug\u00eda card\u00edaca \u201457 d\u00edas\u2014, dermatolog\u00eda \u201469 d\u00edas\u2014 y oftalmolog\u00eda \u201475 d\u00edas\u2014. En el extremo contrario, las mayores demoras se registran en cirug\u00eda pl\u00e1stica \u2014259 d\u00edas\u2014, neurocirug\u00eda \u2014173 d\u00edas\u2014 y angiolog\u00eda y cirug\u00eda vascular \u2014160 d\u00edas\u2014. Los 11 procesos monitorizados espec\u00edficamente presentan un tiempo medio de <strong>91 d\u00edas.<\/strong><\/p>\n<p>Al mismo tiempo, al finalizar el primer semestre de 2025, algo m\u00e1s de cuatro millones de personas \u2014<strong>4.006.264<\/strong>\u2014 esperaban una primera consulta con el especialista, <strong>con una demora media de 96 d\u00edas.<\/strong> 81,4 de cada 1.000 personas estaban registradas en lista de espera para una primera consulta hospitalaria en atenci\u00f3n especializada. Esta tasa es 2,4 puntos inferior a la de junio de 2024. El tiempo medio de espera se situ\u00f3 en <strong>96 d\u00edas<\/strong>, dos m\u00e1s que hace un a\u00f1o. El 61,8% de los pacientes ten\u00eda cita asignada para m\u00e1s de 60 d\u00edas.<\/p>\n<p>Las especialidades con menor espera eran cirug\u00eda general \u201452 d\u00edas\u2014, ginecolog\u00eda \u201455 d\u00edas\u2014 y cardiolog\u00eda \u201464 d\u00edas\u2014. Las mayores demoras se registraban en dermatolog\u00eda \u2014121 d\u00edas\u2014, traumatolog\u00eda \u2014114 d\u00edas\u2014 y neurolog\u00eda \u2014111 d\u00edas\u2014.<\/p>\n<p>Las mayores demoras en citas con especialistas se registran en dermatolog\u00eda, traumatolog\u00eda y neurolog\u00eda.\u00a0GETTY IMAGES<\/p>\n<p>Origen multifactorial<\/p>\n<p>Las listas de espera del Sistema Nacional de Salud se deben a una combinaci\u00f3n de factores que se vienen arrastrando desde hace a\u00f1os. Por un lado, faltan profesionales y recursos en algunos servicios clave, lo que hace que los quir\u00f3fanos y consultas trabajen al l\u00edmite y no puedan absorber toda la demanda. A esto se suma el envejecimiento de la poblaci\u00f3n, que aumenta el n\u00famero de pacientes cr\u00f3nicos y complejos. Tambi\u00e9n influyen los retrasos en atenci\u00f3n primaria, que demoran las derivaciones, y las diferencias en la organizaci\u00f3n y gesti\u00f3n entre comunidades aut\u00f3nomas y hospitales. Todo ello provoca <strong>cuellos de botella que, con el tiempo, acaban convirti\u00e9ndose en demoras crecientes<\/strong> para quienes necesitan una operaci\u00f3n, una primera consulta o una prueba diagn\u00f3stica.<\/p>\n<p>\u00abLa demora puede tener implicaciones en el deterioro de salud del paciente, adem\u00e1s del impacto psicol\u00f3gico en pacientes y familias, y los costes relacionados con las bajas laborales\u00bb, describe a RTVE Noticias <strong>Miguel L\u00e1zaro, <\/strong>presidente de la <a href=\"https:\/\/www.cesm.org\/\" target=\"_blank\" rel=\"nofollow noopener\">Confederaci\u00f3n Estatal de Sindicatos M\u00e9dicos (CESM)<\/a>. Seg\u00fan asegura, \u00ablas listas de espera han aumentado en Espa\u00f1a porque hay un deterioro de la sanidad p\u00fablica\u00bb, cuyo <strong>\u00abtal\u00f3n de Aquiles es la falta de especialistas, sumada a una financiaci\u00f3n que no llega a la media europea\u00bb<\/strong>. \u00abSi hubiese suficientes m\u00e9dicos, habr\u00eda otra gesti\u00f3n de las listas de espera\u00bb.<\/p>\n<p>En este punto, L\u00e1zaro hace referencia al <strong>estatuto marco para profesionales sanitarios que el sector est\u00e1 negociando con el Ministerio de Sanidad, y que podr\u00eda aprobarse en 2026. <\/strong>\u00abEste estatuto marco es muy importante, porque entendemos que si se reconoce nuestra singularidad y evita la discriminaci\u00f3n laboral, nos permitir\u00eda captar y fidelizar m\u00e9dicos, lo que rebajar\u00eda las listas de espera, m\u00e1s a\u00fan si afecta a la atenci\u00f3n primaria, que es fundamental\u00bb. Para el presidente de la CESM, reforzar la atenci\u00f3n primaria \u00abfacilitar\u00eda much\u00edsimo que la entrada de pacientes en listas de espera fuese menor, y adem\u00e1s el seguimiento ser\u00eda mucho mejor\u00bb, por lo que aboga por \u00abun pacto de Estado por la sanidad y la atenci\u00f3n primaria\u00bb, ya que se trata de \u00abun problema muy importante que no deber\u00eda ser politizado\u00bb.<\/p>\n<p>L\u00e1zaro describe c\u00f3mo esta situaci\u00f3n est\u00e1 llevando a que en muchas comunidades aut\u00f3nomas la sanidad privada est\u00e1 ganando cada vez mayor protagonismo: \u00abMuchos espa\u00f1oles lo que hacen es dedicar una parte de su presupuesto familiar a tener seguros privados, aunque ah\u00ed tambi\u00e9n empieza a haber listas de espera\u00bb. Lo cual, a su entender, no tiene por qu\u00e9 ser negativo, porque la sanidad privada tambi\u00e9n puede servir para aliviar la carga de pacientes de la p\u00fablica. \u00abLa complementariedad entre p\u00fablica y privada es positiva porque permite derivar pacientes de la p\u00fablica a la privada, y que las listas de espera disminuyan. Pero lo que tiene que haber tambi\u00e9n es una comisi\u00f3n que haga un seguimiento de c\u00f3mo se les atiende a los pacientes derivados\u00bb, declara.<\/p>\n<p>Derivaciones al sector sanitario privado <\/p>\n<p><strong>Carlos Ponte<\/strong>, portavoz de la <a href=\"https:\/\/fadsp.es\/\" target=\"_blank\" rel=\"nofollow noopener\">Federaci\u00f3n de Asociaciones para la Defensa de la Sanidad Publica (FADSP)<\/a>, se muestra m\u00e1s cr\u00edtico con estas derivaciones al sector sanitario privado destinadas en gran medida a aliviar las listas de espera. <strong>\u00abBuena parte del dinero de la sanidad p\u00fablica se puede estar yendo por ese desag\u00fce\u00bb<\/strong>, asegura, y pone como ejemplo que \u00aben comunidades aut\u00f3nomas como Madrid, las derivaciones al sector privado representan el 15% de los presupuestos, y en Catalu\u00f1a el 20%\u00bb. <\/p>\n<p>\u00abSabemos por el bar\u00f3metro sanitario que hace el Ministerio que <strong>la inmensa mayor\u00eda de la gente que recurre a la sanidad privada lo hace por las listas de espera<\/strong>\u00ab, contin\u00faa, para calificar estas demoras como \u00abel factor m\u00e1s debilitante y m\u00e1s deslegitimador de la sanidad p\u00fablica\u00bb. <\/p>\n<p>Ponte tambi\u00e9n censura \u00abel proceso de mercantilizaci\u00f3n del modelo sanitario, en el que los hospitales funcionan como <strong>empresas privadas con gerentes, y los pacientes son clientes<\/strong>\u00ab. Un proceso que, seg\u00fan sostiene, \u00abtambi\u00e9n ha jugado un papel muy importante en el deterioro de los servicios p\u00fablicos sanitarios\u00bb. <\/p>\n<p>Asimismo, llama la atenci\u00f3n sobre un aspecto que suele pasar desapercibido en el debate p\u00fablico: <strong>d\u00f3nde se concentran realmente los retrasos que m\u00e1s impactan en la salud de los pacientes. <\/strong>\u00abEn las listas de espera, que son absolutamente desproporcionadas, normalmente lo que se pone en primer plano son las listas de espera quir\u00fargicas. Sin embargo, las listas de espera fundamentales son las de la primera consulta\u00bb, asevera. <\/p>\n<p>\u00abEl primer contacto cl\u00ednico es el que es fundamental,<strong> porque es cuando el enfermo est\u00e1 sin diagn\u00f3stico, y donde los retrasos pueden tener un precio alt\u00edsimo sobre la salud del paciente<\/strong>\u00ab, agrega, para aclarar que esta primera consulta se refiere \u00abtanto a la de atenci\u00f3n primaria como a la de atenci\u00f3n especializada\u00bb. Algo que ilustra con la situaci\u00f3n de la comunidad aut\u00f3noma en la que vive, Asturias, donde \u00abhay ahora mismo 110.000 personas que est\u00e1n en espera de una primera consulta, y tenemos una poblaci\u00f3n de un mill\u00f3n de habitantes\u00bb. <\/p>\n<p>\u00abLa clave de las reformas que necesita la sanidad p\u00fablica, que son varias, <strong>es fortalecer la atenci\u00f3n primaria<\/strong>, porque tiene la capacidad de resolver el 90% de la demanda\u00bb, contin\u00faa, para apostillar que \u00abnosotros siempre decimos que lo primero es la primaria\u00bb. <\/p>\n<p>\u00abUna zozobra continua\u00bb<\/p>\n<p>Mientras tanto, detr\u00e1s de las cifras se esconden innumerables historias de personas atrapadas en la incertidumbre, amenazadas por unos retrasos que pueden ser cruciales para su salud y para su vida. \u00abEsta ma\u00f1ana acabamos de hacer una reclamaci\u00f3n de <strong>una persona con un peque\u00f1o bulto, que lleva cinco meses para que la llamen para hacer una prueba.<\/strong> Un bulto que a\u00fan no sabe si es bueno o malo\u00bb, cuenta <strong>Carmen Flores<\/strong>, presidenta de la asociaci\u00f3n El Defensor del Paciente. \u00abEsta persona ya vive en una zozobra continua, porque las listas de espera afectan a la salud f\u00edsica y tambi\u00e9n a la salud mental\u00bb. \u00abAqu\u00ed hay que tomar medidas muy serias, y tiene que hacerlo el Gobierno, porque la salud no tiene color pol\u00edtico y no puede depender del signo de las comunidades aut\u00f3nomas\u00bb, opina.<\/p>\n<p>\u00abAhora mismo estamos en un estado sanitario de deshecho. Cada vez hay menos inversi\u00f3n en hospitales y centros de salud, hay menos personal\u2026 <strong>Se est\u00e1 matando la sanidad p\u00fablica<\/strong>\u00ab, concluye.<\/p>\n","protected":false},"excerpt":{"rendered":"Las listas de espera representan quiz\u00e1 el punto m\u00e1s vulnerable del Sistema Nacional de Salud espa\u00f1ol (SNS). Retrasos&hellip;\n","protected":false},"author":2,"featured_media":272168,"comment_status":"","ping_status":"","sticky":false,"template":"","format":"standard","meta":{"footnotes":""},"categories":[8],"tags":[17,18,25,24,13,14,11,19,20,9,10,15,16,23,12,21,22],"class_list":{"0":"post-272167","1":"post","2":"type-post","3":"status-publish","4":"format-standard","5":"has-post-thumbnail","7":"category-espana","8":"tag-breaking-news","9":"tag-breakingnews","10":"tag-es","11":"tag-espana","12":"tag-featured-news","13":"tag-featurednews","14":"tag-headlines","15":"tag-latest-news","16":"tag-latestnews","17":"tag-news","18":"tag-noticias","19":"tag-noticias-destacadas","20":"tag-noticiasdestacadas","21":"tag-spain","22":"tag-titulares","23":"tag-ultimas-noticias","24":"tag-ultimasnoticias"},"share_on_mastodon":{"url":"https:\/\/pubeurope.com\/@es\/115666111132442047","error":""},"_links":{"self":[{"href":"https:\/\/www.europesays.com\/es\/wp-json\/wp\/v2\/posts\/272167","targetHints":{"allow":["GET"]}}],"collection":[{"href":"https:\/\/www.europesays.com\/es\/wp-json\/wp\/v2\/posts"}],"about":[{"href":"https:\/\/www.europesays.com\/es\/wp-json\/wp\/v2\/types\/post"}],"author":[{"embeddable":true,"href":"https:\/\/www.europesays.com\/es\/wp-json\/wp\/v2\/users\/2"}],"replies":[{"embeddable":true,"href":"https:\/\/www.europesays.com\/es\/wp-json\/wp\/v2\/comments?post=272167"}],"version-history":[{"count":0,"href":"https:\/\/www.europesays.com\/es\/wp-json\/wp\/v2\/posts\/272167\/revisions"}],"wp:featuredmedia":[{"embeddable":true,"href":"https:\/\/www.europesays.com\/es\/wp-json\/wp\/v2\/media\/272168"}],"wp:attachment":[{"href":"https:\/\/www.europesays.com\/es\/wp-json\/wp\/v2\/media?parent=272167"}],"wp:term":[{"taxonomy":"category","embeddable":true,"href":"https:\/\/www.europesays.com\/es\/wp-json\/wp\/v2\/categories?post=272167"},{"taxonomy":"post_tag","embeddable":true,"href":"https:\/\/www.europesays.com\/es\/wp-json\/wp\/v2\/tags?post=272167"}],"curies":[{"name":"wp","href":"https:\/\/api.w.org\/{rel}","templated":true}]}}