{"id":272169,"date":"2025-12-05T08:52:09","date_gmt":"2025-12-05T08:52:09","guid":{"rendered":"https:\/\/www.europesays.com\/es\/272169\/"},"modified":"2025-12-05T08:52:09","modified_gmt":"2025-12-05T08:52:09","slug":"aviso-de-la-policia-local-cortes-de-trafico-por-actos-festivos-8-de-diciembre-de-2025","status":"publish","type":"post","link":"https:\/\/www.europesays.com\/es\/272169\/","title":{"rendered":"Aviso de la Polic\u00eda Local: Cortes de tr\u00e1fico por actos festivos (8 de diciembre de 2025)"},"content":{"rendered":"<p>La Polic\u00eda Local de Ll\u00edria informa que, el lunes 8 de diciembre, por la celebraci\u00f3n de los actos festivos de la Pur\u00edsima se producir\u00e1n restricciones a la circulaci\u00f3n de veh\u00edculos:<\/p>\n<p>-Estar\u00e1 prohibido el estacionamiento, desde las 8.00 horas y hasta la finalizaci\u00f3n de la masclet\u00e0, en la C\/ Sant Francesc, entre Blasco Ib\u00e1\u00f1ez y Pur\u00edssima, y la C\/ Sant Josep hasta C\/ Major. \u00a0<\/p>\n<p>-Adem\u00e1s, se producir\u00e1n cortes puntuales de tr\u00e1fico en el recorrido del pasacalle de la Clavar\u00eda-Mayoral\u00eda de la Corte de Mar\u00eda previo a la misa, entre las 11.00 y las 12.00 horas.\u00a0<\/p>\n","protected":false},"excerpt":{"rendered":"La Polic\u00eda Local de Ll\u00edria informa que, el lunes 8 de diciembre, por la celebraci\u00f3n de los actos&hellip;\n","protected":false},"author":2,"featured_media":272170,"comment_status":"","ping_status":"","sticky":false,"template":"","format":"standard","meta":{"footnotes":""},"categories":[5],"tags":[17,18,25,24,13,14,11,19,20,9,10,15,16,23,12,21,22],"class_list":{"0":"post-272169","1":"post","2":"type-post","3":"status-publish","4":"format-standard","5":"has-post-thumbnail","7":"category-titulares","8":"tag-breaking-news","9":"tag-breakingnews","10":"tag-es","11":"tag-espana","12":"tag-featured-news","13":"tag-featurednews","14":"tag-headlines","15":"tag-latest-news","16":"tag-latestnews","17":"tag-news","18":"tag-noticias","19":"tag-noticias-destacadas","20":"tag-noticiasdestacadas","21":"tag-spain","22":"tag-titulares","23":"tag-ultimas-noticias","24":"tag-ultimasnoticias"},"share_on_mastodon":{"url":"https:\/\/pubeurope.com\/@es\/115666114570660866","error":""},"_links":{"self":[{"href":"https:\/\/www.europesays.com\/es\/wp-json\/wp\/v2\/posts\/272169","targetHints":{"allow":["GET"]}}],"collection":[{"href":"https:\/\/www.europesays.com\/es\/wp-json\/wp\/v2\/posts"}],"about":[{"href":"https:\/\/www.europesays.com\/es\/wp-json\/wp\/v2\/types\/post"}],"author":[{"embeddable":true,"href":"https:\/\/www.europesays.com\/es\/wp-json\/wp\/v2\/users\/2"}],"replies":[{"embeddable":true,"href":"https:\/\/www.europesays.com\/es\/wp-json\/wp\/v2\/comments?post=272169"}],"version-history":[{"count":0,"href":"https:\/\/www.europesays.com\/es\/wp-json\/wp\/v2\/posts\/272169\/revisions"}],"wp:featuredmedia":[{"embeddable":true,"href":"https:\/\/www.europesays.com\/es\/wp-json\/wp\/v2\/media\/272170"}],"wp:attachment":[{"href":"https:\/\/www.europesays.com\/es\/wp-json\/wp\/v2\/media?parent=272169"}],"wp:term":[{"taxonomy":"category","embeddable":true,"href":"https:\/\/www.europesays.com\/es\/wp-json\/wp\/v2\/categories?post=272169"},{"taxonomy":"post_tag","embeddable":true,"href":"https:\/\/www.europesays.com\/es\/wp-json\/wp\/v2\/tags?post=272169"}],"curies":[{"name":"wp","href":"https:\/\/api.w.org\/{rel}","templated":true}]}}