{"id":272177,"date":"2025-12-05T09:01:12","date_gmt":"2025-12-05T09:01:12","guid":{"rendered":"https:\/\/www.europesays.com\/es\/272177\/"},"modified":"2025-12-05T09:01:12","modified_gmt":"2025-12-05T09:01:12","slug":"un-canterano-de-osasuna-citado-con-la-seleccion-espanola-sub-15","status":"publish","type":"post","link":"https:\/\/www.europesays.com\/es\/272177\/","title":{"rendered":"Un canterano de Osasuna, citado con la selecci\u00f3n espa\u00f1ola sub 15"},"content":{"rendered":"<p class=\"paragraph\">El canterano rojillo<b> Alonso G\u00f3mez <\/b>ha sido convocado por la selecci\u00f3n espa\u00f1ola sub 15 para disputar el Torneo Desarrollo de UEFA. El combinado nacional se medir\u00e1 a Inglaterra, Italia e Islandia entre el 15 y el 20 de diciembre en Reino Unido. El seleccionador Hern\u00e1n P\u00e9rez ha contado en sus planes con el jugador de Osasuna, un centrocampista con una gran proyecci\u00f3n.<\/p>\n","protected":false},"excerpt":{"rendered":"El canterano rojillo Alonso G\u00f3mez ha sido convocado por la selecci\u00f3n espa\u00f1ola sub 15 para disputar el Torneo&hellip;\n","protected":false},"author":2,"featured_media":272178,"comment_status":"","ping_status":"","sticky":false,"template":"","format":"standard","meta":{"footnotes":""},"categories":[268],"tags":[3732,48100,168,25,24,280,282,4190,1988,281,23,167,4039],"class_list":{"0":"post-272177","1":"post","2":"type-post","3":"status-publish","4":"format-standard","5":"has-post-thumbnail","7":"category-futbol","8":"tag-alonso","9":"tag-citado","10":"tag-deportes","11":"tag-es","12":"tag-espana","13":"tag-football","14":"tag-futbol","15":"tag-gomez","16":"tag-seleccion","17":"tag-soccer","18":"tag-spain","19":"tag-sports","20":"tag-sub"},"share_on_mastodon":{"url":"https:\/\/pubeurope.com\/@es\/115666150027415850","error":""},"_links":{"self":[{"href":"https:\/\/www.europesays.com\/es\/wp-json\/wp\/v2\/posts\/272177","targetHints":{"allow":["GET"]}}],"collection":[{"href":"https:\/\/www.europesays.com\/es\/wp-json\/wp\/v2\/posts"}],"about":[{"href":"https:\/\/www.europesays.com\/es\/wp-json\/wp\/v2\/types\/post"}],"author":[{"embeddable":true,"href":"https:\/\/www.europesays.com\/es\/wp-json\/wp\/v2\/users\/2"}],"replies":[{"embeddable":true,"href":"https:\/\/www.europesays.com\/es\/wp-json\/wp\/v2\/comments?post=272177"}],"version-history":[{"count":0,"href":"https:\/\/www.europesays.com\/es\/wp-json\/wp\/v2\/posts\/272177\/revisions"}],"wp:featuredmedia":[{"embeddable":true,"href":"https:\/\/www.europesays.com\/es\/wp-json\/wp\/v2\/media\/272178"}],"wp:attachment":[{"href":"https:\/\/www.europesays.com\/es\/wp-json\/wp\/v2\/media?parent=272177"}],"wp:term":[{"taxonomy":"category","embeddable":true,"href":"https:\/\/www.europesays.com\/es\/wp-json\/wp\/v2\/categories?post=272177"},{"taxonomy":"post_tag","embeddable":true,"href":"https:\/\/www.europesays.com\/es\/wp-json\/wp\/v2\/tags?post=272177"}],"curies":[{"name":"wp","href":"https:\/\/api.w.org\/{rel}","templated":true}]}}