{"id":272179,"date":"2025-12-05T09:02:15","date_gmt":"2025-12-05T09:02:15","guid":{"rendered":"https:\/\/www.europesays.com\/es\/272179\/"},"modified":"2025-12-05T09:02:15","modified_gmt":"2025-12-05T09:02:15","slug":"dani-rovira-y-broncano-recuerdan-el-programa-en-el-que-trabajaron-juntos-hace-mas-de-10-anos-fue-un-barco-a-la-deriva","status":"publish","type":"post","link":"https:\/\/www.europesays.com\/es\/272179\/","title":{"rendered":"Dani Rovira y Broncano recuerdan el programa en el que trabajaron juntos hace m\u00e1s de 10 a\u00f1os: \u00abFue un barco a la deriva\u00bb"},"content":{"rendered":"<p><img fetchpriority=\"high\" class=\"v-a-img\" src=\"https:\/\/www.europesays.com\/es\/wp-content\/uploads\/2025\/12\/rovira-1-kiE-U240456111147XGD-1200x840@El Correo.jpg\" loading=\"eager\" decoding=\"async\" alt=\"Dani Rovira y Broncano recuerdan el programa en el que trabajaron juntos hace m\u00e1s de 10 a\u00f1os: \u00abFue un barco a la deriva\u00bb\"  width=\"1200\" height=\"840\"\/><\/p>\n<p>El c\u00f3mico malague\u00f1o presenta en &#8216;La Revuelta&#8217; su nueva pel\u00edcula, &#8216;Playa de Lobos&#8217;, dirigida por Javier Veiga<\/p>\n<p><a class=\"v-mdl-ath__fig-a\" href=\"https:\/\/www.elcorreo.com\/autor\/marina-leon-6788.html\" title=\"Marina Le\u00f3n\" rel=\"nofollow noopener\" target=\"_blank\"><br \/>\n<img decoding=\"async\" class=\"v-mdl-ath__img\" src=\"https:\/\/www.europesays.com\/es\/wp-content\/uploads\/2025\/12\/autor-6788-foto-1.jpeg\" alt=\"Marina Le\u00f3n\"\/><br \/>\n<\/a><\/p>\n<p class=\"v-mdl-ath__p v-mdl-ath__p--6\">\nJueves, 4 de diciembre 2025, 22:49<\/p>\n<p class=\"v-p\">\u00abSiempre me da la sensaci\u00f3n de que vengo poco drogado a este programa\u00bb. Dani Rovira cerr\u00f3 la semana en &#8216;La Revuelta&#8217; para presentar la pel\u00edcula &#8216;Playa de Lobos&#8217;, dirigida por Javier Veiga y protagonizada por Rovira y el actor argentino Guillermo Francella. \u00abEstoy muy contento con esta pel\u00edcula que yo defino como &#8216;rara bien&#8217;\u00bb, apunt\u00f3 el c\u00f3mico. \u00abT\u00fa y yo hicimos un programa juntos que dur\u00f3 dos semanas\u00bb, record\u00f3 David Broncano haciendo referencia a &#8216;Alguien ten\u00eda que decirlo&#8217;, en 2012. \u00abS\u00ed, fue un barco a la deriva\u00bb, asegur\u00f3 el invitado.<\/p>\n<p class=\"v-p\">Tirando de an\u00e9cdotas, Dani Rovira record\u00f3 cuando un productor le llam\u00f3 &#8216;feo guapo&#8217;. \u00abCon los a\u00f1os me he dado cuenta de que s\u00ed, y creo que a ti te pasa lo mismo que a m\u00ed\u00bb, le dijo a David. \u00abA vosotros lo que os pasa es que sois feos con dinero\u00bb, opin\u00f3 Grison.<\/p>\n<p class=\"v-p\">\u00abLlevamos un mes y medio intentando quedar pero por distintos motivos personales no lo hemos conseguido. Y nos vemos en un plat\u00f3 de televisi\u00f3n, que es bonito pero a la vez un poco triste\u00bb, le dijo Broncano al humorista. El actor malague\u00f1o reconoci\u00f3 que hab\u00eda llegado tarde \u00abporque he tenido que volver a por los regalos\u00bb. Entreg\u00f3 a cada miembro del equipo un ejemplar de &#8216;Cine con m\u00e1s cosas&#8217;, el libro del c\u00f3mico y guionista Arturo Fern\u00e1ndez Campos.<\/p>\n<p class=\"v-p\">El invitado recibi\u00f3 tambi\u00e9n un detalle: una fregona con un palo de 40 cent\u00edmetros. \u00abEs realmente inc\u00f3modo\u00bb, reconoci\u00f3 el presentador. Uno de los temas de conversaci\u00f3n fue la altura de Dani. \u00abEn los foros dicen que mides 1,80\u00bb, le dijo el de Ja\u00e9n. Para comprobarlo recurrieron al metro, que arroj\u00f3 un resultado claro de 1,79.<\/p>\n<p class=\"v-p\">Lleg\u00f3 el momento de las preguntas cl\u00e1sicas. La \u00faltima vez <a href=\"https:\/\/www.elcorreo.com\/gente-estilo\/vacilada-david-broncano-dani-rovira-cuello-largo-20250122223857-nt.html\" target=\"_blank\" title=\"Dani Rovira confiesa a Broncano la decisi\u00f3n que tom\u00f3 minutos antes de empezar con la quimioterapia\" data-voc-vtm-id=\"in-text-traffic\" data-mrf-link=\"www.elcorreo.com\" rel=\"nofollow noopener\">\u00abhablaste de la paja m\u00e1s triste\u00bb<\/a>, record\u00f3 el presentador. \u00abEste a\u00f1o a lo mejor no ha sido tan triste. Si tuviera que sumar, creo que es la primera vez que la suma de los \u00faltimos 30 d\u00edas me da menos uno\u00bb, apunt\u00f3 y explic\u00f3 su teor\u00eda. \u00abHa sido un mes sexualmente tan deplorable, anodino y des\u00e9rtico&#8230; No ten\u00eda ganas de nada\u00bb, asegur\u00f3.<\/p>\n<p>Reporta un error<\/p>\n","protected":false},"excerpt":{"rendered":"El c\u00f3mico malague\u00f1o presenta en &#8216;La Revuelta&#8217; su nueva pel\u00edcula, &#8216;Playa de Lobos&#8217;, dirigida por Javier Veiga Jueves,&hellip;\n","protected":false},"author":2,"featured_media":272180,"comment_status":"","ping_status":"","sticky":false,"template":"","format":"standard","meta":{"footnotes":""},"categories":[174],"tags":[988,5049,13289,255,1996,13296,146,147,25,24,256,1300,2145,29222,51098,23,13467],"class_list":{"0":"post-272179","1":"post","2":"type-post","3":"status-publish","4":"format-standard","5":"has-post-thumbnail","7":"category-famosos","8":"tag-anos","9":"tag-barco","10":"tag-broncano","11":"tag-celebrities","12":"tag-dani","13":"tag-deriva","14":"tag-entertainment","15":"tag-entretenimiento","16":"tag-es","17":"tag-espana","18":"tag-famosos","19":"tag-juntos","20":"tag-programa","21":"tag-recuerdan","22":"tag-rovira","23":"tag-spain","24":"tag-trabajaron"},"share_on_mastodon":{"url":"https:\/\/pubeurope.com\/@es\/115666154836098959","error":""},"_links":{"self":[{"href":"https:\/\/www.europesays.com\/es\/wp-json\/wp\/v2\/posts\/272179","targetHints":{"allow":["GET"]}}],"collection":[{"href":"https:\/\/www.europesays.com\/es\/wp-json\/wp\/v2\/posts"}],"about":[{"href":"https:\/\/www.europesays.com\/es\/wp-json\/wp\/v2\/types\/post"}],"author":[{"embeddable":true,"href":"https:\/\/www.europesays.com\/es\/wp-json\/wp\/v2\/users\/2"}],"replies":[{"embeddable":true,"href":"https:\/\/www.europesays.com\/es\/wp-json\/wp\/v2\/comments?post=272179"}],"version-history":[{"count":0,"href":"https:\/\/www.europesays.com\/es\/wp-json\/wp\/v2\/posts\/272179\/revisions"}],"wp:featuredmedia":[{"embeddable":true,"href":"https:\/\/www.europesays.com\/es\/wp-json\/wp\/v2\/media\/272180"}],"wp:attachment":[{"href":"https:\/\/www.europesays.com\/es\/wp-json\/wp\/v2\/media?parent=272179"}],"wp:term":[{"taxonomy":"category","embeddable":true,"href":"https:\/\/www.europesays.com\/es\/wp-json\/wp\/v2\/categories?post=272179"},{"taxonomy":"post_tag","embeddable":true,"href":"https:\/\/www.europesays.com\/es\/wp-json\/wp\/v2\/tags?post=272179"}],"curies":[{"name":"wp","href":"https:\/\/api.w.org\/{rel}","templated":true}]}}