{"id":272195,"date":"2025-12-05T09:12:12","date_gmt":"2025-12-05T09:12:12","guid":{"rendered":"https:\/\/www.europesays.com\/es\/272195\/"},"modified":"2025-12-05T09:12:12","modified_gmt":"2025-12-05T09:12:12","slug":"el-gobierno-asigna-400-millones-adicionales-al-plan-moves-iii-de-ayudas-al-coche-electrico-expansion","status":"publish","type":"post","link":"https:\/\/www.europesays.com\/es\/272195\/","title":{"rendered":"El Gobierno asigna 400 millones adicionales al plan Moves III de ayudas al coche el\u00e9ctrico &#8211; Expansi\u00f3n"},"content":{"rendered":"<ol>\n<li><a href=\"https:\/\/news.google.com\/rss\/articles\/CBMiiAFBVV95cUxOb19wNUx5QWFYVlhtMFdjM29QRUl5NU9NWV82c3pNQ1QwWjI1dVRqbFlLNzVFTTZaaEJSZHo5TkE2Q3d1bmpadjZHVkhkR2hOY0NOOUJ0dHBvOXpYMFFBZVpMd2piZXFJaHFhYUtZRTZkTEdKTTZMUkI0QUhmV2RoNlNsMVo1N0h20gGIAUFVX3lxTE81VHN0VERfREdOaEZRZV9ZUUVFLXh3UTVpcXhsOVhqQU5KeklvOFZvWTQzdjRkeW42LW16clQzc09veHRzZnNuLVN4OVBuQkdkaUQ4WUFLT3oxSHZzUEJUbTB1SGNpVkNIdTAzMjNPU0R5TnVJbVdhVmdHeDlfbEZXaWRPUy1Mcms?oc=5\" target=\"_blank\" rel=\"nofollow noopener\">El Gobierno asigna 400 millones adicionales al plan Moves III de ayudas al coche el\u00e9ctrico<\/a>&nbsp;&nbsp;Expansi\u00f3n<\/li>\n<li><a href=\"https:\/\/news.google.com\/rss\/articles\/CBMigAJBVV95cUxNVS1uY2NUMDFMeE03dGpWRlJPQV9PTjduUktUMVZvTGlwZ09USUpLNldaV2s0ZlNpMU9FTjJkYlZfWDdlSmNIZmIxaDQ2SUV2SmYwYnFRTU9ZZFl5RTZOSndzbWViZXg1UkdaUHJsLUhvQ1RFczBNdXRQUVU4Tm80NFdSZ29iQ0FOa2Zsdng3WHFLYTZfc2QwTXUwQW1KTXBOSk1qRExQY0QtZmtXWmplaUsxbVdfU0NydmxYVjgxRkJhLWF6RjNYbXdfWHE1SXhGYi1ieHJMMFFieXN2YkFFbFFHUWZFZm9tNTZ5NzJ0cE13YlE3cEZRWFlHcWxVc3l4?oc=5\" target=\"_blank\" rel=\"nofollow noopener\">El Gobierno duplica las ayudas a los coches el\u00e9ctricos hasta los 800 millones y la mitad ser\u00e1 para la lista de espera del Moves<\/a>&nbsp;&nbsp;EL PA\u00cdS<\/li>\n<li><a href=\"https:\/\/news.google.com\/rss\/articles\/CBMi1AFBVV95cUxNQXl3d3RMT05hX1RrU1hGVWZrRk9jcV85LTZUT2hjX25vNGJsQ25zRUJlbm1BWlRLTXVBeXJ2Mk5LZWF1THB3cFpQcFhzdlQwZms4Vkp4M0pPNFRkSno2YUV1VkE1U3R1OG1OYmktWkxhMGFRcHByMzFsTnh6Q05WZExQeEtKQjV1a1dXQXFKby1RYUViQzI4OUZ3RGFQQ0E4X1NrY3hSRGc2ZTc2YVlMaUd3Q1dNS2w3NEFDYllGNEp2dkZHOF9rc3R3ZC16T1doNHo5bw?oc=5\" target=\"_blank\" rel=\"nofollow noopener\">Transici\u00f3n Ecol\u00f3gica asigna 400 millones m\u00e1s al plan MOVES III para coches el\u00e9ctricos<\/a>&nbsp;&nbsp;lavanguardia.com<\/li>\n<li><a href=\"https:\/\/news.google.com\/rss\/articles\/CBMiiAFBVV95cUxOTmZySmhKU0NDZVQ5aV9NQnpoWVZ5MWtYTlJfYjEtTUhhTVpyZU9nXzVKWVZTQWtSX25uMlhZWHI5aHpRRE1VOWpIazdzR3pQQWg3cmtCN0dzTXhqdGF0bWVpQ2NURDNMTDFtbWpwbEtlMUFfcVhIeDc2bVQ5YWhldUNMeTgzUlo40gGIAUFVX3lxTE13Si1HWjE3ZnViR18teEJYV1BYUnFJLTF3anV4NmtCZmptejNGWG9ZTE9nWVZ3Q3lCTkRydFpzdWd1eDFVMXJ0V0g4Y3dvLW9reWIwMXAyQ3p4WjhzQmlKTDNTS2Rvd1FyWWFtVU1HdUVCVUtnZXlYYThneGtlbFBja1lYWVRMRW4?oc=5\" target=\"_blank\" rel=\"nofollow noopener\">El veh\u00edculo el\u00e9ctrico recibe una lluvia de 6.000 millones en Espa\u00f1a<\/a>&nbsp;&nbsp;Expansi\u00f3n<\/li>\n<li><a href=\"https:\/\/news.google.com\/rss\/articles\/CBMirwFBVV95cUxPcFZwZjU3emhmbTh5ZlBuaUF3UWVTdU9sOTh2Vlk3OWdvWTFRNFJCLXhjd09KTzUzTFVlSHdYLVdUQWZzUW9hOHRlWDN4dU5VNkdlSzlwbnpkMkRFTjZITlFYdUo4eDdYamNOS3pfc3pTdlNxRWMwRW43TTd3WVQ2SktQd2d1SnIzVjlaR21jNDdoWFZmVzJpTGMxYjdUTmdmWHBaLTM5ZEozcDdRT05F?oc=5\" target=\"_blank\" rel=\"nofollow noopener\">El sector de la automoci\u00f3n califica el Plan Auto 2030 como \u00abuna oportunidad hist\u00f3rica\u00bb<\/a>&nbsp;&nbsp;ABC<\/li>\n<\/ol>\n","protected":false},"excerpt":{"rendered":"El Gobierno asigna 400 millones adicionales al plan Moves III de ayudas al coche el\u00e9ctrico&nbsp;&nbsp;Expansi\u00f3n El Gobierno duplica&hellip;\n","protected":false},"author":2,"featured_media":272196,"comment_status":"","ping_status":"","sticky":false,"template":"","format":"standard","meta":{"footnotes":""},"categories":[80],"tags":[82,95,94,2308,32085,25,24,2362,24594,23],"class_list":{"0":"post-272195","1":"post","2":"type-post","3":"status-publish","4":"format-standard","5":"has-post-thumbnail","7":"category-economia","8":"tag-business","9":"tag-economia","10":"tag-economy","11":"tag-empresas","12":"tag-empresas-motor","13":"tag-es","14":"tag-espana","15":"tag-motor","16":"tag-nea","17":"tag-spain"},"share_on_mastodon":{"url":"https:\/\/pubeurope.com\/@es\/115666193520009064","error":""},"_links":{"self":[{"href":"https:\/\/www.europesays.com\/es\/wp-json\/wp\/v2\/posts\/272195","targetHints":{"allow":["GET"]}}],"collection":[{"href":"https:\/\/www.europesays.com\/es\/wp-json\/wp\/v2\/posts"}],"about":[{"href":"https:\/\/www.europesays.com\/es\/wp-json\/wp\/v2\/types\/post"}],"author":[{"embeddable":true,"href":"https:\/\/www.europesays.com\/es\/wp-json\/wp\/v2\/users\/2"}],"replies":[{"embeddable":true,"href":"https:\/\/www.europesays.com\/es\/wp-json\/wp\/v2\/comments?post=272195"}],"version-history":[{"count":0,"href":"https:\/\/www.europesays.com\/es\/wp-json\/wp\/v2\/posts\/272195\/revisions"}],"wp:featuredmedia":[{"embeddable":true,"href":"https:\/\/www.europesays.com\/es\/wp-json\/wp\/v2\/media\/272196"}],"wp:attachment":[{"href":"https:\/\/www.europesays.com\/es\/wp-json\/wp\/v2\/media?parent=272195"}],"wp:term":[{"taxonomy":"category","embeddable":true,"href":"https:\/\/www.europesays.com\/es\/wp-json\/wp\/v2\/categories?post=272195"},{"taxonomy":"post_tag","embeddable":true,"href":"https:\/\/www.europesays.com\/es\/wp-json\/wp\/v2\/tags?post=272195"}],"curies":[{"name":"wp","href":"https:\/\/api.w.org\/{rel}","templated":true}]}}