{"id":272211,"date":"2025-12-05T09:25:10","date_gmt":"2025-12-05T09:25:10","guid":{"rendered":"https:\/\/www.europesays.com\/es\/272211\/"},"modified":"2025-12-05T09:25:10","modified_gmt":"2025-12-05T09:25:10","slug":"tamara-falco-aumenta-su-familia-junto-a-inigo-onieva-no-estaba-previsto","status":"publish","type":"post","link":"https:\/\/www.europesays.com\/es\/272211\/","title":{"rendered":"Tamara Falc\u00f3 aumenta su familia junto a I\u00f1igo Onieva: \u00abNo estaba previsto\u00bb"},"content":{"rendered":"<p data-journey-content=\"true\" data-node-id=\"3\" class=\"css-6wxqfj emevuu60\">\u00ab<strong data-node-id=\"3.1\">Buscaba una familia y no estaba previsto <\/strong>que se quedara con nosotros, pero al final fue imposible dejarla ir\u00bb. As\u00ed ha anunciado <a href=\"https:\/\/diezminutos.es\/tamara-falco\" target=\"_blank\" data-node-id=\"3.3\" class=\"css-177bzfx emevuu60\" rel=\"nofollow noopener\">Tamara Falc\u00f3<\/a> la llegada de un nuevo miembro de <a href=\"https:\/\/www.diezminutos.es\/famosos-corazon\/famosos-espanoles\/a65644118\/viaje-isabel-preysler-tamara-falco-e-inigo-onieva-maldivas\/\" target=\"_blank\" data-vars-ga-outbound-link=\"https:\/\/www.diezminutos.es\/famosos-corazon\/famosos-espanoles\/a65644118\/viaje-isabel-preysler-tamara-falco-e-inigo-onieva-maldivas\/\" data-vars-ga-ux-element=\"Hyperlink\" data-vars-ga-call-to-action=\"su familia a \u00cd\u00f1igo Onieva\" data-node-id=\"3.5\" class=\"body-link css-177bzfx emevuu60\" rel=\"nofollow noopener\">su familia a \u00cd\u00f1igo Onieva<\/a>, con quien ha deseado siempre ampliar el n\u00facleo familiar. Pero en esta ocasi\u00f3n, la llegada ha sido totalmente inesperada: una perrita que buscaba casa de acogida y finalmente ha ido adoptada por <a href=\"https:\/\/www.diezminutos.es\/famosos-corazon\/famosos-espanoles\/a69209358\/tamara-falco-el-hormiguero-guardia-civil\/\" target=\"_blank\" data-vars-ga-outbound-link=\"https:\/\/www.diezminutos.es\/famosos-corazon\/famosos-espanoles\/a69209358\/tamara-falco-el-hormiguero-guardia-civil\/\" data-vars-ga-ux-element=\"Hyperlink\" data-vars-ga-call-to-action=\"los marqueses de Gri\u00f1\u00f3n.\" data-node-id=\"3.7\" class=\"body-link css-177bzfx emevuu60\" rel=\"nofollow noopener\">los marqueses de Gri\u00f1\u00f3n.<\/a><\/p>\n<p data-journey-content=\"true\" data-node-id=\"6\" class=\"css-6wxqfj emevuu60\">Se trata de <strong data-node-id=\"6.1\">Nala<\/strong>, que es ya la quinta mascota de la casa, junto a <strong data-node-id=\"6.3\">Jacinta<\/strong>, el caniche toy; <strong data-node-id=\"6.5\">Vanilla<\/strong>, el Golden Retriever; y l<a href=\"https:\/\/www.diezminutos.es\/famosos-corazon\/famosos-espanoles\/a64852024\/tamara-falco-amplia-familia-inigo-onieva-perros\/\" target=\"_blank\" data-vars-ga-outbound-link=\"https:\/\/www.diezminutos.es\/famosos-corazon\/famosos-espanoles\/a64852024\/tamara-falco-amplia-familia-inigo-onieva-perros\/\" data-vars-ga-ux-element=\"Hyperlink\" data-vars-ga-call-to-action=\"os cachorros Missy y Dalkkung\" data-node-id=\"6.7\" class=\"body-link css-177bzfx emevuu60\" rel=\"nofollow noopener\">os cachorros <strong data-node-id=\"6.7.1\">Missy <\/strong>y <strong data-node-id=\"6.7.3\">Dalkkung<\/strong><\/a> que adoptaron hace apenas unos meses. La cachorra ha hecho muy buenas migas con sus ahora compa\u00f1eros de casa. Un n\u00famero de mascotas que hace que la pareja ya se sienta \u00abfamilia numerosa\u00bb puesto que \u00abpor ahora ya tenemos cuatro perros\u00bb, explicaba Tamara Falc\u00f3 en un acto en los Cines Callao de Madrid. <br data-node-id=\"6.9\"\/><\/p>\n<p data-journey-content=\"true\" data-node-id=\"9\" class=\"css-6wxqfj emevuu60\">Tamara Falc\u00f3, que ha celebrado sus 44 a\u00f1os, hace tan solo unos d\u00edas, ha celebrado la llegada de esta nueva perrita compartiendo un book de fotos y un tierno v\u00eddeo en el que se ve c\u00f3mo<strong data-node-id=\"9.1\"> la peque\u00f1a cachorra se cuela entre los cojines del sof\u00e1.<\/strong> Una imagen entra\u00f1able en la que ha conquistado el coraz\u00f3n de sus seguidores.<\/p>\n<p>Tamara e \u00cd\u00f1igo buscan ampliar la familia <\/p>\n<p data-journey-content=\"true\" data-node-id=\"14\" class=\"css-6wxqfj emevuu60\">Tras <a href=\"https:\/\/www.diezminutos.es\/famosos-corazon\/famosos-espanoles\/a44481723\/detalles-ceremonia-boda-tamara-falco-inigo-onieva\/\" target=\"_blank\" data-vars-ga-outbound-link=\"https:\/\/www.diezminutos.es\/famosos-corazon\/famosos-espanoles\/a44481723\/detalles-ceremonia-boda-tamara-falco-inigo-onieva\/\" data-vars-ga-ux-element=\"Hyperlink\" data-vars-ga-call-to-action=\"su boda con \u00cd\u00f1igo Onieva\" data-node-id=\"14.1\" data-mrf-link=\"https:\/\/www.diezminutos.es\/famosos-corazon\/famosos-espanoles\/a44481723\/detalles-ceremonia-boda-tamara-falco-inigo-onieva\/\" class=\"body-link css-177bzfx emevuu60\" rel=\"nofollow noopener\">su boda con \u00cd\u00f1igo Onieva<\/a>, Tamara se ha puesto manos a la obra para darle un nieto o nieta a su madre, <strong data-node-id=\"14.3\">Isabel Preysler, que tampoco esconde sus ganas de volver a ser abuela.<\/strong> Sin embargo, parece que a <a href=\"https:\/\/www.diezminutos.es\/famosos-corazon\/famosos-espanoles\/a60810453\/tamara-falco-got-talent-jurado-el-hormiguero-pablo-motos\/\" target=\"_blank\" data-vars-ga-outbound-link=\"https:\/\/www.diezminutos.es\/famosos-corazon\/famosos-espanoles\/a60810453\/tamara-falco-got-talent-jurado-el-hormiguero-pablo-motos\/\" data-vars-ga-ux-element=\"Hyperlink\" data-vars-ga-call-to-action=\"la nueva jueza de &#039;Got Talent&#039;\" data-node-id=\"14.5\" data-mrf-link=\"https:\/\/www.diezminutos.es\/famosos-corazon\/famosos-espanoles\/a60810453\/tamara-falco-got-talent-jurado-el-hormiguero-pablo-motos\/\" class=\"body-link css-177bzfx emevuu60\" rel=\"nofollow noopener\">la nueva jueza de &#8216;Got Talent&#8217;<\/a> se le est\u00e1 complicando la cosa, y es por eso que, desde hace unos meses, tal y como contamos en Diez Minutos ya el pasado a\u00f1o, <a href=\"https:\/\/www.diezminutos.es\/famosos-corazon\/famosos-espanoles\/a44559294\/tamara-falco-tratamiento-fertilidad-natural-hijos-inigo-onieva\/\" target=\"_blank\" data-vars-ga-outbound-link=\"https:\/\/www.diezminutos.es\/famosos-corazon\/famosos-espanoles\/a44559294\/tamara-falco-tratamiento-fertilidad-natural-hijos-inigo-onieva\/\" data-vars-ga-ux-element=\"Hyperlink\" data-vars-ga-call-to-action=\"se ha puesto en manos de expertos en fertilidad\" data-node-id=\"14.7\" data-mrf-link=\"https:\/\/www.diezminutos.es\/famosos-corazon\/famosos-espanoles\/a44559294\/tamara-falco-tratamiento-fertilidad-natural-hijos-inigo-onieva\/\" class=\"body-link css-177bzfx emevuu60\" rel=\"nofollow noopener\">se ha puesto en manos de expertos en fertilidad<\/a> con los que espera poder dar la noticia pronto. Un proceso dif\u00edcil para la arist\u00f3crata que se apoya en su fe para atravesar las adversidades y conf\u00eda en que, \u00absi Dios quiere\u00bb, el embarazo se produzca de \u00abforma natural\u00bb.<\/p>\n<p><img src=\"https:\/\/www.europesays.com\/es\/wp-content\/uploads\/2025\/12\/1764926710_131_323095e3-d675-4360-ad79-c3a735f161a1_1681830139.file\" alt=\"Headshot of Aroa D\u00edaz\" title=\"Headshot of Aroa D\u00edaz\" width=\"100%\" height=\"100%\" decoding=\"async\" loading=\"lazy\" class=\"css-o0wq4v ev8dhu53\"\/><\/p>\n<p>Aroa D\u00edaz es experta en realities, televisi\u00f3n y actualidad en general. No hay momento del d\u00eda en el que no tenga encendida la televisi\u00f3n conociendo los \u00faltimos desvelos de los famosos, disfrutando de los realities como Supervivientes o de los concursos m\u00e1s rocambolescos. Las \u00faltimas novedades de los famosos del coraz\u00f3n son su perdici\u00f3n y la actualidad de las Casas Reales, su gran pasi\u00f3n. \u00a0\u00a0<\/p>\n<p>En sus ratos libres disfruta de las pel\u00edculas y series de moda, y bucea por los cat\u00e1logos de las plataformas de podcast buscando nuevas entrevistas y charlas de famosos.<\/p>\n<p>Adem\u00e1s, no ha parado de formarse en todos los aspectos convirti\u00e9ndose en una periodista 360: locuci\u00f3n, doblaje, grabaci\u00f3n de v\u00eddeo, periodismo m\u00f3vil, producci\u00f3n de podcast y SEO. Actualmente est\u00e1 form\u00e1ndose en el M\u00e1ster universitario de Periodismo y Comunicaci\u00f3n Digital: Datos y Nuevas Narrativas de la UOC.<\/p>\n<p>Graduada en periodismo por la Universidad Rey Juan Carlos, no ha parado de trabajar desde que obtuvo su t\u00edtulo all\u00e1 por el 2013. Despu\u00e9s de un breve impass en Palma de Mallorca, volvi\u00f3 a Legan\u00e9s donde arranc\u00f3 su experiencia con Legan\u00e9s Activo. En este tiempo he pasado por las redacciones de varios medios recayendo finalmente en Hearst Espa\u00f1a (Telenovela, Qu\u00e9 me dices y Diez Minutos). Tambi\u00e9n tiene experiencia en diferentes radios. \u00a0<\/p>\n","protected":false},"excerpt":{"rendered":"\u00abBuscaba una familia y no estaba previsto que se quedara con nosotros, pero al final fue imposible dejarla&hellip;\n","protected":false},"author":2,"featured_media":272212,"comment_status":"","ping_status":"","sticky":false,"template":"","format":"standard","meta":{"footnotes":""},"categories":[174],"tags":[255,253,146,147,25,24,256,23],"class_list":{"0":"post-272211","1":"post","2":"type-post","3":"status-publish","4":"format-standard","5":"has-post-thumbnail","7":"category-famosos","8":"tag-celebrities","9":"tag-discover","10":"tag-entertainment","11":"tag-entretenimiento","12":"tag-es","13":"tag-espana","14":"tag-famosos","15":"tag-spain"},"share_on_mastodon":{"url":"https:\/\/pubeurope.com\/@es\/115666244608331834","error":""},"_links":{"self":[{"href":"https:\/\/www.europesays.com\/es\/wp-json\/wp\/v2\/posts\/272211","targetHints":{"allow":["GET"]}}],"collection":[{"href":"https:\/\/www.europesays.com\/es\/wp-json\/wp\/v2\/posts"}],"about":[{"href":"https:\/\/www.europesays.com\/es\/wp-json\/wp\/v2\/types\/post"}],"author":[{"embeddable":true,"href":"https:\/\/www.europesays.com\/es\/wp-json\/wp\/v2\/users\/2"}],"replies":[{"embeddable":true,"href":"https:\/\/www.europesays.com\/es\/wp-json\/wp\/v2\/comments?post=272211"}],"version-history":[{"count":0,"href":"https:\/\/www.europesays.com\/es\/wp-json\/wp\/v2\/posts\/272211\/revisions"}],"wp:featuredmedia":[{"embeddable":true,"href":"https:\/\/www.europesays.com\/es\/wp-json\/wp\/v2\/media\/272212"}],"wp:attachment":[{"href":"https:\/\/www.europesays.com\/es\/wp-json\/wp\/v2\/media?parent=272211"}],"wp:term":[{"taxonomy":"category","embeddable":true,"href":"https:\/\/www.europesays.com\/es\/wp-json\/wp\/v2\/categories?post=272211"},{"taxonomy":"post_tag","embeddable":true,"href":"https:\/\/www.europesays.com\/es\/wp-json\/wp\/v2\/tags?post=272211"}],"curies":[{"name":"wp","href":"https:\/\/api.w.org\/{rel}","templated":true}]}}