{"id":272231,"date":"2025-12-05T09:43:10","date_gmt":"2025-12-05T09:43:10","guid":{"rendered":"https:\/\/www.europesays.com\/es\/272231\/"},"modified":"2025-12-05T09:43:10","modified_gmt":"2025-12-05T09:43:10","slug":"murray-da-un-golpe-sobre-la-mesa-no-pedi-ir-al-homenaje-de-nadal-en-roland-garros","status":"publish","type":"post","link":"https:\/\/www.europesays.com\/es\/272231\/","title":{"rendered":"Murray da un golpe sobre la mesa: \u00bbNo ped\u00ed ir al homenaje de Nadal en Roland Garros\u00bb"},"content":{"rendered":"<p>El de Glasgow deja claro que asisti\u00f3 al homenaje del tenista espa\u00f1ol invitado por \u00e9l, defendiendo que \u00e9l no se invit\u00f3 a s\u00ed mismo<\/p>\n<p class=\"parrafo\"><strong>Andy Murray fue uno de los tenistas m\u00e1s exitosos de los 2010,<\/strong> cuando compart\u00eda los cuatro primeros puestos del ranking junto a Roger Federer, Rafael Nadal y Novak Djokovic. <a href=\"https:\/\/www.estadiodeportivo.com\/tenis\/andy-murray-asume-fracaso-con-novak-djokovic-20251201-522298.html\" class=\"intext-link\" rel=\"nofollow noopener\" target=\"_blank\">Fue entrenador de este \u00faltimo<\/a>, despu\u00e9s de a\u00f1os de rivalidades. En The Tenis Podcast, el tenista ha dejado claro, entre otras cosas, que <strong>fue el tenista espa\u00f1ol el que le invit\u00f3 a su despedida en Roland Garros.<\/strong><\/p>\n<p>Murray sabe cu\u00e1l es su posici\u00f3n en el Big Four<\/p>\n<p class=\"parrafo\">Durante ocho temporadas consecutivas, Murray finaliz\u00f3 entre los cuatro mejores del ranking, solo interrumpi\u00f3 esa racha en 2014 cuando termin\u00f3 en el sexto puesto. <strong>Cuando habla de aquella \u00e9poca de oro del tenis, el deja claro que sabe cual es su lugar en el <\/strong><strong>Big Four<\/strong> del que formaba parte junto a Rafa Nadal, Roger Federer y Novak Djokovic: \u00bbSoy consciente de cu\u00e1l es mi posici\u00f3n en el Big-4, se que todo<strong> lo que han luchado estos chicos es muy superior a lo que yo he hecho<\/strong>\u00bb.<\/p>\n<p><a class=\"elementos-rel-t2\" href=\"https:\/\/www.estadiodeportivo.com\/tenis\/inesperado-motivo-por-que-murray-dejo-entrenar-djokovic-20250717-504420.html\" title=\"El inesperado motivo por el que Murray dej\u00f3 de entrenar a Djokovic\" rel=\"nofollow noopener\" target=\"_blank\"><\/p>\n<p class=\"titular titulo-4\">El inesperado motivo por el que Murray dej\u00f3 de entrenar a Djokovic<\/p>\n<p><img decoding=\"async\" src=\"https:\/\/www.europesays.com\/es\/wp-content\/uploads\/2025\/12\/14aa1627-8869-4ed0-97cd-95a2c8402a5f_320x180.jpeg\" alt=\"El inesperado motivo por el que Murray dej\u00f3 de entrenar a Djokovic\"\/><\/a><\/p>\n<p class=\"parrafo\">Munrray guarda un respeto absoluto por<a href=\"https:\/\/www.estadiodeportivo.com\/tenis\/carlos-alcaraz-sigue-haciendo-historia-marca-nuevo-record-atp-supera-andy-murray-20251013-516221.html\" class=\"intext-link\" rel=\"nofollow noopener\" target=\"_blank\"> los que compart\u00edan con \u00e9l clasificaci\u00f3n<\/a>, aunque tambi\u00e9n es consciente de como contribuy\u00f3 a esta cuadrilla: \u00bbHubo un periodo a mitad de mi carrera en<strong> la que la gran mayor\u00eda de los grandes torneos, los Grand Slam, Masters 1.000, los Juegos Ol\u00edmpicos o la Copa Davis la gan\u00e1bamos uno de los cuatro.<\/strong> Bueno, la mayor parte del tiempo eran ellos, peor no siempre. Me siento orgulloso de haber sido parte de esa \u00e9poca\u00bb.<\/p>\n<p><img decoding=\"async\" src=\"https:\/\/www.europesays.com\/es\/wp-content\/uploads\/2025\/12\/8dc70d1e-e2c8-40d8-8141-04765beb5798_800x533.jpeg\" loading=\"lazy\"\/>De la rivalidad al homenaje de Nadal<\/p>\n<p class=\"parrafo\">Es todo un placer ver juntos a cuatro tenistas de la historia juntos<strong> como lo hicieron en el homenaje a Rafa Nadal<\/strong> que organiz\u00f3 Roland Garros en mayo de este a\u00f1o. La presencia de Mnrray, Djokovic y Federer no pas\u00f3 inadvertida, y el mundo del tenis aplaudi\u00f3 el reencuentro: \u00bbUna forma de entender el deporte y la vida. Es un mensaje positivo hacer ver que <strong>p<\/strong><strong>or mucho que quieras ganar a tu rival con todas tus fuerzas no tienes que odiarlo. <\/strong>Este es el legado m\u00e1s all\u00e1 de los resultados\u00bb, declaraba Nadal en su d\u00eda especial.<\/p>\n<p class=\"parrafo\">Sobre las cr\u00edticas por la asistencia de Murray al homenaje, fue completamente tajante, explicando que asisti\u00f3 al evento porque el tenista balear hab\u00eda solicitado su presencia all\u00ed: \u00bb<strong>No ped\u00ed ir al homenaje de Nadal en Roland Garros. \u00c9l me pidi\u00f3 que fuera. Entonces si fui.<\/strong> Cuando la gente dice \u00bfQu\u00e9 hace? \u00bfPor qu\u00e9 est\u00e1 aqu\u00ed?, es porque yo no me invit\u00e9 a m\u00ed mismo\u00bb.<\/p>\n","protected":false},"excerpt":{"rendered":"El de Glasgow deja claro que asisti\u00f3 al homenaje del tenista espa\u00f1ol invitado por \u00e9l, defendiendo que \u00e9l&hellip;\n","protected":false},"author":2,"featured_media":272232,"comment_status":"","ping_status":"","sticky":false,"template":"","format":"standard","meta":{"footnotes":""},"categories":[274],"tags":[33136,168,25,24,284,6894,23,167,327,326],"class_list":{"0":"post-272231","1":"post","2":"type-post","3":"status-publish","4":"format-standard","5":"has-post-thumbnail","7":"category-tenis","8":"tag-andy-murray","9":"tag-deportes","10":"tag-es","11":"tag-espana","12":"tag-estadio-deportivo","13":"tag-rafa-nadal","14":"tag-spain","15":"tag-sports","16":"tag-tenis","17":"tag-tennis"},"share_on_mastodon":{"url":"https:\/\/pubeurope.com\/@es\/115666315969486298","error":""},"_links":{"self":[{"href":"https:\/\/www.europesays.com\/es\/wp-json\/wp\/v2\/posts\/272231","targetHints":{"allow":["GET"]}}],"collection":[{"href":"https:\/\/www.europesays.com\/es\/wp-json\/wp\/v2\/posts"}],"about":[{"href":"https:\/\/www.europesays.com\/es\/wp-json\/wp\/v2\/types\/post"}],"author":[{"embeddable":true,"href":"https:\/\/www.europesays.com\/es\/wp-json\/wp\/v2\/users\/2"}],"replies":[{"embeddable":true,"href":"https:\/\/www.europesays.com\/es\/wp-json\/wp\/v2\/comments?post=272231"}],"version-history":[{"count":0,"href":"https:\/\/www.europesays.com\/es\/wp-json\/wp\/v2\/posts\/272231\/revisions"}],"wp:featuredmedia":[{"embeddable":true,"href":"https:\/\/www.europesays.com\/es\/wp-json\/wp\/v2\/media\/272232"}],"wp:attachment":[{"href":"https:\/\/www.europesays.com\/es\/wp-json\/wp\/v2\/media?parent=272231"}],"wp:term":[{"taxonomy":"category","embeddable":true,"href":"https:\/\/www.europesays.com\/es\/wp-json\/wp\/v2\/categories?post=272231"},{"taxonomy":"post_tag","embeddable":true,"href":"https:\/\/www.europesays.com\/es\/wp-json\/wp\/v2\/tags?post=272231"}],"curies":[{"name":"wp","href":"https:\/\/api.w.org\/{rel}","templated":true}]}}