{"id":272241,"date":"2025-12-05T09:49:09","date_gmt":"2025-12-05T09:49:09","guid":{"rendered":"https:\/\/www.europesays.com\/es\/272241\/"},"modified":"2025-12-05T09:49:09","modified_gmt":"2025-12-05T09:49:09","slug":"albert-pinya-embajador-del-arte-contemporaneo-espanol-en-miami","status":"publish","type":"post","link":"https:\/\/www.europesays.com\/es\/272241\/","title":{"rendered":"Albert Pinya, embajador del arte contempor\u00e1neo espa\u00f1ol en Miami"},"content":{"rendered":"<p>La obra Social Distancing del artista <strong><a href=\"https:\/\/www.ultimahora.es\/etiqueta\/Albert+Pinya.html?utm_source=Inline-tag&amp;utm_medium=internal\" rel=\"nofollow noopener\" target=\"_blank\">Albert Pinya<\/a><\/strong> (Palma, 1985) est\u00e1 presente en la exposici\u00f3n Arte contempor\u00e1neo espa\u00f1ol de la <strong>Colecci\u00f3n Fundaci\u00f3n Mar\u00eda Cristina Masaveu Peterson<\/strong>, que se podr\u00e1 ver en el espacio<strong> Brickell Key Centre de <a href=\"https:\/\/www.ultimahora.es\/etiqueta\/Miami.html?utm_source=Inline-tag&amp;utm_medium=internal\" rel=\"nofollow noopener\" target=\"_blank\">Miami<\/a><\/strong> (Estados Unidos) hasta abril de 2027.<\/p>\n<p>Arte contempor\u00e1neo espa\u00f1ol de la Colecci\u00f3n FMCMP es un ciclo expositivo dise\u00f1ado especialmente para el Espacio Brickell Key Centre, en el coraz\u00f3n de Miami, con el prop\u00f3sito de \u00abacercar al p\u00fablico estadounidense una muestra significativa del arte contempor\u00e1neo espa\u00f1ol\u00bb, se\u00f1alan desde la organizaci\u00f3n. La iniciativa tiene como objetivo dar a conocer, en Estados Unidos, el arte espa\u00f1ol contempor\u00e1neo a trav\u00e9s de obras que forman parte de la colecci\u00f3n.<\/p>\n<p>La primera exposici\u00f3n del ciclo presenta una cuidada selecci\u00f3n de nueve obras pertenecientes a destacados pintores del \u00faltimo tercio del siglo XX, como <strong>Jos\u00e9 Mar\u00eda Sicilia y <a href=\"https:\/\/www.ultimahora.es\/etiqueta\/Miguel+%C3%81ngel+Campano.html?utm_source=Inline-tag&amp;utm_medium=internal\" rel=\"nofollow noopener\" target=\"_blank\">Miguel \u00c1ngel Campano<\/a><\/strong> \u2013ambos muy vinculados con Mallorca, especialmente S\u00f3ller\u2013, junto a piezas de creadores contempor\u00e1neos como el palmesano Albert Pinya, Ana Barriga, Miguel Caravaca, Hugo Fontela, Mario Mankey y Antonio Arribas Hern\u00e1ndez, cuya producci\u00f3n refleja las nuevas sensibilidades y lenguajes del arte actual. La muestra incorpora, adem\u00e1s, la ic\u00f3nica escultura Amor, de Robert Indiana, estableciendo un di\u00e1logo entre las propuestas espa\u00f1olas y la tradici\u00f3n art\u00edstica estadounidense. Esta pieza del pop art funciona como un<strong> puente simb\u00f3lico entre ambas culturas,<\/strong> reforzando el car\u00e1cter internacional de la muestra y su vocaci\u00f3n de intercambio creativo.<\/p>\n<p>En conjunto, Arte contempor\u00e1neo espa\u00f1ol de la Colecci\u00f3n FMCMP se presenta como un proyecto cultural ejemplar que pone de manifiesto el compromiso de la Fundaci\u00f3n Mar\u00eda Cristina Masaveu Peterson con la <strong>promoci\u00f3n del arte y el mecenazgo<\/strong>. Su labor contribuye de manera decisiva a difundir el talento art\u00edstico espa\u00f1ol m\u00e1s all\u00e1 de sus fronteras y a fomentar la cooperaci\u00f3n cultural entre pa\u00edses.<\/p>\n","protected":false},"excerpt":{"rendered":"La obra Social Distancing del artista Albert Pinya (Palma, 1985) est\u00e1 presente en la exposici\u00f3n Arte contempor\u00e1neo espa\u00f1ol&hellip;\n","protected":false},"author":2,"featured_media":272242,"comment_status":"","ping_status":"","sticky":false,"template":"","format":"standard","meta":{"footnotes":""},"categories":[173],"tags":[66751,229,1829,233,231,230,209,232,234,146,147,25,24,6584,25133,23],"class_list":{"0":"post-272241","1":"post","2":"type-post","3":"status-publish","4":"format-standard","5":"has-post-thumbnail","7":"category-arte-y-diseno","8":"tag-albert-pinya","9":"tag-arte","10":"tag-arte-en-mallorca","11":"tag-arte-y-diseno","12":"tag-arts","13":"tag-arts-and-design","14":"tag-cultura","15":"tag-design","16":"tag-diseno","17":"tag-entertainment","18":"tag-entretenimiento","19":"tag-es","20":"tag-espana","21":"tag-miami","22":"tag-miguel-angel-campano","23":"tag-spain"},"share_on_mastodon":{"url":"https:\/\/pubeurope.com\/@es\/115666338618963811","error":""},"_links":{"self":[{"href":"https:\/\/www.europesays.com\/es\/wp-json\/wp\/v2\/posts\/272241","targetHints":{"allow":["GET"]}}],"collection":[{"href":"https:\/\/www.europesays.com\/es\/wp-json\/wp\/v2\/posts"}],"about":[{"href":"https:\/\/www.europesays.com\/es\/wp-json\/wp\/v2\/types\/post"}],"author":[{"embeddable":true,"href":"https:\/\/www.europesays.com\/es\/wp-json\/wp\/v2\/users\/2"}],"replies":[{"embeddable":true,"href":"https:\/\/www.europesays.com\/es\/wp-json\/wp\/v2\/comments?post=272241"}],"version-history":[{"count":0,"href":"https:\/\/www.europesays.com\/es\/wp-json\/wp\/v2\/posts\/272241\/revisions"}],"wp:featuredmedia":[{"embeddable":true,"href":"https:\/\/www.europesays.com\/es\/wp-json\/wp\/v2\/media\/272242"}],"wp:attachment":[{"href":"https:\/\/www.europesays.com\/es\/wp-json\/wp\/v2\/media?parent=272241"}],"wp:term":[{"taxonomy":"category","embeddable":true,"href":"https:\/\/www.europesays.com\/es\/wp-json\/wp\/v2\/categories?post=272241"},{"taxonomy":"post_tag","embeddable":true,"href":"https:\/\/www.europesays.com\/es\/wp-json\/wp\/v2\/tags?post=272241"}],"curies":[{"name":"wp","href":"https:\/\/api.w.org\/{rel}","templated":true}]}}