{"id":27225,"date":"2025-08-05T13:08:13","date_gmt":"2025-08-05T13:08:13","guid":{"rendered":"https:\/\/www.europesays.com\/es\/27225\/"},"modified":"2025-08-05T13:08:13","modified_gmt":"2025-08-05T13:08:13","slug":"benameji-presenta-un-festejo-de-rejoneo-con-motivo-de-las-fiestas-patronales","status":"publish","type":"post","link":"https:\/\/www.europesays.com\/es\/27225\/","title":{"rendered":"Benamej\u00ed presenta un Festejo de Rejoneo con motivo de las Fiestas Patronales"},"content":{"rendered":"<p>La localidad cordobesa de Benamej\u00ed acoger\u00e1 el pr\u00f3ximo martes 9 de septiembre, a las 19:00 horas, un extraordinario festejo de rejoneo goyesco en la Plaza de Toros del municipio. El evento, enmarcado en las Ferias Patronales 2025, rendir\u00e1 homenaje al 25\u00ba aniversario de La Duquesa de Benamej\u00ed, obra emblem\u00e1tica de los Hermanos Machado, que cada dos veranos dan vida los vecinos de Benamej\u00ed convirti\u00e9ndola en un hito de la cultura andaluza.<\/p>\n<p>El cartel anuncia un emocionante mano a mano entre dos grandes del rejoneo: el portugu\u00e9s Jo\u00e3o Moura Caetano, gran figura de Portugal y referente del toreo a caballo, y el granadino Sebasti\u00e1n Fern\u00e1ndez, revelaci\u00f3n del panorama actual que se ha ganado a pulso un lugar de honor en la nueva generaci\u00f3n de rejoneadores. Ambos lidiar\u00e1n cuatro novillos-toros de la prestigiosa ganader\u00eda Hermanos Moura Caetano, cuyas astas ser\u00e1n despuntadas conforme al reglamento taurino.<\/p>\n<p><img loading=\"lazy\" decoding=\"async\" width=\"960\" height=\"720\" alt=\"\" src=\"https:\/\/www.europesays.com\/es\/wp-content\/uploads\/2025\/08\/2025080514125930271.jpg\" class=\"lazyload\" \/><\/p>\n<p>Las entradas ya est\u00e1n disponibles tanto en puntos f\u00edsicos de venta en Benamej\u00ed como en plataformas digitales del sector taurino, con precios que oscilan entre 10 y 25 euros, y con descuentos especiales para j\u00f3venes y jubilados.<\/p>\n<p>Como preludio al festejo, a las 11:30 h se celebrar\u00e1 un acto de presentaci\u00f3n de la cuadra de caballos de Sebasti\u00e1n Fern\u00e1ndez, una ocasi\u00f3n \u00fanica para que los aficionados disfruten del contacto cercano con estos nobles animales y conozcan el alma del arte ecuestre. Durante todo el d\u00eda, habr\u00e1 servicio de barra en las inmediaciones de la plaza, favoreciendo el ambiente festivo y la convivencia entre pe\u00f1as, vecinos y visitantes.<\/p>\n<p><img loading=\"lazy\" decoding=\"async\" width=\"1078\" height=\"720\" alt=\"\" src=\"https:\/\/www.europesays.com\/es\/wp-content\/uploads\/2025\/08\/2025080514130236235.jpg\" class=\"lazyload\" \/><\/p>\n<p>El cartel fue presentado oficialmente en el Ayuntamiento de Benamej\u00ed, en un acto presidido por la alcaldesa Carmen Lara, quien subray\u00f3 que este festejo \u201ces mucho m\u00e1s que una corrida: es un punto de encuentro para todos los que aman el toro, el caballo y nuestras ra\u00edces culturales\u201d. La presentaci\u00f3n cont\u00f3 adem\u00e1s con la presencia del rejoneador Sebasti\u00e1n Fern\u00e1ndez, Luis Dengra, y los concejales Sonia Luna y Gonzalo Garc\u00eda, que destacaron la importancia de este evento como motor cultural, tur\u00edstico y emocional para toda la comarca.<\/p>\n<p>Benamej\u00ed se prepara, as\u00ed, para vivir una jornada cargada de arte, pasi\u00f3n y tradici\u00f3n, donde el toreo a caballo se fundir\u00e1 con la esencia andaluza en una celebraci\u00f3n que promete quedarse en la memoria de los asistentes.<\/p>\n","protected":false},"excerpt":{"rendered":"La localidad cordobesa de Benamej\u00ed acoger\u00e1 el pr\u00f3ximo martes 9 de septiembre, a las 19:00 horas, un extraordinario&hellip;\n","protected":false},"author":2,"featured_media":27226,"comment_status":"","ping_status":"","sticky":false,"template":"","format":"standard","meta":{"footnotes":""},"categories":[277],"tags":[14911,373,168,25,24,14910,6436,23,167,374],"class_list":{"0":"post-27225","1":"post","2":"type-post","3":"status-publish","4":"format-standard","5":"has-post-thumbnail","7":"category-toreo","8":"tag-benameji","9":"tag-bullfighting","10":"tag-deportes","11":"tag-es","12":"tag-espana","13":"tag-fiestas-patronales","14":"tag-provincia","15":"tag-spain","16":"tag-sports","17":"tag-toreo"},"share_on_mastodon":{"url":"","error":""},"_links":{"self":[{"href":"https:\/\/www.europesays.com\/es\/wp-json\/wp\/v2\/posts\/27225","targetHints":{"allow":["GET"]}}],"collection":[{"href":"https:\/\/www.europesays.com\/es\/wp-json\/wp\/v2\/posts"}],"about":[{"href":"https:\/\/www.europesays.com\/es\/wp-json\/wp\/v2\/types\/post"}],"author":[{"embeddable":true,"href":"https:\/\/www.europesays.com\/es\/wp-json\/wp\/v2\/users\/2"}],"replies":[{"embeddable":true,"href":"https:\/\/www.europesays.com\/es\/wp-json\/wp\/v2\/comments?post=27225"}],"version-history":[{"count":0,"href":"https:\/\/www.europesays.com\/es\/wp-json\/wp\/v2\/posts\/27225\/revisions"}],"wp:featuredmedia":[{"embeddable":true,"href":"https:\/\/www.europesays.com\/es\/wp-json\/wp\/v2\/media\/27226"}],"wp:attachment":[{"href":"https:\/\/www.europesays.com\/es\/wp-json\/wp\/v2\/media?parent=27225"}],"wp:term":[{"taxonomy":"category","embeddable":true,"href":"https:\/\/www.europesays.com\/es\/wp-json\/wp\/v2\/categories?post=27225"},{"taxonomy":"post_tag","embeddable":true,"href":"https:\/\/www.europesays.com\/es\/wp-json\/wp\/v2\/tags?post=27225"}],"curies":[{"name":"wp","href":"https:\/\/api.w.org\/{rel}","templated":true}]}}