{"id":272251,"date":"2025-12-05T09:55:09","date_gmt":"2025-12-05T09:55:09","guid":{"rendered":"https:\/\/www.europesays.com\/es\/272251\/"},"modified":"2025-12-05T09:55:09","modified_gmt":"2025-12-05T09:55:09","slug":"el-grafico-que-demuestra-por-que-los-mayores-de-80-y-los-bebes-son-los-mas-vulnerables-ante-la-gripe","status":"publish","type":"post","link":"https:\/\/www.europesays.com\/es\/272251\/","title":{"rendered":"El gr\u00e1fico que demuestra por qu\u00e9 los mayores de 80 y los beb\u00e9s son los m\u00e1s vulnerables ante la gripe"},"content":{"rendered":"<p>            <a href=\"https:\/\/gacetamedica.com\/wp-content\/uploads\/2025\/12\/GettyImages-1220406842-e1764846935458.jpg\" data-caption=\"\" rel=\"nofollow noopener\" target=\"_blank\"><img loading=\"lazy\" decoding=\"async\" width=\"696\" height=\"464\" class=\"entry-thumb td-modal-image\" src=\"https:\/\/www.europesays.com\/es\/wp-content\/uploads\/2025\/12\/GettyImages-1220406842-696x464.jpg\"   alt=\"gripe\" title=\"\"\/><\/a><\/p>\n<p>El incremento abrupto de los casos de gripe en varias comunidades \u2014entre ellas Madrid, Arag\u00f3n, Galicia o Navarra\u2014 ha encendido las alarmas en pleno inicio del invierno. Pero m\u00e1s all\u00e1 del aumento global, un gr\u00e1fico del Informe Epidemiol\u00f3gico Semanal de la Comunidad de Madrid, correspondiente a la semana 48, ilustra con claridad qui\u00e9nes est\u00e1n soportando la peor parte de esta ola anticipada: <strong>los mayores de 80 a\u00f1os y los ni\u00f1os m\u00e1s peque\u00f1os<\/strong>.<\/p>\n<p><a href=\"https:\/\/cne.isciii.es\/en\/servicios\/enfermedades-transmisibles\/enfermedades-a-z\/gripe-covid-19-y-otros-virus-respiratorios\" data-type=\"link\" data-id=\"https:\/\/cne.isciii.es\/en\/servicios\/enfermedades-transmisibles\/enfermedades-a-z\/gripe-covid-19-y-otros-virus-respiratorios\" target=\"_blank\" rel=\"noreferrer noopener nofollow\">Los datos<\/a> de gripe reflejan un fen\u00f3meno que, seg\u00fan <strong>\u00c1ngel Gil<\/strong>, catedr\u00e1tico de Medicina Preventiva y Salud P\u00fablica de la Universidad Rey Juan Carlos y miembro de GRIPEXPERT, tiene una explicaci\u00f3n clara: \u00abLo que estamos presenciando es un adelanto de la ola epid\u00e9mica de la gripe\u00bb, afirma. En condiciones habituales, este repunte ocurre en la <strong>semana 52<\/strong> o incluso en las <strong>primeras semanas del a\u00f1o siguiente<\/strong>. Sin embargo, este a\u00f1o la curva ha escalado \u00abalrededor de la semana 47, un mes o mes y medio antes de lo esperado\u00bb.<\/p>\n<p><strong>El gr\u00e1fico que lo resume todo<\/strong><\/p>\n<p>El gr\u00e1fico del \u00faltimo <a href=\"https:\/\/gacetamedica.com\/investigacion\/casos-gripe-comunidad-madrid-147-una-semana\/\" target=\"_blank\" rel=\"noreferrer noopener nofollow\">informe epidemiol\u00f3gico semanal de la Comunidad de Madrid<\/a> (semana 48) muestra dos din\u00e1micas distintas pero complementarias en el impacto de la gripe. En <strong>Atenci\u00f3n Primaria<\/strong>, la incidencia recae de manera abrumadora en los <strong>ni\u00f1os de 0 a 14 a\u00f1os<\/strong>. En la semana 48 registran casi 470 casos por cada 100.000 habitantes, una cifra muy por encima del resto de grupos de edad, lo que confirma, como apunta Gil, que \u00abla mayor\u00eda de los casos detectados en Atenci\u00f3n Primaria son ni\u00f1os menores de 14 a\u00f1os\u00bb. <\/p>\n<p>Sin embargo, la lectura m\u00e1s relevante aparece al observar otro punto, que refleja los <strong>ingresos hospitalarios<\/strong>. En este punto, la situaci\u00f3n se invierte completamente: los <strong>mayores de 80 a\u00f1os<\/strong> presentan con diferencia la tasa m\u00e1s alta de hospitalizaci\u00f3n, alcanzando los 29 ingresos por cada 100.000 habitantes en la semana 48. Esta cifra contrasta con la de los adultos de 65 a 79 a\u00f1os, que se sit\u00faan ligeramente por debajo de 6 ingresos por cada 100.000, mientras que los ni\u00f1os de 0 a 14 a\u00f1os se mantienen por debajo de 2,35. Gil resume esta realidad con contundencia al recordar que \u00abel mayor volumen de casos hospitalizados se est\u00e1 viendo en la poblaci\u00f3n mayor de 80 a\u00f1os, y de ellos, el 98% no estaban a\u00fan vacunados\u00bb.<\/p>\n<p><strong>El papel de H3N2 en la gravedad de los casos<\/strong><\/p>\n<p>La explicaci\u00f3n de este comportamiento epidemiol\u00f3gico est\u00e1 en el virus de gripe predominante de la temporada, <strong>el subtipo H3N2<\/strong>. Aunque se trata de una variante conocida, la poblaci\u00f3n tiene menos memoria inmunol\u00f3gica frente a ella, especialmente si se la compara con el H1N1, m\u00e1s presente en la conciencia colectiva desde la pandemia de 2009. <\/p>\n<p>Seg\u00fan Gil, \u00ablas formas de la enfermedad por H3N2 son m\u00e1s graves y requieren m\u00e1s hospitalizaci\u00f3n\u00bb. Aun as\u00ed, aclara que esto <strong>no implica necesariamente que el virus sea m\u00e1s peligroso en s\u00ed mismo<\/strong>. La vacuna trivalente utilizada esta temporada est\u00e1 dise\u00f1ada para cubrir H3N2, AH1 y el virus B, y est\u00e1 mostrando eficacia cl\u00ednica. <\/p>\n<p>El problema, se\u00f1ala Gil, es que el pico de circulaci\u00f3n gripal ha llegado cuando la campa\u00f1a de vacunaci\u00f3n a\u00fan est\u00e1 en marcha. \u00abLa principal preocupaci\u00f3n radica en que este pico de gripe se ha producido en plena campa\u00f1a de vacunaci\u00f3n\u00bb, advierte, lo que significa que parte de la poblaci\u00f3n vulnerable, incluidos muchos mayores y ni\u00f1os peque\u00f1os, <strong>todav\u00eda no hab\u00eda recibido su dosis<\/strong> cuando el virus comenz\u00f3 a circular intensamente.<\/p>\n<p>El adelantamiento de la ola gripal tambi\u00e9n dificulta la respuesta del sistema sanitario. Gil explica que \u00aba\u00fan no se ha alcanzado el pico\u00bb, y alerta de que los centros sanitarios deben estar preparados para un aumento de la demanda que previsiblemente llegar\u00e1 <strong>cerca de Navidad<\/strong>. En estas fechas confluyen factores que aumentan el riesgo: mayor movilidad, reuniones familiares y un incremento inevitable de la exposici\u00f3n entre ni\u00f1os y mayores, justo los grupos que el gr\u00e1fico muestra como m\u00e1s implicados en contagios y hospitalizaciones. Esta coincidencia temporal a\u00f1ade presi\u00f3n a un sistema sanitario que ya observa un ascenso progresivo de los ingresos por gripe.<\/p>\n<p><strong>Por qu\u00e9 beb\u00e9s y mayores son los m\u00e1s vulnerables<\/strong><\/p>\n<p>La vulnerabilidad de estos dos grupos, aunque por motivos diferentes, explica por qu\u00e9 concentran la mayor parte del impacto cl\u00ednico. Los ni\u00f1os peque\u00f1os tienen un sistema inmunitario en desarrollo y <strong>act\u00faan como grandes transmisores del virus<\/strong>, lo que justifica sus elevadas tasas de infecci\u00f3n. <\/p>\n<blockquote class=\"wp-block-quote is-layout-flow wp-block-quote-is-layout-flow\">\n<p class=\"has-text-align-center has-vivid-cyan-blue-color has-text-color has-link-color wp-elements-e80aa4e1a2402f69ac8659470a66072a\"><strong>\u00abLa funci\u00f3n de la vacunaci\u00f3n no es evitar el contagio, sino evitar las formas graves de la enfermedad\u00bb<\/strong><\/p>\n<\/blockquote>\n<p>Por otro lado, los mayores de 80 a\u00f1os tienen un <strong>sistema inmune menos eficiente<\/strong> y presentan una alta prevalencia de enfermedades cr\u00f3nicas que pueden agravarse con la gripe, aumentando el riesgo de neumon\u00edas, complicaciones graves y mortalidad. No es casualidad que, cada a\u00f1o, la gripe cause entre 3.000 y 4.000 muertes en Espa\u00f1a. Por ello, Gil insiste en algo fundamental: \u00abLa funci\u00f3n de la vacunaci\u00f3n no es evitar el contagio, sino evitar las formas graves de la enfermedad\u00bb, que son precisamente las que saturan los hospitales y ponen en riesgo la vida de los pacientes m\u00e1s fr\u00e1giles.<\/p>\n<p>La situaci\u00f3n actual refleja la necesidad de<strong> reforzar la vacunaci\u00f3n entre los grupos de mayor vulnerabilidad<\/strong>. Las personas mayores de 60 o 65 a\u00f1os, los ni\u00f1os de entre 6 y 59 meses y cualquier individuo que padezca enfermedades cr\u00f3nicas como cardiopat\u00edas, patolog\u00edas hep\u00e1ticas o c\u00e1ncer se encuentran entre los colectivos que m\u00e1s pueden beneficiarse de la inmunizaci\u00f3n. Sin una protecci\u00f3n adecuada, el riesgo de desarrollar complicaciones graves aumenta considerablemente. <\/p>\n<p>El mensaje final de \u00c1ngel Gil es un llamamiento a la acci\u00f3n inmediata: \u00abEste crecimiento precoz y el impacto en mayores y ni\u00f1os evidencian que hay que vacunarse cuanto antes\u00bb, insiste. A las puertas de Navidad, y con el virus circulando antes de lo habitual, el consejo es claro: las personas vulnerables que a\u00fan no han recibido su dosis deber\u00edan hacerlo cuanto antes para minimizar el riesgo de complicaciones graves y protegerse frente a un virus que este a\u00f1o ha llegado con demasiada antelaci\u00f3n.<\/p>\n<p><strong>Tambi\u00e9n te puede interesar\u2026<\/strong><\/p>\n","protected":false},"excerpt":{"rendered":"El incremento abrupto de los casos de gripe en varias comunidades \u2014entre ellas Madrid, Arag\u00f3n, Galicia o Navarra\u2014&hellip;\n","protected":false},"author":2,"featured_media":272252,"comment_status":"","ping_status":"","sticky":false,"template":"","format":"standard","meta":{"footnotes":""},"categories":[92],"tags":[25,24,165,166,23],"class_list":{"0":"post-272251","1":"post","2":"type-post","3":"status-publish","4":"format-standard","5":"has-post-thumbnail","7":"category-salud","8":"tag-es","9":"tag-espana","10":"tag-health","11":"tag-salud","12":"tag-spain"},"share_on_mastodon":{"url":"https:\/\/pubeurope.com\/@es\/115666362629163547","error":""},"_links":{"self":[{"href":"https:\/\/www.europesays.com\/es\/wp-json\/wp\/v2\/posts\/272251","targetHints":{"allow":["GET"]}}],"collection":[{"href":"https:\/\/www.europesays.com\/es\/wp-json\/wp\/v2\/posts"}],"about":[{"href":"https:\/\/www.europesays.com\/es\/wp-json\/wp\/v2\/types\/post"}],"author":[{"embeddable":true,"href":"https:\/\/www.europesays.com\/es\/wp-json\/wp\/v2\/users\/2"}],"replies":[{"embeddable":true,"href":"https:\/\/www.europesays.com\/es\/wp-json\/wp\/v2\/comments?post=272251"}],"version-history":[{"count":0,"href":"https:\/\/www.europesays.com\/es\/wp-json\/wp\/v2\/posts\/272251\/revisions"}],"wp:featuredmedia":[{"embeddable":true,"href":"https:\/\/www.europesays.com\/es\/wp-json\/wp\/v2\/media\/272252"}],"wp:attachment":[{"href":"https:\/\/www.europesays.com\/es\/wp-json\/wp\/v2\/media?parent=272251"}],"wp:term":[{"taxonomy":"category","embeddable":true,"href":"https:\/\/www.europesays.com\/es\/wp-json\/wp\/v2\/categories?post=272251"},{"taxonomy":"post_tag","embeddable":true,"href":"https:\/\/www.europesays.com\/es\/wp-json\/wp\/v2\/tags?post=272251"}],"curies":[{"name":"wp","href":"https:\/\/api.w.org\/{rel}","templated":true}]}}