{"id":272257,"date":"2025-12-05T09:58:11","date_gmt":"2025-12-05T09:58:11","guid":{"rendered":"https:\/\/www.europesays.com\/es\/272257\/"},"modified":"2025-12-05T09:58:11","modified_gmt":"2025-12-05T09:58:11","slug":"el-comercio-riojano-pone-en-marcha-%c2%93consumo-gusto%c2%94-un-sistema-de-fidelizacion-pionero-y-abierto-a-todos-los-establecimientos-de-la-region-fer-federacion-de-empresas-de-la-rioja","status":"publish","type":"post","link":"https:\/\/www.europesays.com\/es\/272257\/","title":{"rendered":"El comercio riojano pone en marcha \u0093Consumo Gusto\u0094, un sistema de fidelizaci\u00f3n pionero y abierto a todos los establecimientos de la regi\u00f3n, FER Federaci\u00f3n de empresas de La Rioja"},"content":{"rendered":"<p align=\"center\" display-none=\"\" style=\"text-align:center; margin:0cm 0cm 8pt; display:none\"><img decoding=\"async\" alt=\"\" src=\"https:\/\/www.europesays.com\/es\/wp-content\/uploads\/2025\/12\/DSC00334.JPG\"\/><\/p>\n<p align=\"center\" style=\"text-align:center; margin:0cm 0cm 8pt\"><b>Proyecto estrat\u00e9gico para reforzar el comercio de proximidad, que ha impulsado FER Comercio con el apoyo de ADER y Ayuntamiento de Logro\u00f1o<\/b><\/p>\n<p align=\"center\" style=\"text-align:center; margin:0cm 0cm 8pt\"><b>La tarjeta de fidelizaci\u00f3n acumula el 2% de la compra en un monedero virtual\u00a0 <\/b><\/p>\n<p style=\"margin:0cm 0cm 8pt\"><b>Logro\u00f1o, 2 de diciembre de 2025.- <\/b>\u00a0El comercio riojano estrena <b>\u201cConsumo Gusto\u201d<\/b>, un innovador sistema de fidelizaci\u00f3n que permitir\u00e1 a los consumidores acumular y canjear saldo en <b>cualquier comercio adherido de La Rioja<\/b>, independientemente del sector o tama\u00f1o del establecimiento.<\/p>\n<p style=\"margin:0cm 0cm 8pt\">La iniciativa, impulsada por <b>FER Comercio<\/b> con el apoyo del <b>Gobierno de La Rioja<\/b>, a trav\u00e9s de <b>ADER <\/b>y el <b>Ayuntamiento de Logro\u00f1o<\/b>, nace con vocaci\u00f3n de <b>permanencia<\/b> y con el objetivo de <b>consolidarse<\/b> como una herramienta eficaz para dinamizar las compras y fidelizar a los clientes del comercio local.<\/p>\n<p style=\"text-align:justify; margin:0cm 0cm 8pt\">Han participado en la presentaci\u00f3n el presidente de FER Comercio, <b>Nando Cortez\u00f3n<\/b>; el alcalde de Logro\u00f1o,<b> Conrado Escobar<\/b>; el director general de Empresa, Energ\u00edas e Internacionalizaci\u00f3n, <b>Amadeo L\u00e1zaro<\/b>, y la secretaria general de FER Comercio, <b>Adelaida Al\u00fatiz<\/b><\/p>\n<p style=\"margin:0cm 0cm 8pt\">El sistema permite a los usuarios obtener <b>el 2% del importe de cada compra<\/b> en un monedero virtual asociado a su tarjeta, disponible tanto en formato <b>f\u00edsico<\/b> como <b>digital<\/b> (Apple Wallet y Google Wallet).<\/p>\n<ul>&#13;<\/p>\n<li style=\"margin:0cm 0cm 8pt\"><b>Compra m\u00ednima<\/b>: 10 \u20ac<\/li>\n<p>&#13;<\/p>\n<li style=\"margin:0cm 0cm 8pt\"><b>L\u00edmite por operaci\u00f3n<\/b>: 5 \u20ac<\/li>\n<p>&#13;<\/p>\n<li style=\"margin:0cm 0cm 8pt\"><b>Caducidad del saldo<\/b>: 1 a\u00f1o<\/li>\n<p>&#13;\n<\/ul>\n<p style=\"margin:0cm 0cm 8pt\">Adem\u00e1s, el programa incorpora <b>tarjetas regalo<\/b>, con validez de tres meses, que podr\u00e1n utilizarse en un \u00fanico comercio o en toda la red de establecimientos adheridos.<\/p>\n<p style=\"margin:0cm 0cm 8pt\">El sistema est\u00e1 disponible para <b>cualquier comercio minorista<\/b> con CNAE o IAE de venta al por menor, sea o no socio de FER Comercio. La inscripci\u00f3n puede formalizarse a trav\u00e9s de:<\/p>\n<p style=\"margin:0cm 0cm 8pt\">Los comercios participantes recibir\u00e1n material identificativo y de apoyo: vinilos para escaparate, tr\u00edpticos, tarjetas, tarjetas regalo y plantillas informativas.<\/p>\n<p style=\"margin:0cm 0cm 8pt\">Como impulso inicial, el <b>Ayuntamiento de Logro\u00f1o<\/b> financiar\u00e1 una campa\u00f1a especial por la cual los <b>primeros 1.000 usuarios<\/b> recibir\u00e1n <b>10 euros en su monedero virtual<\/b>, canjeables en cualquier comercio adherido de Logro\u00f1o durante los <b>primeros 15 d\u00edas<\/b> tras la activaci\u00f3n de la tarjeta.<\/p>\n<p style=\"margin:0cm 0cm 8pt\">Esta acci\u00f3n contar\u00e1 con difusi\u00f3n en medios de comunicaci\u00f3n, mupis digitales, autobuses urbanos y materiales informativos en comercios.<\/p>\n<p style=\"margin:0cm 0cm 8pt\"><b>\u201cConsumo Gusto\u201d<\/b> es un proyecto estrat\u00e9gico para reforzar el comercio de proximidad, modernizar sus herramientas y ofrecer al cliente un incentivo real y compartido entre toda la red de establecimientos riojanos.<\/p>\n<p style=\"margin:0cm 0cm 8pt\">Esta iniciativa genera actividad econ\u00f3mica, impulsa el consumo local y beneficia a toda la ciudad, adem\u00e1s de poner en valor que es un modelo s\u00f3lido y escalable que favorece tanto a los comercios como a los consumidores.<\/p>\n<p style=\"margin:0cm 0cm 8pt\">La solicitud de tarjetas estar\u00e1 disponible a partir del <b>mi\u00e9rcoles, 10\u00a0de diciembre a las 10 de la ma\u00f1ana<\/b>, momento en el que el sistema quedar\u00e1 operativo para el p\u00fablico general. Las campa\u00f1as de difusi\u00f3n comenzar\u00e1n de forma simult\u00e1nea.<\/p>\n<p>\u00a0 \u00a0\u00a0&#8212;&#8212;&#8212;&#8212;&#8212;&#8212;&#8212;&#8212;&#8212;&#8212;&#8212;&#8212;&#8212;&#8212;&#8212;&#8212;&#8212;&#8212;&#8212;&#8212;&#8212;&#8212;&#8212;&#8212;&#8212;&#8212;&#8212;&#8212;&#8212;&#8212;&#8212;&#8212;&#8212;&#8212;&#8212;&#8212;&#8211;<\/p>\n<p style=\"margin:0cm 0cm 8pt\"><b>\u00a0M\u00e1s informaci\u00f3n<\/b><\/p>\n<p style=\"margin:0cm 0cm 8pt\">\u00a0<\/p>\n<p>\u00a0<\/p>\n<p>\u00a0<\/p>\n","protected":false},"excerpt":{"rendered":"Proyecto estrat\u00e9gico para reforzar el comercio de proximidad, que ha impulsado FER Comercio con el apoyo de ADER&hellip;\n","protected":false},"author":2,"featured_media":272258,"comment_status":"","ping_status":"","sticky":false,"template":"","format":"standard","meta":{"footnotes":""},"categories":[80],"tags":[82,95,94,25,24,23],"class_list":{"0":"post-272257","1":"post","2":"type-post","3":"status-publish","4":"format-standard","5":"has-post-thumbnail","7":"category-economia","8":"tag-business","9":"tag-economia","10":"tag-economy","11":"tag-es","12":"tag-espana","13":"tag-spain"},"share_on_mastodon":{"url":"https:\/\/pubeurope.com\/@es\/115666374551781618","error":""},"_links":{"self":[{"href":"https:\/\/www.europesays.com\/es\/wp-json\/wp\/v2\/posts\/272257","targetHints":{"allow":["GET"]}}],"collection":[{"href":"https:\/\/www.europesays.com\/es\/wp-json\/wp\/v2\/posts"}],"about":[{"href":"https:\/\/www.europesays.com\/es\/wp-json\/wp\/v2\/types\/post"}],"author":[{"embeddable":true,"href":"https:\/\/www.europesays.com\/es\/wp-json\/wp\/v2\/users\/2"}],"replies":[{"embeddable":true,"href":"https:\/\/www.europesays.com\/es\/wp-json\/wp\/v2\/comments?post=272257"}],"version-history":[{"count":0,"href":"https:\/\/www.europesays.com\/es\/wp-json\/wp\/v2\/posts\/272257\/revisions"}],"wp:featuredmedia":[{"embeddable":true,"href":"https:\/\/www.europesays.com\/es\/wp-json\/wp\/v2\/media\/272258"}],"wp:attachment":[{"href":"https:\/\/www.europesays.com\/es\/wp-json\/wp\/v2\/media?parent=272257"}],"wp:term":[{"taxonomy":"category","embeddable":true,"href":"https:\/\/www.europesays.com\/es\/wp-json\/wp\/v2\/categories?post=272257"},{"taxonomy":"post_tag","embeddable":true,"href":"https:\/\/www.europesays.com\/es\/wp-json\/wp\/v2\/tags?post=272257"}],"curies":[{"name":"wp","href":"https:\/\/api.w.org\/{rel}","templated":true}]}}