{"id":272261,"date":"2025-12-05T10:00:09","date_gmt":"2025-12-05T10:00:09","guid":{"rendered":"https:\/\/www.europesays.com\/es\/272261\/"},"modified":"2025-12-05T10:00:09","modified_gmt":"2025-12-05T10:00:09","slug":"no-es-un-festival-de-canciones-sino-uno-dominado-por-intereses-geopoliticos","status":"publish","type":"post","link":"https:\/\/www.europesays.com\/es\/272261\/","title":{"rendered":"No es un festival de canciones, sino uno dominado por intereses geopol\u00edticos"},"content":{"rendered":"\n<p> <strong>Espa\u00f1a no estar\u00e1 en Eurovisi\u00f3n 2026<\/strong>. La decisi\u00f3n, hist\u00f3rica y sin precedentes en los \u00faltimos 55 a\u00f1os, se ha confirmado este jueves tras la votaci\u00f3n de la 95\u00aa Asamblea General de la Uni\u00f3n Europea de Radiodifusi\u00f3n (UER), que <a href=\"https:\/\/www.elconfidencial.com\/television\/2025-12-04\/espana-no-participara-en-eurovision-israel-si-ira_4260698\/\" target=\"_blank\" rel=\"nofollow noopener\"><strong>ha ratificado la participaci\u00f3n de Israel <\/strong><\/a>en el certamen pese a las presiones de varios pa\u00edses \u2014entre ellos Espa\u00f1a\u2014 para apartarlo mientras contin\u00fae la situaci\u00f3n en Gaza y la supuesta injerencia del gobierno israel\u00ed en el festival. <\/p>\n<p> La respuesta de RTVE ha sido contundente: abandono inmediato del festival. Y el mensaje de su presidente, Jos\u00e9 Pablo L\u00f3pez, a\u00fan m\u00e1s claro. \u201cLo sucedido en la Asamblea de la UER confirma que Eurovisi\u00f3n <strong>no es un concurso de canciones, sino un festival dominado por intereses geopol\u00edticos y fracturado<\/strong>\u201d, lament\u00f3 L\u00f3pez en sus redes sociales, elevando el enfado que RTVE arrastraba desde hace meses. <\/p>\n<p> El Consejo de Administraci\u00f3n del ente p\u00fablico hab\u00eda votado en septiembre que Espa\u00f1a se retirar\u00eda autom\u00e1ticamente si Israel continuaba en el festival. Este jueves, 4 de diciembre, RTVE ha cumplido esa l\u00ednea roja. Y lo ha hecho no solo como gesto pol\u00edtico, sino como<strong> denuncia directa a un modelo de competici\u00f3n que, seg\u00fan su presidente, ha perdido la neutralidad que lo caracterizaba<\/strong>. <\/p>\n<p> \u201c<strong>RTVE se retira de Eurovisi\u00f3n<\/strong>\u201d, escribi\u00f3 L\u00f3pez. Seis palabras que ponen fin a d\u00e9cadas de historia televisiva, actuaciones memorables, pol\u00e9micas y audiencias millonarias. <\/p>\n<blockquote class=\"twitter-tweet\">\n<p lang=\"es\" dir=\"ltr\">Lo sucedido en la Asamblea de UER confirma que Eurovisi\u00f3n no es un concurso de canciones sino un festival dominado por intereses geopol\u00edticos y fracturado.<\/p>\n<p>RTVE se retira de Eurovisi\u00f3n.<\/p>\n<p>Aqu\u00ed nuestra posici\u00f3n?<a href=\"https:\/\/t.co\/DRA8l1SV6O\" rel=\"nofollow\">https:\/\/t.co\/DRA8l1SV6O<\/a> a trav\u00e9s de <a href=\"https:\/\/twitter.com\/rtve?ref_src=twsrc%5Etfw\" rel=\"nofollow noopener\" target=\"_blank\">@rtve<\/a><\/p>\n<p>\u2014 Jos\u00e9 Pablo L\u00f3pez (@Josepablo_ls) <a href=\"https:\/\/twitter.com\/Josepablo_ls\/status\/1996635937946980742?ref_src=twsrc%5Etfw\" rel=\"nofollow noopener\" target=\"_blank\">December 4, 2025<\/a><\/p><\/blockquote>\n<p> La Corporaci\u00f3n espa\u00f1ola no ha escondido en ning\u00fan momento su malestar con la UER. El secretario general de RTVE, Alfonso Morales, fue directo ante la Asamblea: las reformas son \u201cinsuficientes\u201d; persisten \u201clas serias dudas sobre la participaci\u00f3n de la televisi\u00f3n israel\u00ed KAN\u201d; y<strong> la instrumentalizaci\u00f3n pol\u00edtica del festival es \u201ccada vez m\u00e1s dif\u00edcil de ignorar\u201d<\/strong>. <\/p>\n<p> Con esta decisi\u00f3n firme,<strong> Espa\u00f1a no emitir\u00e1 Eurovisi\u00f3n 2026. No habr\u00e1 semifinales en La 1, no habr\u00e1 final el 16 de mayo y no habr\u00e1 comentaristas enviados a Viena. <\/strong>El golpe es especialmente significativo porque la pr\u00f3xima edici\u00f3n marca el 70\u00ba aniversario del festival. Adem\u00e1s de Espa\u00f1a, Pa\u00edses Bajos, Irlanda y Eslovenia tambi\u00e9n han decidido bajarse del evento. <\/p>\n<p>            RTVE lanza un mensaje claro: el Benidorm Fest no se toca           <\/p>\n<p> Pese al terremoto eurovisivo, Jos\u00e9 Pablo L\u00f3pez quiso dejar claro que la retirada no afecta al festival musical espa\u00f1ol, que en apenas cuatro ediciones ya se ha convertido en uno de los grandes eventos del entretenimiento nacional. \u201c<strong>Nuestro compromiso con el Benidorm Fest sigue intacto y redoblaremos nuestros esfuerzos<\/strong>\u201d, asegur\u00f3. <\/p>\n<p> Y fue a\u00fan m\u00e1s lejos: \u201c<strong>RTVE trabaja para que este 2026 tengamos el mejor Benidorm Fest de nuestra historia<\/strong>. Ser\u00e1 sencillamente espectacular\u201d. Es decir: Espa\u00f1a deja Eurovisi\u00f3n, pero no abandona su apuesta por impulsar un gran festival musical propio. Y RTVE quiere que el Benidorm Fest salga reforzado de esta ruptura. <\/p>\n<blockquote class=\"twitter-tweet\">\n<p lang=\"es\" dir=\"ltr\">RTVE ha decidido retirarse de Eurovisi\u00f3n pero nuestro compromiso con <a href=\"https:\/\/twitter.com\/hashtag\/BenidormFest?src=hash&amp;ref_src=twsrc%5Etfw\" rel=\"nofollow noopener\" target=\"_blank\">#BenidormFest<\/a> sigue intacto y redoblaremos nuestros esfuerzos.<\/p>\n<p>RTVE trabaja para que este 2026 tengamos el mejor <a href=\"https:\/\/twitter.com\/hashtag\/BenidormFest?src=hash&amp;ref_src=twsrc%5Etfw\" rel=\"nofollow noopener\" target=\"_blank\">#BenidormFest<\/a> de nuestra historia y seguiremos dando lo mejor para su consolidaci\u00f3n como el gran\u2026 <a href=\"https:\/\/t.co\/KGFrPyGyVA\" rel=\"nofollow\">pic.twitter.com\/KGFrPyGyVA<\/a><\/p>\n<p>\u2014 Jos\u00e9 Pablo L\u00f3pez (@Josepablo_ls) <a href=\"https:\/\/twitter.com\/Josepablo_ls\/status\/1996660811847422088?ref_src=twsrc%5Etfw\" rel=\"nofollow noopener\" target=\"_blank\">December 4, 2025<\/a><\/p><\/blockquote>\n<p>           Una ruptura con consecuencias a\u00fan por medir           <\/p>\n<p> La salida de Espa\u00f1a de Eurovisi\u00f3n marca un antes y un despu\u00e9s en la historia reciente de RTVE. No solo por el gesto en s\u00ed, sino por el mensaje que env\u00eda: la televisi\u00f3n p\u00fablica espa\u00f1ola ya <strong>no est\u00e1 dispuesta a validar decisiones que considera contrarias a los principios de neutralidad y transparencia<\/strong>. <\/p>\n<p> Habr\u00e1 quien lo considere un golpe de efecto pol\u00edtico. Habr\u00e1 quien lo vea como una oportunidad para resetear la relaci\u00f3n con la UER. Y habr\u00e1, sin duda, miles de eurofans que lamenten la ausencia espa\u00f1ola en el festival. Pero RTVE lo tiene claro. Su presidente lo ha resumido en una frase que marcar\u00e1 este debate durante meses: \u201c<strong>Eurovisi\u00f3n ya no es un concurso de canciones<\/strong>\u201d. <\/p>\n<p> <strong>Espa\u00f1a no estar\u00e1 en Eurovisi\u00f3n 2026<\/strong>. La decisi\u00f3n, hist\u00f3rica y sin precedentes en los \u00faltimos 55 a\u00f1os, se ha confirmado este jueves tras la votaci\u00f3n de la 95\u00aa Asamblea General de la Uni\u00f3n Europea de Radiodifusi\u00f3n (UER), que <a href=\"https:\/\/www.elconfidencial.com\/television\/2025-12-04\/espana-no-participara-en-eurovision-israel-si-ira_4260698\/\" target=\"_blank\" rel=\"nofollow noopener\"><strong>ha ratificado la participaci\u00f3n de Israel <\/strong><\/a>en el certamen pese a las presiones de varios pa\u00edses \u2014entre ellos Espa\u00f1a\u2014 para apartarlo mientras contin\u00fae la situaci\u00f3n en Gaza y la supuesta injerencia del gobierno israel\u00ed en el festival. <\/p>\n<p>              <script async src=\"https:\/\/platform.twitter.com\/widgets.js\" charset=\"utf-8\"><\/script><\/p>\n","protected":false},"excerpt":{"rendered":"Espa\u00f1a no estar\u00e1 en Eurovisi\u00f3n 2026. La decisi\u00f3n, hist\u00f3rica y sin precedentes en los \u00faltimos 55 a\u00f1os, se&hellip;\n","protected":false},"author":2,"featured_media":272262,"comment_status":"","ping_status":"","sticky":false,"template":"","format":"standard","meta":{"footnotes":""},"categories":[8],"tags":[17,18,25,24,13,14,11,19,20,9,10,15,16,23,12,21,22],"class_list":{"0":"post-272261","1":"post","2":"type-post","3":"status-publish","4":"format-standard","5":"has-post-thumbnail","7":"category-espana","8":"tag-breaking-news","9":"tag-breakingnews","10":"tag-es","11":"tag-espana","12":"tag-featured-news","13":"tag-featurednews","14":"tag-headlines","15":"tag-latest-news","16":"tag-latestnews","17":"tag-news","18":"tag-noticias","19":"tag-noticias-destacadas","20":"tag-noticiasdestacadas","21":"tag-spain","22":"tag-titulares","23":"tag-ultimas-noticias","24":"tag-ultimasnoticias"},"share_on_mastodon":{"url":"https:\/\/pubeurope.com\/@es\/115666382102876155","error":""},"_links":{"self":[{"href":"https:\/\/www.europesays.com\/es\/wp-json\/wp\/v2\/posts\/272261","targetHints":{"allow":["GET"]}}],"collection":[{"href":"https:\/\/www.europesays.com\/es\/wp-json\/wp\/v2\/posts"}],"about":[{"href":"https:\/\/www.europesays.com\/es\/wp-json\/wp\/v2\/types\/post"}],"author":[{"embeddable":true,"href":"https:\/\/www.europesays.com\/es\/wp-json\/wp\/v2\/users\/2"}],"replies":[{"embeddable":true,"href":"https:\/\/www.europesays.com\/es\/wp-json\/wp\/v2\/comments?post=272261"}],"version-history":[{"count":0,"href":"https:\/\/www.europesays.com\/es\/wp-json\/wp\/v2\/posts\/272261\/revisions"}],"wp:featuredmedia":[{"embeddable":true,"href":"https:\/\/www.europesays.com\/es\/wp-json\/wp\/v2\/media\/272262"}],"wp:attachment":[{"href":"https:\/\/www.europesays.com\/es\/wp-json\/wp\/v2\/media?parent=272261"}],"wp:term":[{"taxonomy":"category","embeddable":true,"href":"https:\/\/www.europesays.com\/es\/wp-json\/wp\/v2\/categories?post=272261"},{"taxonomy":"post_tag","embeddable":true,"href":"https:\/\/www.europesays.com\/es\/wp-json\/wp\/v2\/tags?post=272261"}],"curies":[{"name":"wp","href":"https:\/\/api.w.org\/{rel}","templated":true}]}}