{"id":272267,"date":"2025-12-05T10:07:10","date_gmt":"2025-12-05T10:07:10","guid":{"rendered":"https:\/\/www.europesays.com\/es\/272267\/"},"modified":"2025-12-05T10:07:10","modified_gmt":"2025-12-05T10:07:10","slug":"movistar-hara-debutar-a-paula-ostiz-en-australia-en-su-primera-temporada-como-profesional","status":"publish","type":"post","link":"https:\/\/www.europesays.com\/es\/272267\/","title":{"rendered":"Movistar har\u00e1 debutar a Paula Ostiz en Australia en su primera temporada como profesional"},"content":{"rendered":"<p class=\"paragraph\">Oficialmente<b> Paula Ostiz Taco<\/b>, la pamplonesa que se proclam\u00f3 <b>campeona del mundo j\u00fanior el pasado septiembre en Ruanda,<\/b> es profesional del<b> Movistar Team<\/b> desde el 1 de agosto. La ciclista del barrio de San Jorge comenz\u00f3 hace un par de d\u00edas la <b>concentraci\u00f3n de pretemporada con el conjunto telef\u00f3nico en tierras valenciana<\/b>s en el que es su a\u00f1o 1 como profesional. Movistar ya tiene un primer plan para ella.\u00a0<\/p>\n<p class=\"paragraph\">Paula Ostiz<b> dar\u00e1 sus primeras pedaladas en las ant\u00edpodas. Ser\u00e1 en Australia con el Tour Down Under y la Cadel Evans Great Ocean <\/b>(17 al 31 de enero) donde dispute su primera prueba de m\u00e1xima categor\u00eda, World Tour. Despu\u00e9s alternar\u00e1 con pruebas del calendario espa\u00f1ol como la<b> Cl\u00e1sica de Almer\u00eda <\/b>(22 de febrero) y la <b>Vuelta a Extremadura<\/b> (6 al 8 de marzo) para despu\u00e9s reencontrarse con la m\u00e1xima categor\u00eda en Italia. <b>Trofeo Alfredo Binda<\/b> (15 de marzo) y la primera gran cl\u00e1sica, <b>la Mil\u00e1n San Remo (21 de marzo).<\/b>\u00a0<\/p>\n<p class=\"paragraph\">\u201cQueremos que empiece en Australia porque va a estar a un buen nivel, son carreras a las que se puede adaptar bien y puede aportar al equipo\u201d, explica Jorge Sanz, director deportivo del Movistar. \u201cY a partir de ah\u00ed vamos a ir alternando carreras World Tour para que las vaya conociendo con pruebas de segundo nivel. Es combinar carreras para verse mejor, con otras para aprender\u201d.\u00a0<\/p>\n<p class=\"paragraph\">El planteamiento de la primera temporada de Paula Ostiz llega solo hasta marzo. Y a partir de ah\u00ed se ir\u00e1 concretando de acuerdo con las sensaciones y los datos de la propia corredora.<b> No est\u00e1 descartado que la pamplonesa debute en una de las tres grandes, que podr\u00eda ser el Giro.<\/b> Pero es algo que determinar\u00e1 su rendimiento y su adaptaci\u00f3n a la categor\u00eda.\u00a0<\/p>\n<p class=\"paragraph\"><b>DOS A\u00d1OS IMPORTANTES<\/b><\/p>\n<p class=\"paragraph\">\u00a0<b>Paula Ostiz cumplir\u00e1 el 12 de enero 19 a\u00f1os, y todav\u00eda no est\u00e1 muy claro qu\u00e9 tipo de ciclista es. <\/b>Determinarlo va a requerir su tiempo. \u201cLo habitual es que, por puro desarrollo, el cuerpo de las ciclistas desde los 16 a los 20 a\u00f1os cambie. Por eso hay que esperar un, dos o incluso tres a\u00f1os para que Paula se sit\u00fae d\u00f3nde est\u00e1 realmente, c\u00f3mo es, y qu\u00e9 perfil de corredora tiene\u201d, argumenta Sanz.\u00a0<\/p>\n<p class=\"paragraph\">En Movistar Team son perfectamente conscientes de la capacidad de trabajo y entrenamiento que tiene Ostiz, y su determinaci\u00f3n a la hora de plantearse objetivos. Si bien es cierto que lo que ha hecho hasta ahora tiene una validez relativa, porque ahora est\u00e1 en el World Tour, m\u00e1xima categor\u00eda. \u201cPaula es muy madura y muy consciente de lo que se va a encontrar\u201d.<\/p>\n<p>Te puede interesar<img decoding=\"async\" loading=\"lazy\" alt=\"Paula Ostiz, en la imagen en los Tres Vallees Varesinos de octubre, debuta con profesionales.\" width=\"396\" height=\"252\" src=\"https:\/\/www.europesays.com\/es\/wp-content\/uploads\/2025\/12\/692f4db305799.r_d.1068-495-2730.jpeg\"\/><\/p>\n","protected":false},"excerpt":{"rendered":"Oficialmente Paula Ostiz Taco, la pamplonesa que se proclam\u00f3 campeona del mundo j\u00fanior el pasado septiembre en Ruanda,&hellip;\n","protected":false},"author":2,"featured_media":272268,"comment_status":"","ping_status":"","sticky":false,"template":"","format":"standard","meta":{"footnotes":""},"categories":[273],"tags":[4699,313,312,9679,168,25,24,21089,303,8464,23,167],"class_list":["post-272267","post","type-post","status-publish","format-standard","has-post-thumbnail","category-ciclismo","tag-australia","tag-ciclismo","tag-cycling","tag-debutar","tag-deportes","tag-es","tag-espana","tag-hara","tag-movistar","tag-paula","tag-spain","tag-sports"],"share_on_mastodon":{"url":"https:\/\/pubeurope.com\/@es\/115666409607213137","error":""},"_links":{"self":[{"href":"https:\/\/www.europesays.com\/es\/wp-json\/wp\/v2\/posts\/272267","targetHints":{"allow":["GET"]}}],"collection":[{"href":"https:\/\/www.europesays.com\/es\/wp-json\/wp\/v2\/posts"}],"about":[{"href":"https:\/\/www.europesays.com\/es\/wp-json\/wp\/v2\/types\/post"}],"author":[{"embeddable":true,"href":"https:\/\/www.europesays.com\/es\/wp-json\/wp\/v2\/users\/2"}],"replies":[{"embeddable":true,"href":"https:\/\/www.europesays.com\/es\/wp-json\/wp\/v2\/comments?post=272267"}],"version-history":[{"count":0,"href":"https:\/\/www.europesays.com\/es\/wp-json\/wp\/v2\/posts\/272267\/revisions"}],"wp:featuredmedia":[{"embeddable":true,"href":"https:\/\/www.europesays.com\/es\/wp-json\/wp\/v2\/media\/272268"}],"wp:attachment":[{"href":"https:\/\/www.europesays.com\/es\/wp-json\/wp\/v2\/media?parent=272267"}],"wp:term":[{"taxonomy":"category","embeddable":true,"href":"https:\/\/www.europesays.com\/es\/wp-json\/wp\/v2\/categories?post=272267"},{"taxonomy":"post_tag","embeddable":true,"href":"https:\/\/www.europesays.com\/es\/wp-json\/wp\/v2\/tags?post=272267"}],"curies":[{"name":"wp","href":"https:\/\/api.w.org\/{rel}","templated":true}]}}