{"id":272269,"date":"2025-12-05T10:09:13","date_gmt":"2025-12-05T10:09:13","guid":{"rendered":"https:\/\/www.europesays.com\/es\/272269\/"},"modified":"2025-12-05T10:09:13","modified_gmt":"2025-12-05T10:09:13","slug":"la-gente-de-leon-ahora-es-de-la-cultural-y-esa-es-la-base-del-crecimiento-del-club","status":"publish","type":"post","link":"https:\/\/www.europesays.com\/es\/272269\/","title":{"rendered":"\u00abLa gente de Le\u00f3n ahora es de la Cultural y esa es la base del crecimiento del club\u00bb"},"content":{"rendered":"<p><a class=\"v-mdl-ath__fig-a\" href=\"https:\/\/www.leonoticias.com\/autor\/borja-perez-7064.html\" title=\"Borja P\u00e9rez\" rel=\"nofollow noopener\" target=\"_blank\"><br \/>\n<img decoding=\"async\" class=\"v-mdl-ath__img\" src=\"https:\/\/www.europesays.com\/es\/wp-content\/uploads\/2025\/08\/autor-7064-foto-1.jpeg\" alt=\"Borja P\u00e9rez\"\/><br \/>\n<\/a><\/p>\n<p class=\"v-mdl-ath__p v-mdl-ath__p--6\">\nViernes, 5 de diciembre 2025, 08:15<\/p>\n<p class=\"v-p\">Es dif\u00edcil entender el crecimiento de la Cultural Baloncesto sin Luis Castillo y su cuerpo t\u00e9cnico. Desde que el Basket Le\u00f3n y el Reino de Le\u00f3n pasaron a unificarse y a formar parte de la entidad culturalista, fue \u00e9l quien se puso al mando de la plantilla y el que, a\u00f1o tras a\u00f1o, ha sido un basti\u00f3n en el crecimiento exponencial del club.<\/p>\n<p class=\"v-p\">Tras una temporada de ensue\u00f1o el pasado curso que a punto estuvo de culminarse con un ascenso de categor\u00eda que ni siquiera parec\u00eda planteable al inicio, el equipo est\u00e1 buscando la regularidad en la presente campa\u00f1a para intentar mantener una senda parecida en la competici\u00f3n.<\/p>\n<p class=\"v-p\">Luis Castillo explica en leonoticias la situaci\u00f3n actual que atraviesa el equipo en esta nueva temporada donde se ha vuelto a renovar pr\u00e1cticamente la totalidad de la plantilla, adem\u00e1s de valorar la situaci\u00f3n del club y el crecimiento que prev\u00e9 en base a la masa social conseguida.<\/p>\n<p class=\"v-p\"><strong>P: Viene el equipo de levantar un poco el vuelo en liga con ese bache de la derrota en la Copa. \u00bfC\u00f3mo ha empezado el equipo la temporada?<\/strong><\/p>\n<p class=\"v-p\">R: El equipo es inconstante, estamos muy irregulares y creo que tenemos que encontrar esa constancia. Entrenamos bien, pero en los partidos mostramos dos caras muy diferentes, incluso dentro del mismo cuarto e independientemente de c\u00f3mo est\u00e9 el rival. Eso nos preocupa y debemos mejorar. Empezamos bien, con las ideas muy claras, pero seg\u00fan hemos ido avanzando t\u00e1cticamente pues seguramente hemos ido demasiado r\u00e1pido y hemos perdido un poco el foco en lo que ten\u00edamos que hacer.<\/p>\n<p class=\"v-p\"><strong>P: \u00bfLa irregularidad puede deberse a que la plantilla es pr\u00e1cticamente nueva y en muchos casos necesita adaptarse a la competici\u00f3n espa\u00f1ola?<\/strong><\/p>\n<p class=\"v-p\">R: S\u00ed. Es lo normal. Lo del a\u00f1o pasado no fue lo normal, al final empezamos con ocho jugadores, con m\u00e1s dudas tambi\u00e9n en una competici\u00f3n nueva y el equipo se adapt\u00f3 muy bien. Todos los equipos cambian muchos jugadores porque es dif\u00edcil mantener contratos de varios a\u00f1os. Muchos llegan de Estados Unidos o de categor\u00edas inferiores y eso lleva un proceso, deben adaptarse al arbitraje, normas y ritmo. Ah\u00ed juegan m\u00e1s con en muchas en muchas competiciones con 30 segundos, aqu\u00ed son con 24 Aqu\u00ed el juego es m\u00e1s t\u00e1ctico y f\u00edsico, aunque pensemos que no. Ese proceso requiere tiempo, aunque creo que van en el buen camino.<\/p>\n<p class=\"v-p\"><strong>P: \u00bfC\u00f3mo de cerca est\u00e1 el equipo de la versi\u00f3n que imaginabas a principio de temporada?<\/strong><\/p>\n<p class=\"v-p\">R: Pues tenemos ratos que estamos muy cerca y ratos que estamos tremendamente lejos. Creo que ahora mismo estamos al cincuenta por ciento de lo que podemos dar. Tenemos minutos muy buenos, pero solo 15 o 20 por partido. Necesitamos completar los 40 minutos al mismo nivel.<\/p>\n<p class=\"v-p\"><strong>P: M\u00e1s all\u00e1 de la regularidad, \u00bfen qu\u00e9 aspectos t\u00e1cticos hay m\u00e1s margen de mejora?<\/strong><\/p>\n<p class=\"v-p\">R: Somos el equipo m\u00e1s anotador de los dos grupos, con 87 puntos de media, que es una barbaridad en esta competici\u00f3n, pero nuestros problemas vienen de la precipitaci\u00f3n en transiciones tanto ofensivas como defensivas y del trabajo defensivo, tenemos que mejorarlo un mont\u00f3n. No encontramos la tecla para que el equipo tengo esa intensidad y esa regularidad que nosotros queremos en cada defensa, entonces la mejora pasa por ah\u00ed.<\/p>\n<p class=\"v-p\"><strong>P: \u00bfHa cambiado el objetivo tras lo ocurrido en la temporada pasada o sigue siendo el de establecer una base en esta categor\u00eda?<\/strong><\/p>\n<p class=\"v-p\">R: Bueno, yo creo que debemos olvidarnos del a\u00f1o pasado, que fue una situaci\u00f3n completamente anormal de un equipo que cuadra incre\u00edblemente bien. Yo nunca he hablado de esto, pero seguramente sin las lesiones de Fares y Pau quiz\u00e1 hubi\u00e9ramos estado muy muy cerca de ascender. A lo mejor hubi\u00e9ramos creado un problema econ\u00f3mico, pero hay que olvidarse de eso y pensar que esta liga es muy igualada y tenemos uno de los presupuestos m\u00e1s bajos. Nos gustar\u00eda estar en playoff, por lo menos, pero bueno, ahora estamos un poquito lejos todav\u00eda de buscar un objetivo.<\/p>\n<p class=\"v-p\"><strong>P: Centrando la mirada en jugadores y no tanto en presupuestos\u2026 \u00bfQu\u00e9 equipos son mejores que esta Cultural?<\/strong><\/p>\n<p class=\"v-p\">R: Yo creo que C\u00f3rdoba es al que m\u00e1s se\u00f1al\u00e1bamos todos desde el inicio, es un equipo tremendo con jugadores muy contrastados y creo que est\u00e1n haciendo una gran temporada. Caja 87 tambi\u00e9n es evidentemente superior, aunque a\u00fan no hayan dado con la tecla. Valladolid creo que ha hecho tambi\u00e9n un equipo muy atractivo, tiene una plantilla muy joven y con fuerte inversi\u00f3n. En el otro grupo, Castell\u00f3n e Ibiza tienen equipos muy superiores y Mor\u00f3n es otra plantilla tremenda. En total, hay cinco o seis equipos que creo que son claros candidatos al ascenso.<\/p>\n<p><img decoding=\"async\" loading=\"lazy\" src=\"https:\/\/www.europesays.com\/es\/wp-content\/uploads\/2025\/12\/IMG_9645-kU3C-U240417504543cKC-650x455@Leonoticias.jpg\" class=\"v-a-img\" width=\"650\" height=\"455\" alt=\"Luis Castillo, entrenador de la Cultural Baloncesto.\" data-voc-vtm-id=\"in-text-traffic\"\/><\/p>\n<p>Luis Castillo, entrenador de la Cultural Baloncesto.<\/p>\n<p>B. P.<\/p>\n<p><img loading=\"lazy\" decoding=\"async\" src=\"https:\/\/www.europesays.com\/es\/wp-content\/uploads\/2025\/12\/IMG_9645-kU3C-U240417504543PDD-1920x1344@Leonoticias.jpg\" class=\"v-mdl__img-z\" width=\"1920\" height=\"1344\" alt=\"\"\/><\/p>\n<p class=\"v-p\"><strong>P: Aboubakar Traor\u00e9 est\u00e1 inscrito ya con la Cultural, pero no oficializado. \u00bfQu\u00e9 falta para confirmarse y qu\u00e9 puede aportar al equipo?<\/strong><\/p>\n<p class=\"v-p\">R: Es una oportunidad de mercado. Un muy buen jugador en un momento donde nosotros podemos hacer esa operaci\u00f3n porque no tiene un coste enorme. Los problemas que tenemos ahora mismo son solo tr\u00e1mites burocr\u00e1ticos, que a veces son largos y pesados y hasta que no est\u00e9 aqu\u00ed no queremos darle una oficialidad al tema porque hemos visto otras veces en que estas operaciones a veces se rompen porque alg\u00fan tr\u00e1mite burocr\u00e1tico se queda por el medio.<\/p>\n<p class=\"v-p\"><strong>P: \u00bfQu\u00e9 tan complicado es para un entrenador cambiar casi toda la plantilla cada a\u00f1o, m\u00e1s a\u00fan tras un a\u00f1o tan bueno?<\/strong><\/p>\n<p class=\"v-p\">R: Es algo normal y natural en la categor\u00eda. Muchos equipos han cambiado ocho o nueve jugadores. Solo Sevilla mantiene m\u00e1s continuidad. Es algo que m\u00e1s o menos esperas y creo que para nosotros incluso habla bien del club: que jugadores salgan hacia mejores contratos muestra crecimiento. Somos honestos con ellos, hablamos de que este club es un lugar para impulsarse y cuando lo logran se lo reconocemos y les agradecemos el trabajo que han estado haciendo.<\/p>\n<p class=\"v-p\"><strong>P: Volviendo por un momento al a\u00f1o pasado\u2026 \u00bfSe pod\u00eda llegar a imaginar al inicio de la temporada que se llegar\u00eda tan lejos y jugando tan bien en muchos momentos?<\/strong><\/p>\n<p class=\"v-p\">R: No, no lo imagin\u00e1bamos. Tuvimos muchos problemas en pretemporada, Jordan y Frank llegaron muy tarde, Isaac se lesion\u00f3 antes de debutar, jugamos con Algeciras con ocho jugadores\u2026 Pero el equipo respondi\u00f3 incre\u00edblemente bien y todo fue cuadrando. Es verdad que tuvimos un bache en diciembre, pero creo que hicimos una gran temporada.<\/p>\n<p class=\"v-p\"><strong>P: Ahora ya m\u00e1s en fr\u00edo\u2026 \u00bfA partir de qu\u00e9 momento y cu\u00e1nto llegaste a creer en que el ascenso era posible?<\/strong><\/p>\n<p class=\"v-p\">R: Nosotros \u00edbamos d\u00eda a d\u00eda, pero es verdad que ve\u00edamos que pod\u00edamos ganar a cualquiera. Creo que lesiones de Fares y Pau nos condicionan absolutamente, especialmente la de Fares. No ten\u00edamos un cinco que pudiera suplirle, de hecho ese tipo de jugador casi no existe en la categor\u00eda. Fue un medio descubrimiento que pudimos hacer y lo pudimos traer a un a un gran precio para nosotros y creo que fue clave esa lesi\u00f3n en el pie de \u00e9l que nos deja siempre la duda de qu\u00e9 hubiera de qu\u00e9 hubiera ocurrido en ese enfrentamiento con Palma que estuvo mucho m\u00e1s igualado de lo que parece.<\/p>\n<p class=\"v-p\"><strong>P: Volviendo un par de a\u00f1os atr\u00e1s\u2026 pasas a dirigir el primer equipo en 2021, cuando a\u00fan era Basket Le\u00f3n. \u00bfC\u00f3mo viviste el cambio a la Cultural?<\/strong><\/p>\n<p class=\"v-p\">R: Fue un cambio que provoca Felipe Llamazares, al que siempre hay que agradecer su trabajo y su apuesta. Creo que fue una oportunidad para el baloncesto de Le\u00f3n. Hab\u00eda dos clubes avanzando cada uno con su filosof\u00eda. La Cultural dio un impulso muy grande a algo que toda la ciudad demandaba para tener un \u00fanico proyecto profesional en Le\u00f3n y que todos estuvieran en la misma l\u00ednea, que creo que es lo que ha pasado.<\/p>\n<p class=\"v-p\"><strong>P: Hasta qu\u00e9 punto ha sido y est\u00e1 siendo importante a nivel econ\u00f3mico y social el hecho de haber pasado a ser la Cultural?<\/strong><\/p>\n<p class=\"v-p\">R: Fundamental. La marca Cultural es incre\u00edble en la ciudad. Hace a\u00f1os casi no se ve\u00edan ni\u00f1os con camisetas del club y ahora est\u00e1 lleno. Antes muchos eran del Madrid o Bar\u00e7a; ahora la gente es de la Cultural y vemos un mont\u00f3n de ni\u00f1os identificados con el club de su ciudad. Esa identidad del f\u00fatbol se traslada al baloncesto y es muy positiva, creo que el club desde el club est\u00e1n trabajando francamente bien.<\/p>\n<p class=\"v-p\"><strong>P: \u00bfQu\u00e9 te parece la respuesta cada vez m\u00e1s habitual y sobre todo en ciertos partidos del Palacio?<\/strong><\/p>\n<p class=\"v-p\">R: Es incre\u00edble, es nuestro mayor activo. Ahora mismo, cuando hablamos con jugadores para ficharlos siempre les mostramos im\u00e1genes del pabell\u00f3n. Contra equipos que quiz\u00e1s son menos medi\u00e1ticos estamos metiendo 2.000 o 2.500 personas, una cifra enorme para la categor\u00eda. Solo Sevilla nos supera en n\u00fameros oficiales, pero evidentemente las ciudades no se pueden comparar. Siempre digo que tenemos la mejor afici\u00f3n de Espa\u00f1a porque es un porcentaje alt\u00edsimo para esta categor\u00eda y desde esa masa social podemos crecer.<\/p>\n<p class=\"v-p\"><strong>P: \u00bfC\u00f3mo influye esta afici\u00f3n al atraer jugadores, especialmente cuando econ\u00f3micamente no pod\u00e9is competir con otros clubes?<\/strong><\/p>\n<p class=\"v-p\">R: Much\u00edsimo. El otro d\u00eda estuvimos con Berthold y les dec\u00eda a los jugadores que disfrutaran de Le\u00f3n porque no pasa en otros sitios. Es un plus para fichar jugadores y tambi\u00e9n para que los jugadores entren en el d\u00eda a d\u00eda con gran motivaci\u00f3n. Algunos jugadores encuentran energ\u00eda y conexi\u00f3n con el p\u00fablico. Ahora necesitamos que ese apoyo social se traduzca tambi\u00e9n en apoyo econ\u00f3mico de empresas e instituciones para dar el salto que yo creo que deber\u00eda ser por lo menos la Primera FEB.<\/p>\n<p class=\"v-p\"><strong>P: \u00bfCu\u00e1l es la clave para que el equipo enganche as\u00ed a la gente?<\/strong><\/p>\n<p class=\"v-p\">R: Creo que jugamos un baloncesto atractivo. A veces mejor, a veces peor, hay d\u00edas que me enfado m\u00e1s, otros menos, pero siempre con intenci\u00f3n de querer jugar bien siempre y creo que ese estilo atrae. La gente est\u00e1 trabajando toda la semana para disfrutar el fin de semana y no podemos venir aqu\u00ed a aburrir. La entrega, la pasi\u00f3n y la identidad con la camiseta hacen que la gente conecte con el equipo y engancharse al deporte.<\/p>\n<p class=\"v-p\"><strong>P: \u00bfEl club est\u00e1 preparado para crecer en los pr\u00f3ximos a\u00f1os y subir categor\u00edas?<\/strong><\/p>\n<p class=\"v-p\">R: S\u00ed, lo veo, ahora mismo creo que lo veo. En el club hay mucha decisi\u00f3n y apoyo interno con el baloncesto. La gente est\u00e1 muy contenta, Natichu est\u00e1 apoyando al cien por cien y est\u00e1 haciendo todo lo posible para que el equipo crezca y bueno, pues queremos el equipo m\u00e1s arriba, eso lo tenemos todos claro. Ahora es cuesti\u00f3n de ir dando pasos que sean s\u00f3lidos, reconstruir el baloncesto base, recuperar jugadores, que hemos perdido muchos en estos a\u00f1os, fortalecer la masa social, que ahora mismo es muy joven y numerosa. Esa es la base del ma\u00f1ana y en eso estamos.<\/p>\n<p class=\"v-p\"><strong>P: \u00bfY en ese crecimiento se ve Luis Castillo durante mucho tiempo liderando al equipo?<\/strong><\/p>\n<p class=\"v-p\">R: Es una buena pregunta. Al final, mi vida es un poco a\u00f1o a a\u00f1o, para que yo fuera profesional del baloncesto pues tendr\u00edamos que tener un contrato profesional, tambi\u00e9n en el staff, que ahora mismo pues tenemos que combinarlo con nuestro trabajo diario. Yo creo que si se sube la categor\u00eda y se quiere dar un paso m\u00e1s adelante, pues creo que hay que profesionalizar este staff y bueno, es verdad hay entrenadores titulados que pueden coger perfectamente el relevo, creo que hay grandes entrenadores en Le\u00f3n.<\/p>\n<p>Reporta un error<\/p>\n","protected":false},"excerpt":{"rendered":"Viernes, 5 de diciembre 2025, 08:15 Es dif\u00edcil entender el crecimiento de la Cultural Baloncesto sin Luis Castillo&hellip;\n","protected":false},"author":2,"featured_media":272270,"comment_status":"","ping_status":"","sticky":false,"template":"","format":"standard","meta":{"footnotes":""},"categories":[269],"tags":[299,5715,298,1798,8112,8332,168,25,24,260,4108,23,167],"class_list":{"0":"post-272269","1":"post","2":"type-post","3":"status-publish","4":"format-standard","5":"has-post-thumbnail","7":"category-baloncesto","8":"tag-baloncesto","9":"tag-base","10":"tag-basketball","11":"tag-club","12":"tag-crecimiento","13":"tag-cultural","14":"tag-deportes","15":"tag-es","16":"tag-espana","17":"tag-gente","18":"tag-leon","19":"tag-spain","20":"tag-sports"},"share_on_mastodon":{"url":"https:\/\/pubeurope.com\/@es\/115666417890112449","error":""},"_links":{"self":[{"href":"https:\/\/www.europesays.com\/es\/wp-json\/wp\/v2\/posts\/272269","targetHints":{"allow":["GET"]}}],"collection":[{"href":"https:\/\/www.europesays.com\/es\/wp-json\/wp\/v2\/posts"}],"about":[{"href":"https:\/\/www.europesays.com\/es\/wp-json\/wp\/v2\/types\/post"}],"author":[{"embeddable":true,"href":"https:\/\/www.europesays.com\/es\/wp-json\/wp\/v2\/users\/2"}],"replies":[{"embeddable":true,"href":"https:\/\/www.europesays.com\/es\/wp-json\/wp\/v2\/comments?post=272269"}],"version-history":[{"count":0,"href":"https:\/\/www.europesays.com\/es\/wp-json\/wp\/v2\/posts\/272269\/revisions"}],"wp:featuredmedia":[{"embeddable":true,"href":"https:\/\/www.europesays.com\/es\/wp-json\/wp\/v2\/media\/272270"}],"wp:attachment":[{"href":"https:\/\/www.europesays.com\/es\/wp-json\/wp\/v2\/media?parent=272269"}],"wp:term":[{"taxonomy":"category","embeddable":true,"href":"https:\/\/www.europesays.com\/es\/wp-json\/wp\/v2\/categories?post=272269"},{"taxonomy":"post_tag","embeddable":true,"href":"https:\/\/www.europesays.com\/es\/wp-json\/wp\/v2\/tags?post=272269"}],"curies":[{"name":"wp","href":"https:\/\/api.w.org\/{rel}","templated":true}]}}