{"id":272287,"date":"2025-12-05T10:19:09","date_gmt":"2025-12-05T10:19:09","guid":{"rendered":"https:\/\/www.europesays.com\/es\/272287\/"},"modified":"2025-12-05T10:19:09","modified_gmt":"2025-12-05T10:19:09","slug":"el-cccb-rompe-prejuicios-y-cliches-sobre-la-creadora-de-la-plaza-del-diamant","status":"publish","type":"post","link":"https:\/\/www.europesays.com\/es\/272287\/","title":{"rendered":"El CCCB rompe prejuicios y clich\u00e9s sobre la creadora de &#8216;La plaza del Diamant&#8217;"},"content":{"rendered":"<p style=\"\">El 23 de enero de 1939, tres d\u00edas antes de las tropas franquistas lleguen a Barcelona, Merc\u00e8 Rodoreda sube a un bibliob\u00fas, el servicio que utilizaba la Generalitat para mandar libros al frente, y busca exilio en Francia. Ha visto demasiada guerra y huye del  &#8230; horror y el caos. Ella y otros trece intelectuales acabar\u00e1n por refugiarse en Roissy-en-Brie, un peque\u00f1o municipio al norte de Par\u00eds. All\u00ed s\u00f3lo permanecer\u00e1 un a\u00f1o, pero comenzar\u00e1 un periplo de tres d\u00e9cadas de exilio. Cuando regrese en los 70 a Catalu\u00f1a, ya convertida en icono de las letras catalanas, su imagen quedar\u00e1 desdibujada en el imaginario colectivo. Su r\u00e1pida canonizaci\u00f3n tambi\u00e9n la congela como mera m\u00e1scara de su personaje m\u00e1s conocido,<a href=\"https:\/\/www.abc.es\/espana\/catalunya\/abci-poesia-y-pintura-facetas-creativas-mas-secretas-merce-rodoreda-200212100300-149150_noticia.html\" target=\"_self\" data-voc-vtm-id=\"in-text-traffic\" title=\" la ingenua Colometa de &#039;La pla\u00e7a del Diamant&#039;.\" data-mrf-link=\"www.abc.es\" rel=\"nofollow noopener\"> la ingenua Colometa de &#8216;La pla\u00e7a del Diamant&#8217;.<\/a> Sin embargo, la hondura y complejidad de la escritora es imposible de capturar.<\/p>\n<p class=\"voc-p\" style=\"\">El Centro de Cultura Contempor\u00e1nea de Barcelona (CCCB) acoge hasta el 25 de mayo la exposici\u00f3n &#8216;Rodoreda, un bosque&#8217;, un intento de poner en im\u00e1genes la vida y obra de la escritora y borrarle todos los prejuicios y clich\u00e9s en torno a su figura. Adem\u00e1s de todo tipo de documentos de la propia autora de &#8216;Espejo Roto&#8217;, la muestra incluye hasta 400 piezas de otros artistas que inspiraron a Rodoreda o fueron inspirados por ella, as\u00ed como estuvieron hermanados por sus intereses, de Leonora Carrington a Marc Chagall, Giorgio de Chirico, Dora Maar, Man Ray, Jean Dubuffet, Goya o Picasso. \u00abCuando estudiaba a Rodoreda en la universidad me dec\u00edan que Rodoreda era cursi, lo que es absurdo. Puede que sus personajes mostrasen un punto de vista inocente o ingenuo, pero los textos est\u00e1n tan llenos de perversidad como de inocencia, de luz como de oscuridad, de realismo como de fantas\u00eda\u00bb, se\u00f1ala Neus Penalba, estudiosa de la obra de la escritora y comisaria de la exposici\u00f3n.<\/p>\n<p class=\"voc-p\" style=\"\">La exposici\u00f3n, cuya ruta est\u00e1 marcada por fragmentos de sus grandes novelas y cuentos, intenta que el espectador se adentre en el imaginario multiforme de la autora y alejarlo del meme actual de Rodoreda como esa se\u00f1ora mayor de pelo cano obsesionada con las flores y los jardines. La po\u00e9tica de la autora de &#8216;La muerte y la primavera&#8217; se mueve entre los desastres de la guerra a la represi\u00f3n del deseo, del suicidio al aspecto m\u00e1s macabro del mundo infantil, todo con un estilo sin artificios y el gusto por la ambig\u00fcedad moral. \u00abRodoreda invita a cavar en la profundidad del alma humana, a reencontrar la belleza en la oscuridad y a defender, a pesar de todo, que la literatura es siempre tierra firme\u00bb, afirma Judit Carrera, directora del CCCB. <\/p>\n<p class=\"voc-p\" style=\"\">La muestra se divide en espacios tem\u00e1ticos que act\u00faan como ra\u00edces del imaginario rodoredaniano. En &#8216;Inocentes&#8217; nos presentan a los protagonistas de las historias de la escritora, siempre a medio camino de la inocencia y la rebeld\u00eda. Aqu\u00ed vemos la destrucci\u00f3n del primer clich\u00e9. Las protagonistas no son simples v\u00edctimas, sino que son figuras reactivas de una sociedad cruel. En este sentido son flores bellas, pero venenosas a un mismo tiempo. \u00abSu obsesi\u00f3n es equipar la infancia no con un para\u00edso perdido, sino como una mirada inquietante y perturbadora de lo que significa hacerse mayor y adaptarse a la sociedad\u00bb, se\u00f1ala Penalba.<\/p>\n<p>\nGuerra, deseo e inocencia en la obra de Rodoreda\n<\/p>\n<p class=\"voc-p\" style=\"\">La siguiente parada en el universo Rodoreda es el del deseo, el im\u00e1n que une a las personas, pero tambi\u00e9n devasta el espacio intermedio. Habla de represi\u00f3n y tambi\u00e9n de una superaci\u00f3n casi asc\u00e9tica a trav\u00e9s de un amor m\u00e1s calmo. Personajes como Colometa, Cecilia, Aloma, Salamandra son ese dif\u00edcil v\u00e9rtice entre amor y deseo. En la exposici\u00f3n lo vemos en obras de Leonora Carrington, Mar\u00eda Blanchard o Santiago Rusinyol. <\/p>\n<p class=\"voc-p\" style=\"\">La tercera parada de la exposici\u00f3n es la m\u00e1s intensa. Titulada &#8216;\u00a1Cu\u00e1nta guerra!&#8217;, como la novela de la autora y aqu\u00ed vemos como Rodoreda sufri\u00f3 la I Guerra Mundial, la II Guerra Mundial y la Guerra Civil. \u00abEl exilio te roba tu pa\u00eds, pero no tu lengua. Lo cierto es que el horror, los malos momentos, las desgracias, en realidad te hacen m\u00e1s humano. Convivir con el dolor y el mal te convierten en m\u00e1s humano y eso es lo \u00fanico imprescindible para escribir\u00bb, asegura Rodoreda en una de las entrevistas que tambi\u00e9n se pueden ver en la muestra.<\/p>\n<p class=\"voc-p\" style=\"\">Entre todo el lado vital y documental de la exposici\u00f3n destacan <a href=\"https:\/\/www.abc.es\/espana\/catalunya\/abci-cuentos-merce-rodoreda-200911200300-1131826666995_noticia.html\" target=\"_self\" data-voc-vtm-id=\"in-text-traffic\" title=\"las cartas de Rodoreda a su editor, Joan Sales\" data-mrf-link=\"www.abc.es\" rel=\"nofollow noopener\">las cartas de Rodoreda a su editor, Joan Sales<\/a>, as\u00ed como recortes de prensa donde escribe sobre lo rid\u00edculo de las &#8216;femmes fatales&#8217; del cine o, incluso listas de la compra. Tambi\u00e9n hay correcciones de manuscritos, incluso un mapa detallado del espacio f\u00edsico de la novela &#8216;Espejo Roto&#8217;. \u00abEn realidad, Rodoreda ha vivido tan intensa y tristemente su tiempo que no le interesa como tema en primer plano. Sus guerras no son \u00e9picas, sino que se viven en la retaguardia y sus estragos son siempre interiores y simb\u00f3licos\u00bb, asegura la comisaria.<\/p>\n<p><img decoding=\"async\" loading=\"lazy\" src=\"https:\/\/www.europesays.com\/es\/wp-content\/uploads\/2025\/12\/rodoreda22-U36742606437det-170x170@diario_abc.jpg\" class=\"voc-img\" width=\"170\" height=\"170\" alt=\"Imagen - Desde la reedici\u00f3n en 2017 de 'La muerte y la primavera' se ha redescubierto la actualidad de los textos de Rodoreda y se ha renovado su visi\u00f3n cr\u00edtica\"\/><\/p>\n<p class=\"voc-title\">Desde la reedici\u00f3n en 2017 de &#8216;La muerte y la primavera&#8217; se ha redescubierto la actualidad de los textos de Rodoreda y se ha renovado su visi\u00f3n cr\u00edtica<\/p>\n<p class=\"voc-p\" style=\"\">La exposici\u00f3n tambi\u00e9n incluye obras de nueva creaci\u00f3n, encargos que se han realizado a artistas contempor\u00e1neos para demostrar la contemporaneidad de los textos de Rodoreda. De esta forma, podemos ver una instalaci\u00f3n audiovisual de <a href=\"https:\/\/www.abc.es\/cultura\/flores-viajes-instalacion-inmersiva-inspirada-obra-merce-20230729140607-vi.html\" target=\"_self\" data-voc-vtm-id=\"in-text-traffic\" title=\"CaboSanRoque\" data-mrf-link=\"www.abc.es\" rel=\"nofollow noopener\">CaboSanRoque<\/a> bajo el t\u00edtulo &#8216;El pueblo de las doce se\u00f1oritas&#8217;. Destaca tambi\u00e9n una obra de papel, cemento y hierro de Mar Arza en la que vemos como un terremoto que abre la tierra dentro de un texto de la propia Rodoreda que dice: &#8216;mi deseo m\u00e1s ferviente es verlo todo en llamas&#8217;. El resto de piezas son una instalaci\u00f3n fotogr\u00e1fica de \u00c8lia Llach; dibujos y estampas digitales de Oriol Vilapuig; y una instalaci\u00f3n con tres pantallas de la directora teatral Carlota Subir\u00f3s sobre posibles adaptaciones audiovisuales de &#8216;La plaza del Diamante&#8217;.<\/p>\n<p class=\"voc-p\" style=\"\">El cuarto \u00e1mbito est\u00e1 protagonizada por la Rodoreda urbana, la de sus novelas m\u00e1s conocidas, de &#8216;La calle de las camelias&#8217; a &#8216;Espejo Roto&#8217;, la del barrio de Sant Gervasi, de la decadencia de la burgues\u00eda catalana en el periodo de entreguerras. En este sentido, como en todo el recorrido, la muestra incluye referencias audiovisuales que se pueden relacionar con el universo rodoredaniano como obras de la core\u00f3grafa Pina Bausch, pel\u00edculas de Haneke o Alain Resnais o composiciones de Hector Parra. Adem\u00e1s, en el quinto \u00e1mbito, Metamorfosis, se analiza su gusto real por la naturaleza, visto como un todo devastador y casi consciente y huemano. \u00abEs una adelantada a su tiempo porque habla de posiciones posthumanistas sin que todav\u00eda existiese el t\u00e9rmino\u00bb, a\u00f1ade Jordi Costa, jefe de exposiciones del CCCB. <\/p>\n<p class=\"voc-p\" style=\"\">Por \u00faltimo, la muestra quiere acercarse a la parte m\u00e1s esot\u00e9rica y m\u00edstica de la escritora, que tambi\u00e9n la tiene. Admiradora de Jung y la idea de un inconsciente colectivo, sus obras viajan todo el rato de la oscuridad a la luz, del m\u00e1s ac\u00e1 y el m\u00e1s all\u00e1, de la espiritualidad a la frialdad realista. En definitiva, un asombroso recorrido por todas las patas del universo Rodoreda, en una exposici\u00f3n que se a\u00f1ade a la tradici\u00f3n de la casa de recuperar universos literarios como ya hiciera con Pessoa, Magris, Joyce, Kafka o Borges.<\/p>\n","protected":false},"excerpt":{"rendered":"El 23 de enero de 1939, tres d\u00edas antes de las tropas franquistas lleguen a Barcelona, Merc\u00e8 Rodoreda&hellip;\n","protected":false},"author":2,"featured_media":272288,"comment_status":"","ping_status":"","sticky":false,"template":"","format":"standard","meta":{"footnotes":""},"categories":[91],"tags":[18614,66757,42297,66758,146,147,25,24,44626,1386,52993,66756,105,57,23],"class_list":{"0":"post-272287","1":"post","2":"type-post","3":"status-publish","4":"format-standard","5":"has-post-thumbnail","7":"category-entretenimiento","8":"tag-cccb","9":"tag-cliches","10":"tag-creadora","11":"tag-diamant","12":"tag-entertainment","13":"tag-entretenimiento","14":"tag-es","15":"tag-espana","16":"tag-merce","17":"tag-plaza","18":"tag-prejuicios","19":"tag-rodoreda","20":"tag-rompe","21":"tag-sobre","22":"tag-spain"},"share_on_mastodon":{"url":"https:\/\/pubeurope.com\/@es\/115666456993658917","error":""},"_links":{"self":[{"href":"https:\/\/www.europesays.com\/es\/wp-json\/wp\/v2\/posts\/272287","targetHints":{"allow":["GET"]}}],"collection":[{"href":"https:\/\/www.europesays.com\/es\/wp-json\/wp\/v2\/posts"}],"about":[{"href":"https:\/\/www.europesays.com\/es\/wp-json\/wp\/v2\/types\/post"}],"author":[{"embeddable":true,"href":"https:\/\/www.europesays.com\/es\/wp-json\/wp\/v2\/users\/2"}],"replies":[{"embeddable":true,"href":"https:\/\/www.europesays.com\/es\/wp-json\/wp\/v2\/comments?post=272287"}],"version-history":[{"count":0,"href":"https:\/\/www.europesays.com\/es\/wp-json\/wp\/v2\/posts\/272287\/revisions"}],"wp:featuredmedia":[{"embeddable":true,"href":"https:\/\/www.europesays.com\/es\/wp-json\/wp\/v2\/media\/272288"}],"wp:attachment":[{"href":"https:\/\/www.europesays.com\/es\/wp-json\/wp\/v2\/media?parent=272287"}],"wp:term":[{"taxonomy":"category","embeddable":true,"href":"https:\/\/www.europesays.com\/es\/wp-json\/wp\/v2\/categories?post=272287"},{"taxonomy":"post_tag","embeddable":true,"href":"https:\/\/www.europesays.com\/es\/wp-json\/wp\/v2\/tags?post=272287"}],"curies":[{"name":"wp","href":"https:\/\/api.w.org\/{rel}","templated":true}]}}