{"id":272295,"date":"2025-12-05T10:23:10","date_gmt":"2025-12-05T10:23:10","guid":{"rendered":"https:\/\/www.europesays.com\/es\/272295\/"},"modified":"2025-12-05T10:23:10","modified_gmt":"2025-12-05T10:23:10","slug":"baile-de-paises-en-eurovision-espana-sale-kazajistan-podria-entrar-television","status":"publish","type":"post","link":"https:\/\/www.europesays.com\/es\/272295\/","title":{"rendered":"Baile de pa\u00edses en Eurovisi\u00f3n: Espa\u00f1a sale, Kazajist\u00e1n podr\u00eda entrar | Televisi\u00f3n"},"content":{"rendered":"<p class=\"\">Cuatro pa\u00edses no participar\u00e1n en el festival de Eurovisi\u00f3n de 2026 en protesta por la participaci\u00f3n de Israel y <a href=\"https:\/\/elpais.com\/noticias\/conflicto-arabe-israeli\/\" target=\"_self\" rel=\"nofollow noopener\" title=\"https:\/\/elpais.com\/noticias\/conflicto-arabe-israeli\/\">sus ataques a la poblaci\u00f3n civil en Palestina<\/a>: Espa\u00f1a, Pa\u00edses Bajos, Eslovenia e Irlanda. Es una reacci\u00f3n a la decisi\u00f3n de la 95\u00b0 Asamblea General de la Uni\u00f3n Europea de Radiodifusi\u00f3n (UER) \u2014organizadora del festival\u2014, que se celebra este jueves y viernes en Ginebra (Suiza), de apoyar la inclusi\u00f3n de Israel.<\/p>\n<p>M\u00e1s informaci\u00f3n<\/p>\n<p class=\"\">La cadena p\u00fablica eslovaca (RTVSLO) ha justificado su decisi\u00f3n en lo que considera el car\u00e1cter pol\u00edtico de la actuaci\u00f3n israel\u00ed del a\u00f1o pasado y en el agravio comparativo con el veto a Rusia por la invasi\u00f3n de Ucrania. De fondo, las violaciones de los derechos humanos en Gaza. Ksenija Horvat, directora de la cadena, ha lamentado que la UER no haya mostrado \u201cuna postura \u00e9tica y de principios en este asunto\u201d y ha recordado que llevan \u201cm\u00e1s de un a\u00f1o advirtiendo\u201d de que no se puede estar \u201cen el mismo escenario que un representante de un pa\u00eds que caus\u00f3 <a href=\"https:\/\/elpais.com\/babelia\/2025-10-03\/genocidio-el-poder-de-una-palabra-historia-del-crimen-de-los-crimenes.html\" target=\"_self\" rel=\"nofollow noopener\" title=\"https:\/\/elpais.com\/babelia\/2025-10-03\/genocidio-el-poder-de-una-palabra-historia-del-crimen-de-los-crimenes.html\">el genocidio de los palestinos<\/a> en Gaza, \u00fanico territorio del mundo donde el trabajo de periodistas extranjeros no es posible y donde la gente sigue muriendo en condiciones humanitarias y de seguridad insoportables\u201d.<\/p>\n<p class=\"\">La televisi\u00f3n de los Pa\u00edses Bajos (AVROTROS) ha realizado un largo proceso de decisi\u00f3n en el que se recopil\u00f3 informaci\u00f3n de una amplia gama de partes interesadas: desde el embajador de Israel hasta Amnist\u00eda Internacional, desde la UER hasta diversas emisoras p\u00fablicas europeas, y tambi\u00e9n a nivel interno, as\u00ed como de los miles de fans de Eurovisi\u00f3n que se pusieron en contacto. Tras ello, considera que su participaci\u00f3n no es compatible con los \u201cvalores p\u00fablicos que son esenciales para nosotros\u201d. \u201cNo fue una decisi\u00f3n f\u00e1cil y no la tomamos a la ligera\u201d, dijo el director ejecutivo, Taco Zimmerman, \u201cel festival es incre\u00edblemente valioso para nosotros. La cultura une, pero no a cualquier precio. Lo ocurrido el a\u00f1o pasado nos afecta. <a href=\"https:\/\/elpais.com\/opinion\/2024-01-27\/gaza-el-descalabro-moral-de-occidente-y-el-de-los-demas.html\" target=\"_self\" rel=\"nofollow noopener\" title=\"https:\/\/elpais.com\/opinion\/2024-01-27\/gaza-el-descalabro-moral-de-occidente-y-el-de-los-demas.html\">Valores universales como la humanidad y la libertad de prensa se han visto gravemente vulnerados y son innegociables<\/a>\u201d.<\/p>\n<p class=\"\">Desde Irlanda (RT\u00c9) mantienen su postura en cuanto a Gaza: tambi\u00e9n se hizo hincapi\u00e9 en la p\u00e9rdida de vidas y la crisis humanitaria en la Franja. Para la cadena, \u201cla participaci\u00f3n de Irlanda sigue siendo inadmisible dada la terrible p\u00e9rdida de vidas en Gaza y la crisis humanitaria que se vive all\u00ed, que sigue poniendo en peligro la vida de tantos civiles\u201d, adem\u00e1s de denunciar el \u201c<a href=\"https:\/\/elpais.com\/eps\/2025-10-05\/objetivo-matar-al-periodista.html\" target=\"_self\" rel=\"nofollow noopener\" title=\"https:\/\/elpais.com\/eps\/2025-10-05\/objetivo-matar-al-periodista.html\">asesinato selectivo de periodistas<\/a> en Gaza durante el conflicto\u201d. A esta lista podr\u00eda unirse la televisi\u00f3n islandesa (R\u00daV), que se re\u00fane el pr\u00f3ximo mi\u00e9rcoles para tomar una decisi\u00f3n definitiva. <\/p>\n<p><img decoding=\"auto\" class=\"_re lazyload a_m-h\" height=\"233\"  width=\"414\"  src=\"https:\/\/www.europesays.com\/es\/wp-content\/uploads\/2025\/12\/CCIN6O7UQVCEBILGRO5ERJM5CI.jpg\" loading=\"lazy\"\/>Yuval Raphael, de Israel, sale al escenario con la bandera nacional durante un ensayo para la gala final del 69\u00ba Festival de la Canci\u00f3n de Eurovisi\u00f3n.Jens B\u00fcttner (Dpa\/picture alliance\/Getty Images)<\/p>\n<p class=\"\">Seg\u00fan ha declarado el director del festival, <a href=\"https:\/\/x.com\/ESCdiscord\/status\/1996665027114553730?t=A2PMf54e5yjr0sETf32_kg&amp;s=19\" target=\"_self\" rel=\"nofollow\" title=\"https:\/\/x.com\/ESCdiscord\/status\/1996665027114553730?t=A2PMf54e5yjr0sETf32_kg&amp;s=19\">Martin Green<\/a>, se ha producido un debate \u201cfranco, honesto y emocionante\u201d que ha arrojado un resultado claro: \u201cQue Eurovisi\u00f3n no debe ser utilizado como un teatro pol\u00edtico y debe mantener cierto sentido de la neutralidad\u201d. Espera que 35 pa\u00edses participen en la pr\u00f3xima edici\u00f3n, tambi\u00e9n espera que los pa\u00edses que se retiran regresen en 2027.<\/p>\n<p class=\"\">Otro grupo de pa\u00edses, como Suiza, Austria y Alemania, hab\u00eda asegurado en la reuni\u00f3n del jueves, <a href=\"https:\/\/elpais.com\/television\/2025-12-05\/espana-abandona-eurovision-como-la-guerra-de-netanyahu-termino-con-65-anos-de-idilio-musical.html\" target=\"_self\" rel=\"nofollow noopener\" title=\"https:\/\/elpais.com\/television\/2025-12-05\/espana-abandona-eurovision-como-la-guerra-de-netanyahu-termino-con-65-anos-de-idilio-musical.html\">en disonancia con Espa\u00f1a<\/a>, que abandonar\u00edan el festival si Israel era expulsada. Si se hubiera dado el caso, la situaci\u00f3n para Eurovisi\u00f3n hubiese sido a\u00fan m\u00e1s grave, porque Alemania es miembro del Big Five, junto a Espa\u00f1a, Francia, Italia y Reino Unido, los cinco pa\u00edses que m\u00e1s dinero aportan al presupuesto de la UER y, por tanto, a la celebraci\u00f3n del festival. En la edici\u00f3n de 2025, la aportaci\u00f3n de RTVE fue de 331.721 euros, seg\u00fan el Portal de Transparencia, que este a\u00f1o no se aportar\u00e1n. Adem\u00e1s, Austria es la anfitriona de la edici\u00f3n de 2026. El canciller del pa\u00eds, Christian Stocker, llevaba meses defendiendo que Viena no deb\u00eda organizar el evento si se expulsaba a Israel.<\/p>\n<p class=\"\">Otros participantes, como Francia, Dinamarca y Serbia ya hab\u00edan asegurado su plaza en Eurovisi\u00f3n 2026 con independencia de la presencia de Israel, otros anunciar\u00e1n su decisi\u00f3n en los pr\u00f3ximos d\u00edas. En el grupo de los indecisos se encuentran Islandia y Noruega. Portugal ha confirmado su participaci\u00f3n al terminar la reuni\u00f3n.<\/p>\n<p class=\"\">Ante la baja de varios miembros, la UER ha tanteado en los \u00faltimos meses a otros pa\u00edses para que se incorporen a la competici\u00f3n, que tendr\u00e1 lugar en mayo. Algunos pa\u00edses que ya hab\u00edan participado en el pasado, como Bulgaria, Moldavia y Ruman\u00eda, se han mostrado dispuestos a regresar.<\/p>\n<p class=\"\">Entre las nuevas incorporaciones se ha pensado incluso en <a href=\"https:\/\/elpais.com\/noticias\/kazajistan\/\" target=\"_self\" rel=\"nofollow noopener\" title=\"https:\/\/elpais.com\/noticias\/kazajistan\/\">pa\u00edses como Kazajist\u00e1n<\/a>, que ya tiene experiencia en Eurovisi\u00f3n Junior. Mucho m\u00e1s extra\u00f1a parece la llegada de Canad\u00e1. La opci\u00f3n de invitar a formar parte del evento al pa\u00eds norteamericano se ha considerado y no resulta del todo imposible, teniendo en cuenta que desde hace a\u00f1os compite en \u00e9l Australia, aunque sin opci\u00f3n a ser anfitriona.<\/p>\n","protected":false},"excerpt":{"rendered":"Cuatro pa\u00edses no participar\u00e1n en el festival de Eurovisi\u00f3n de 2026 en protesta por la participaci\u00f3n de Israel&hellip;\n","protected":false},"author":2,"featured_media":272296,"comment_status":"","ping_status":"","sticky":false,"template":"","format":"standard","meta":{"footnotes":""},"categories":[8],"tags":[17,18,68,209,25,24,13,14,25188,11,74,19,20,9,10,15,16,23,12,21,22],"class_list":{"0":"post-272295","1":"post","2":"type-post","3":"status-publish","4":"format-standard","5":"has-post-thumbnail","7":"category-espana","8":"tag-breaking-news","9":"tag-breakingnews","10":"tag-conflicto-arabe-israeli","11":"tag-cultura","12":"tag-es","13":"tag-espana","14":"tag-featured-news","15":"tag-featurednews","16":"tag-festival-eurovision","17":"tag-headlines","18":"tag-israel","19":"tag-latest-news","20":"tag-latestnews","21":"tag-news","22":"tag-noticias","23":"tag-noticias-destacadas","24":"tag-noticiasdestacadas","25":"tag-spain","26":"tag-titulares","27":"tag-ultimas-noticias","28":"tag-ultimasnoticias"},"share_on_mastodon":{"url":"https:\/\/pubeurope.com\/@es\/115666472777254788","error":""},"_links":{"self":[{"href":"https:\/\/www.europesays.com\/es\/wp-json\/wp\/v2\/posts\/272295","targetHints":{"allow":["GET"]}}],"collection":[{"href":"https:\/\/www.europesays.com\/es\/wp-json\/wp\/v2\/posts"}],"about":[{"href":"https:\/\/www.europesays.com\/es\/wp-json\/wp\/v2\/types\/post"}],"author":[{"embeddable":true,"href":"https:\/\/www.europesays.com\/es\/wp-json\/wp\/v2\/users\/2"}],"replies":[{"embeddable":true,"href":"https:\/\/www.europesays.com\/es\/wp-json\/wp\/v2\/comments?post=272295"}],"version-history":[{"count":0,"href":"https:\/\/www.europesays.com\/es\/wp-json\/wp\/v2\/posts\/272295\/revisions"}],"wp:featuredmedia":[{"embeddable":true,"href":"https:\/\/www.europesays.com\/es\/wp-json\/wp\/v2\/media\/272296"}],"wp:attachment":[{"href":"https:\/\/www.europesays.com\/es\/wp-json\/wp\/v2\/media?parent=272295"}],"wp:term":[{"taxonomy":"category","embeddable":true,"href":"https:\/\/www.europesays.com\/es\/wp-json\/wp\/v2\/categories?post=272295"},{"taxonomy":"post_tag","embeddable":true,"href":"https:\/\/www.europesays.com\/es\/wp-json\/wp\/v2\/tags?post=272295"}],"curies":[{"name":"wp","href":"https:\/\/api.w.org\/{rel}","templated":true}]}}