{"id":272303,"date":"2025-12-05T10:32:17","date_gmt":"2025-12-05T10:32:17","guid":{"rendered":"https:\/\/www.europesays.com\/es\/272303\/"},"modified":"2025-12-05T10:32:17","modified_gmt":"2025-12-05T10:32:17","slug":"ucam-murcia-cb-el-murciano-juan-rubio-se-reencuentra-con-el-ucam-y-sus-raices","status":"publish","type":"post","link":"https:\/\/www.europesays.com\/es\/272303\/","title":{"rendered":"UCAM MURCIA CB | El murciano Juan Rubio se reencuentra con el UCAM y sus ra\u00edces"},"content":{"rendered":"<p class=\"ft-text\"><strong>Juan Rubio es uno de los componentes del tr\u00edo de jugadores murcianos que est\u00e1 compitiendo en la Liga Endesa junto a Chumi Ortega e Izan Almansa.<\/strong> Se da la circunstancia de que ninguno juega en el UCAM Murcia, pero s\u00ed que todos ellos han pasado por su cantera. El alero murciano, a sus 30 a\u00f1os, <strong>se reencontrar\u00e1 con el conjunto universitario y con sus ra\u00edces ma\u00f1ana (18.00 horas, <\/strong><strong>DAZN<\/strong><strong>) al formar parte de un Hereda San Pablo Burgos <\/strong>en el que est\u00e1 afrontando su segunda temporada en la Liga Endesa.<\/p>\n<p class=\"ft-text\">Fue en la temporada 2023-2024 <strong>cuando Rubio debut\u00f3 de la mano del Morabanc Andorra en la m\u00e1xima categor\u00eda,<\/strong> el pasado a\u00f1o milit\u00f3 en el Estudiantes, donde no pudo conseguir el ascenso desde la Primera FEB (LEB Oro) y este verano firm\u00f3 por el Hereda San Pablo Burgos para reforzar una posici\u00f3n en la que sus <strong>condiciones f\u00edsicas y energ\u00eda le convierten en una pieza importante en la rotaci\u00f3n. <\/strong><\/p>\n<p class=\"ft-text\">El murciano presenta una media <strong>de 13:13 minutos en pista esta temporada, con de 2,1 puntos y tres rebotes, <\/strong>y ser\u00e1 una de las bazas del brasile\u00f1o Bruno Savignani, que se encuentra en la cuerda floja como entrenador del San Pablo Burgos tras encadenar siete derrotas consecutivas, para intentar frenar a <strong>jugadores importantes en el equipo universitario como pueden ser Sander Raieste, Howard Sant-Roos o incluso a los tiradores Toni Nakic o Zach Hicks<\/strong> ante su capacidad para desempe\u00f1ar tambi\u00e9n el rol de ala-p\u00edvot en caso de necesidad.<\/p>\n<p><img decoding=\"async\" src=\"https:\/\/www.europesays.com\/es\/wp-content\/uploads\/2025\/12\/cd0542a6-7486-477b-b62b-fa01f42dd408_alta-libre-aspect-ratio_default_0.jpg\" width=\"1200\" height=\"800\" alt=\"El murciano Juan Rubio durante un partido esta temporada.\" class=\"ft-helper-img-rd\" loading=\"lazy\"\/><\/p>\n<p class=\"ft-helper-fontColor-quaternary ft-helper-fontSize-body-S ft-helper-spacer-t-xxs\">El murciano Juan Rubio durante un partido esta temporada.  \/ Emilio Cobos\/ACB Photo<\/p>\n<p class=\"ft-text\">De hecho, el <strong>Hereda San Pablo Burgos <\/strong>quiere aprovechar esta vuelta a la rutina, tras el par\u00f3n por las Ventanas FIBA, como impulso para cambiar su actual din\u00e1mica <a class=\"ft-link ft-link--decoration\" href=\"https:\/\/www.laopiniondemurcia.es\/deportes\/2025\/12\/04\/fichaje-happ-amenaza-ucam-murcia-124420765.html\" rel=\"nofollow noopener\" target=\"_blank\">y ha movido ficha con el fichaje del p\u00edvot Ethan Happ,<\/a><strong> una declaraci\u00f3n de intenciones que ser\u00e1 la mayor amenaza para un UCAM Murcia que quiere mantener la progresi\u00f3n y el nivel mostrado antes de \u2018break\u2019, <\/strong>cuando venci\u00f3 en Lleida en un partido en el fue capaz para romper varios r\u00e9cords y confirmar el mejor arranque de su historia tras ocho jornadas.<\/p>\n<p>Neto, otro conocido<\/p>\n<p class=\"ft-text\"><strong>Otro jugador con el que se ver\u00e1 las caras el UCAM Murcia ser\u00e1 el base Raulzinho Neto. El brasile\u00f1o, que coincidi\u00f3 tambi\u00e9n con Sito <\/strong><a class=\"ft-link ft-link--decoration\" href=\"https:\/\/formula1.lne.es\/fernando-alonso\/\" rel=\"nofollow noopener\" target=\"_blank\"><strong>Alonso<\/strong><\/a><strong> en el Gipuzkoa Basket,<\/strong> se reencontrar\u00e1 con los universitarios tras militar la temporada 2014-2015 en Murcia y dar desde ah\u00ed el <strong>salto a la NBA de la mano de Utah Jazz<\/strong>. Durante su estancia en el Bar\u00e7a una <strong>lesi\u00f3n impidi\u00f3 cruzarse con los murcianos.<\/strong><\/p>\n<p><img decoding=\"async\" src=\"https:\/\/www.europesays.com\/es\/wp-content\/uploads\/2025\/12\/d8f3b8f2-3bc6-4e6f-b434-09b29483f516_alta-libre-aspect-ratio_default_0.jpg\" width=\"1200\" height=\"800\" alt=\"Rauliznho Neto, exjugador del UCAM Murcia, esta temporada con el San Pablo Burgos.\" class=\"ft-helper-img-rd\" loading=\"lazy\"\/><\/p>\n<p class=\"ft-helper-fontColor-quaternary ft-helper-fontSize-body-S ft-helper-spacer-t-xxs\">Rauliznho Neto, exjugador del UCAM Murcia, esta temporada con el San Pablo Burgos.  \/ ACB Photo\/Cintia Cort\u00e9s<\/p>\n<p>Dos fichajes para el equipo U22<\/p>\n<p class=\"ft-text\"><strong>El alero \u00c1lvaro Payovich y el p\u00edvot Thibaut Blommaert<\/strong> son las dos caras nuevas para el UCAM Murcia en la Liga U22. El conjunto universitario se ha reforzado con estos dos jugadores para este proyecto, donde el p\u00edvot Lee Aaliya y el alero Joao Neves son sus m\u00e1ximas referencias. Ocupa la tercera posici\u00f3n del grupo B de la competici\u00f3n con cuatro victorias y tres derrotas.<\/p>\n","protected":false},"excerpt":{"rendered":"Juan Rubio es uno de los componentes del tr\u00edo de jugadores murcianos que est\u00e1 compitiendo en la Liga&hellip;\n","protected":false},"author":2,"featured_media":272304,"comment_status":"","ping_status":"","sticky":false,"template":"","format":"standard","meta":{"footnotes":""},"categories":[269],"tags":[302,299,298,623,168,2917,25,24,409,2918,9226,42844,14346,23,167,9413,3918,1402],"class_list":{"0":"post-272303","1":"post","2":"type-post","3":"status-publish","4":"format-standard","5":"has-post-thumbnail","7":"category-baloncesto","8":"tag-acb","9":"tag-baloncesto","10":"tag-basketball","11":"tag-burgos","12":"tag-deportes","13":"tag-endesa","14":"tag-es","15":"tag-espana","16":"tag-juan","17":"tag-la-liga","18":"tag-murciano","19":"tag-reencuentra","20":"tag-rubio","21":"tag-spain","22":"tag-sports","23":"tag-ucam","24":"tag-ucam-murcia","25":"tag-ucam-murcia-cb"},"share_on_mastodon":{"url":"https:\/\/pubeurope.com\/@es\/115666508185271645","error":""},"_links":{"self":[{"href":"https:\/\/www.europesays.com\/es\/wp-json\/wp\/v2\/posts\/272303","targetHints":{"allow":["GET"]}}],"collection":[{"href":"https:\/\/www.europesays.com\/es\/wp-json\/wp\/v2\/posts"}],"about":[{"href":"https:\/\/www.europesays.com\/es\/wp-json\/wp\/v2\/types\/post"}],"author":[{"embeddable":true,"href":"https:\/\/www.europesays.com\/es\/wp-json\/wp\/v2\/users\/2"}],"replies":[{"embeddable":true,"href":"https:\/\/www.europesays.com\/es\/wp-json\/wp\/v2\/comments?post=272303"}],"version-history":[{"count":0,"href":"https:\/\/www.europesays.com\/es\/wp-json\/wp\/v2\/posts\/272303\/revisions"}],"wp:featuredmedia":[{"embeddable":true,"href":"https:\/\/www.europesays.com\/es\/wp-json\/wp\/v2\/media\/272304"}],"wp:attachment":[{"href":"https:\/\/www.europesays.com\/es\/wp-json\/wp\/v2\/media?parent=272303"}],"wp:term":[{"taxonomy":"category","embeddable":true,"href":"https:\/\/www.europesays.com\/es\/wp-json\/wp\/v2\/categories?post=272303"},{"taxonomy":"post_tag","embeddable":true,"href":"https:\/\/www.europesays.com\/es\/wp-json\/wp\/v2\/tags?post=272303"}],"curies":[{"name":"wp","href":"https:\/\/api.w.org\/{rel}","templated":true}]}}