{"id":272306,"date":"2025-12-05T10:34:10","date_gmt":"2025-12-05T10:34:10","guid":{"rendered":"https:\/\/www.europesays.com\/es\/272306\/"},"modified":"2025-12-05T10:34:10","modified_gmt":"2025-12-05T10:34:10","slug":"he-aprendido-a-volar-a-la-altura-de-mis-alas","status":"publish","type":"post","link":"https:\/\/www.europesays.com\/es\/272306\/","title":{"rendered":"\u00abHe aprendido a volar a la altura de mis alas\u00bb"},"content":{"rendered":"<p>Por las manos de <a title=\"Pitingo \" href=\"https:\/\/www.larazon.es\/gente\/famosos\/pitingo-rompe-silencio-divorciarse-presenta-nueva-pareja-ella-fue-motivo-separacion_202510286900d36c4e775547a9055404.html\" target=\"_blank\" rel=\"nofollow noopener\">Pitingo <\/a>siempre ha corrido una corriente el\u00e9ctrica que mezcla ra\u00edces y riesgo. Flamenco, soul, g\u00f3spel. Todo lo que arde y todo lo que cura. Pero ahora, tras a\u00f1os de grandes escenarios y una identidad art\u00edstica inconfundible, el cantante regresa con un formato \u00edntimo:<b> \u00abPitingo y Punto\u00bb, una gira que promete devolver la esencia del directo y esa cercan\u00eda que solo aparece cuando un artista deja la piel, la voz y algo del alma.<\/b><\/p>\n<p>Nos recibe sereno, con la calma de quien ha hecho las paces consigo mismo. Asegura que este nuevo espect\u00e1culo no es una vuelta atr\u00e1s, sino un desprendimiento: una forma de volver al origen con toda la experiencia acumulada. Y, sobre todo, con una libertad radical. \u00abDecir, he dicho mucho\u2026 y tampoco soy de callarme\u00bb, confiesa entre risas. <b>\u00abEste show recorre todo lo que me ha pasado. Estoy en un momento en el que hago lo que quiero, canto lo que quiero, sin hacer da\u00f1o a nadie. Presento a un Pitingo m\u00e1s maduro, con una puesta en escena muy cuidada: coro g\u00f3spel, flamenco, gitanos, payos\u2026 Yo, como mestizo, quiero transmitir esa multiculturalidad en la que me he criado\u00bb.<\/b><\/p>\n<p><img decoding=\"async\" loading=\"lazy\" src=\"https:\/\/www.europesays.com\/es\/wp-content\/uploads\/2025\/12\/58.jpg\" alt=\"Entrevista a Pitingo . David Jar\" width=\"6000\" height=\"4000\"\/><b>Entrevista a Pitingo . David Jar<\/b>David JarFot\u00f3grafos<\/p>\n<p>Promete que cada concierto ser\u00e1 irrepetible. Y lo dice literalmente. \u00abTengo 60 temas preparados, pero depende del estado de \u00e1nimo, del p\u00fablico, de lo que ocurra cantar\u00e9 un tema u otro. La improvisaci\u00f3n forma parte de mi vida\u00bb. En esta gira hay tambi\u00e9n un subtexto de reparaci\u00f3n emocional. \u00abPor primera vez voy a disfrutar del \u00e9xito de mi m\u00fasica. Durante 25 a\u00f1os no lo he hecho. He estado pr\u00e1cticamente con una depresi\u00f3n importante y no me daba cuenta. Llegu\u00e9 a plantearme dejar de cantar\u00bb, admite. \u00abEn esta profesi\u00f3n no todo es \u00e9xito ni dinero. Hay desenga\u00f1os, gente que se acerca sin saber por qu\u00e9. <b>Llevo tres a\u00f1os con especialistas. Es importante agarrarte a la verdad y a la gente de siempre. Hay que volar, s\u00ed, pero solo a la altura de tus alas\u00bb.<\/b><\/p>\n<p>La magia del directo<\/p>\n<p>Su fusi\u00f3n entre soul, flamenco y g\u00f3spel sigue creciendo. \u00abCada viaje me aporta algo. He cantado con artistas de todo el mundo, de Pink Floyd a Alicia Keys o Clapton. Cada cultura te regala algo que incorporo a lo m\u00edo\u00bb. Para <a title=\"Pitingo\" href=\"https:\/\/www.larazon.es\/gente\/famosos\/pitingo-ruptura-veronica-fernandez-ganas-vivir-vida_20250626685d48e41d59cc2968bb055d.html\" target=\"_blank\" rel=\"nofollow noopener\">Pitingo<\/a>, el directo nace del sentimiento. <b>\u00abCuando la gente se emociona, ah\u00ed est\u00e1 la magia. No es t\u00e9cnica, es verdad\u00bb.<\/b><\/p>\n<p>No cree que el artista deba reinventarse, al menos no como obligaci\u00f3n. \u00abIntento mejorar mi f\u00f3rmula, experimentar. Nunca he buscado el \u00e9xito como objetivo\u00bb.<\/p>\n<p>Fuera del escenario, vuelve a ser Antonio Manuel. \u00abAll\u00ed se queda todo. <b>Abajo soy un hombre que quiere estar con su gente. La vida cotidiana es lo que me importa\u00bb.<\/b><\/p>\n<p><b>Si esta gira fuera una frase ser\u00eda: \u201cLo voy a dar todo, lo mejor de m\u00ed\u201d. <\/b><\/p>\n","protected":false},"excerpt":{"rendered":"Por las manos de Pitingo siempre ha corrido una corriente el\u00e9ctrica que mezcla ra\u00edces y riesgo. Flamenco, soul,&hellip;\n","protected":false},"author":2,"featured_media":272307,"comment_status":"","ping_status":"","sticky":false,"template":"","format":"standard","meta":{"footnotes":""},"categories":[174],"tags":[255,146,147,25,24,256,23],"class_list":{"0":"post-272306","1":"post","2":"type-post","3":"status-publish","4":"format-standard","5":"has-post-thumbnail","7":"category-famosos","8":"tag-celebrities","9":"tag-entertainment","10":"tag-entretenimiento","11":"tag-es","12":"tag-espana","13":"tag-famosos","14":"tag-spain"},"share_on_mastodon":{"url":"https:\/\/pubeurope.com\/@es\/115666516070462672","error":""},"_links":{"self":[{"href":"https:\/\/www.europesays.com\/es\/wp-json\/wp\/v2\/posts\/272306","targetHints":{"allow":["GET"]}}],"collection":[{"href":"https:\/\/www.europesays.com\/es\/wp-json\/wp\/v2\/posts"}],"about":[{"href":"https:\/\/www.europesays.com\/es\/wp-json\/wp\/v2\/types\/post"}],"author":[{"embeddable":true,"href":"https:\/\/www.europesays.com\/es\/wp-json\/wp\/v2\/users\/2"}],"replies":[{"embeddable":true,"href":"https:\/\/www.europesays.com\/es\/wp-json\/wp\/v2\/comments?post=272306"}],"version-history":[{"count":0,"href":"https:\/\/www.europesays.com\/es\/wp-json\/wp\/v2\/posts\/272306\/revisions"}],"wp:featuredmedia":[{"embeddable":true,"href":"https:\/\/www.europesays.com\/es\/wp-json\/wp\/v2\/media\/272307"}],"wp:attachment":[{"href":"https:\/\/www.europesays.com\/es\/wp-json\/wp\/v2\/media?parent=272306"}],"wp:term":[{"taxonomy":"category","embeddable":true,"href":"https:\/\/www.europesays.com\/es\/wp-json\/wp\/v2\/categories?post=272306"},{"taxonomy":"post_tag","embeddable":true,"href":"https:\/\/www.europesays.com\/es\/wp-json\/wp\/v2\/tags?post=272306"}],"curies":[{"name":"wp","href":"https:\/\/api.w.org\/{rel}","templated":true}]}}