{"id":272308,"date":"2025-12-05T10:35:14","date_gmt":"2025-12-05T10:35:14","guid":{"rendered":"https:\/\/www.europesays.com\/es\/272308\/"},"modified":"2025-12-05T10:35:14","modified_gmt":"2025-12-05T10:35:14","slug":"la-artista-tras-la-paleta-de-color","status":"publish","type":"post","link":"https:\/\/www.europesays.com\/es\/272308\/","title":{"rendered":"La artista tras la paleta de color"},"content":{"rendered":"<p class=\"h3\">Jose Lores<\/p>\n<p>                        Actualizado:<br \/>\n                        04\/12\/2025 19:18<\/p>\n<p>                    <a href=\"https:\/\/www.farodevigo.es\/fotos\/sociedad\/2025\/12\/04\/artista-paleta-color-124461059.html#foto=1\" class=\"button swiper-button-next\" id=\"swiperButtonNext\" rel=\"nofollow noopener\" target=\"_blank\">Ver galer\u00eda &gt;<\/a><\/p>\n<p class=\"h3\">\n                                            Tras comenzar clases de acuarela y no convencerle el nivel de saturaci\u00f3n de las pinturas, Carlota Cao decici\u00f3 elaborar sus propios pigmentos veganos. Poco tiempo despu\u00e9s apost\u00f3 por emprender abriendo en Vigo una tienda en la que vende los estuches que rellena con su propia f\u00f3rmula.\n                                    <\/p>\n<p><a class=\"swiper-imagen\" href=\"https:\/\/www.farodevigo.es\/fotos\/sociedad\/2025\/12\/04\/artista-paleta-color-124461059.html#foto=2\" rel=\"nofollow noopener\" target=\"_blank\"><\/p>\n<p>                    <img loading=\"lazy\" decoding=\"async\" class=\"lazy-place\" src=\"data:image\/png;base64,iVBORw0KGgoAAAANSUhEUgAAAAEAAAABCAQAAAC1HAwCAAAAC0lEQVR42mNkYAAAAAYAAjCB0C8AAAAASUVORK5CYII=\" alt=\" \" height=\"1600\" width=\"2400\" style=\" max-height: calc(100vh - 58px); height: 0; padding-top: 67%; \"\/><\/p>\n<p><\/a><br \/>\n                    La artista tras la paleta de color<\/p>\n<p class=\"swiper-slide__author\">Jos\u00e9 Lores<\/p>\n<p class=\"swiper-slide__description\">\n                                                                        Tras comenzar clases de acuarela y no convencerle el nivel de saturaci\u00f3n de las pinturas, Carlota Cao decici\u00f3 elaborar sus propios pigmentos veganos. Poco tiempo despu\u00e9s apost\u00f3 por emprender abriendo en Vigo una tienda en la que vende los estuches que rellena con su propia f\u00f3rmula.\n                                            <\/p>\n<p><a class=\"swiper-imagen\" href=\"https:\/\/www.farodevigo.es\/fotos\/sociedad\/2025\/12\/04\/artista-paleta-color-124461059.html#foto=3\" rel=\"nofollow noopener\" target=\"_blank\"><\/p>\n<p>                    <img loading=\"lazy\" decoding=\"async\" class=\"lazy-place\" src=\"data:image\/png;base64,iVBORw0KGgoAAAANSUhEUgAAAAEAAAABCAQAAAC1HAwCAAAAC0lEQVR42mNkYAAAAAYAAjCB0C8AAAAASUVORK5CYII=\" alt=\" \" height=\"1600\" width=\"2400\" style=\" max-height: calc(100vh - 58px); height: 0; padding-top: 67%; \"\/><\/p>\n<p><\/a><br \/>\n                    La artista tras la paleta de color<\/p>\n<p class=\"swiper-slide__author\">Jos\u00e9 Lores<\/p>\n<p class=\"swiper-slide__description\">\n                                                                        Tras comenzar clases de acuarela y no convencerle el nivel de saturaci\u00f3n de las pinturas, Carlota Cao decici\u00f3 elaborar sus propios pigmentos veganos. Poco tiempo despu\u00e9s apost\u00f3 por emprender abriendo en Vigo una tienda en la que vende los estuches que rellena con su propia f\u00f3rmula.\n                                            <\/p>\n<p><a class=\"swiper-imagen\" href=\"https:\/\/www.farodevigo.es\/fotos\/sociedad\/2025\/12\/04\/artista-paleta-color-124461059.html#foto=4\" rel=\"nofollow noopener\" target=\"_blank\"><\/p>\n<p>                    <img loading=\"lazy\" decoding=\"async\" class=\"lazy-place\" src=\"data:image\/png;base64,iVBORw0KGgoAAAANSUhEUgAAAAEAAAABCAQAAAC1HAwCAAAAC0lEQVR42mNkYAAAAAYAAjCB0C8AAAAASUVORK5CYII=\" alt=\" \" height=\"1600\" width=\"2400\" style=\" max-height: calc(100vh - 58px); height: 0; padding-top: 67%; \"\/><\/p>\n<p><\/a><br \/>\n                    La artista tras la paleta de color<\/p>\n<p class=\"swiper-slide__author\">Jos\u00e9 Lores<\/p>\n<p class=\"swiper-slide__description\">\n                                                                        Tras comenzar clases de acuarela y no convencerle el nivel de saturaci\u00f3n de las pinturas, Carlota Cao decici\u00f3 elaborar sus propios pigmentos veganos. Poco tiempo despu\u00e9s apost\u00f3 por emprender abriendo en Vigo una tienda en la que vende los estuches que rellena con su propia f\u00f3rmula.\n                                            <\/p>\n<p><a class=\"swiper-imagen\" href=\"https:\/\/www.farodevigo.es\/fotos\/sociedad\/2025\/12\/04\/artista-paleta-color-124461059.html#foto=5\" rel=\"nofollow noopener\" target=\"_blank\"><\/p>\n<p>                    <img loading=\"lazy\" decoding=\"async\" class=\"lazy-place\" src=\"data:image\/png;base64,iVBORw0KGgoAAAANSUhEUgAAAAEAAAABCAQAAAC1HAwCAAAAC0lEQVR42mNkYAAAAAYAAjCB0C8AAAAASUVORK5CYII=\" alt=\" \" height=\"1600\" width=\"2400\" style=\" max-height: calc(100vh - 58px); height: 0; padding-top: 67%; \"\/><\/p>\n<p><\/a><br \/>\n                    La artista tras la paleta de color<\/p>\n<p class=\"swiper-slide__author\">Jos\u00e9 Lores<\/p>\n<p class=\"swiper-slide__description\">\n                                                                        Tras comenzar clases de acuarela y no convencerle el nivel de saturaci\u00f3n de las pinturas, Carlota Cao decici\u00f3 elaborar sus propios pigmentos veganos. Poco tiempo despu\u00e9s apost\u00f3 por emprender abriendo en Vigo una tienda en la que vende los estuches que rellena con su propia f\u00f3rmula.\n                                            <\/p>\n<p><a class=\"swiper-imagen\" href=\"https:\/\/www.farodevigo.es\/fotos\/sociedad\/2025\/12\/04\/artista-paleta-color-124461059.html#foto=6\" rel=\"nofollow noopener\" target=\"_blank\"><\/p>\n<p>                    <img loading=\"lazy\" decoding=\"async\" class=\"lazy-place\" src=\"data:image\/png;base64,iVBORw0KGgoAAAANSUhEUgAAAAEAAAABCAQAAAC1HAwCAAAAC0lEQVR42mNkYAAAAAYAAjCB0C8AAAAASUVORK5CYII=\" alt=\" \" height=\"1600\" width=\"2400\" style=\" max-height: calc(100vh - 58px); height: 0; padding-top: 67%; \"\/><\/p>\n<p><\/a><br \/>\n                    La artista tras la paleta de color<\/p>\n<p class=\"swiper-slide__author\">Jos\u00e9 Lores<\/p>\n<p class=\"swiper-slide__description\">\n                                                                        Tras comenzar clases de acuarela y no convencerle el nivel de saturaci\u00f3n de las pinturas, Carlota Cao decici\u00f3 elaborar sus propios pigmentos veganos. Poco tiempo despu\u00e9s apost\u00f3 por emprender abriendo en Vigo una tienda en la que vende los estuches que rellena con su propia f\u00f3rmula.\n                                            <\/p>\n<p><a class=\"swiper-imagen\" href=\"https:\/\/www.farodevigo.es\/fotos\/sociedad\/2025\/12\/04\/artista-paleta-color-124461059.html#foto=7\" rel=\"nofollow noopener\" target=\"_blank\"><\/p>\n<p>                    <img loading=\"lazy\" decoding=\"async\" class=\"lazy-place\" src=\"data:image\/png;base64,iVBORw0KGgoAAAANSUhEUgAAAAEAAAABCAQAAAC1HAwCAAAAC0lEQVR42mNkYAAAAAYAAjCB0C8AAAAASUVORK5CYII=\" alt=\" \" height=\"1600\" width=\"2400\" style=\" max-height: calc(100vh - 58px); height: 0; padding-top: 67%; \"\/><\/p>\n<p><\/a><br \/>\n                    La artista tras la paleta de color<\/p>\n<p class=\"swiper-slide__author\">Jos\u00e9 Lores<\/p>\n<p class=\"swiper-slide__description\">\n                                                                        Tras comenzar clases de acuarela y no convencerle el nivel de saturaci\u00f3n de las pinturas, Carlota Cao decici\u00f3 elaborar sus propios pigmentos veganos. Poco tiempo despu\u00e9s apost\u00f3 por emprender abriendo en Vigo una tienda en la que vende los estuches que rellena con su propia f\u00f3rmula.\n                                            <\/p>\n<p><a class=\"swiper-imagen\" href=\"https:\/\/www.farodevigo.es\/fotos\/sociedad\/2025\/12\/04\/artista-paleta-color-124461059.html#foto=8\" rel=\"nofollow noopener\" target=\"_blank\"><\/p>\n<p>                    <img loading=\"lazy\" decoding=\"async\" class=\"lazy-place\" src=\"data:image\/png;base64,iVBORw0KGgoAAAANSUhEUgAAAAEAAAABCAQAAAC1HAwCAAAAC0lEQVR42mNkYAAAAAYAAjCB0C8AAAAASUVORK5CYII=\" alt=\" \" height=\"1600\" width=\"2400\" style=\" max-height: calc(100vh - 58px); height: 0; padding-top: 67%; \"\/><\/p>\n<p><\/a><br \/>\n                    La artista tras la paleta de color<\/p>\n<p class=\"swiper-slide__author\">Jos\u00e9 Lores<\/p>\n<p class=\"swiper-slide__description\">\n                                                                        Tras comenzar clases de acuarela y no convencerle el nivel de saturaci\u00f3n de las pinturas, Carlota Cao decici\u00f3 elaborar sus propios pigmentos veganos. Poco tiempo despu\u00e9s apost\u00f3 por emprender abriendo en Vigo una tienda en la que vende los estuches que rellena con su propia f\u00f3rmula.\n                                            <\/p>\n<p><a class=\"swiper-imagen\" href=\"https:\/\/www.farodevigo.es\/fotos\/sociedad\/2025\/12\/04\/artista-paleta-color-124461059.html\" rel=\"nofollow noopener\" target=\"_blank\"><\/p>\n<p>                    <img loading=\"lazy\" decoding=\"async\" class=\"lazy-place\" src=\"data:image\/png;base64,iVBORw0KGgoAAAANSUhEUgAAAAEAAAABCAQAAAC1HAwCAAAAC0lEQVR42mNkYAAAAAYAAjCB0C8AAAAASUVORK5CYII=\" alt=\" \" height=\"1600\" width=\"2400\" style=\" max-height: calc(100vh - 58px); height: 0; padding-top: 67%; \"\/><\/p>\n<p><\/a><br \/>\n                    La artista tras la paleta de color<\/p>\n<p class=\"swiper-slide__author\">Jos\u00e9 Lores<\/p>\n<p class=\"swiper-slide__description\">\n                                                                        Tras comenzar clases de acuarela y no convencerle el nivel de saturaci\u00f3n de las pinturas, Carlota Cao decici\u00f3 elaborar sus propios pigmentos veganos. Poco tiempo despu\u00e9s apost\u00f3 por emprender abriendo en Vigo una tienda en la que vende los estuches que rellena con su propia f\u00f3rmula.\n                                            <\/p>\n","protected":false},"excerpt":{"rendered":"Jose Lores Actualizado: 04\/12\/2025 19:18 Ver galer\u00eda &gt; Tras comenzar clases de acuarela y no convencerle el nivel&hellip;\n","protected":false},"author":2,"featured_media":272309,"comment_status":"","ping_status":"","sticky":false,"template":"","format":"standard","meta":{"footnotes":""},"categories":[173],"tags":[229,233,1830,231,230,11692,232,234,146,147,25,24,66738,23],"class_list":{"0":"post-272308","1":"post","2":"type-post","3":"status-publish","4":"format-standard","5":"has-post-thumbnail","7":"category-arte-y-diseno","8":"tag-arte","9":"tag-arte-y-diseno","10":"tag-artista","11":"tag-arts","12":"tag-arts-and-design","13":"tag-color","14":"tag-design","15":"tag-diseno","16":"tag-entertainment","17":"tag-entretenimiento","18":"tag-es","19":"tag-espana","20":"tag-paleta","21":"tag-spain"},"share_on_mastodon":{"url":"https:\/\/pubeurope.com\/@es\/115666519510031516","error":""},"_links":{"self":[{"href":"https:\/\/www.europesays.com\/es\/wp-json\/wp\/v2\/posts\/272308","targetHints":{"allow":["GET"]}}],"collection":[{"href":"https:\/\/www.europesays.com\/es\/wp-json\/wp\/v2\/posts"}],"about":[{"href":"https:\/\/www.europesays.com\/es\/wp-json\/wp\/v2\/types\/post"}],"author":[{"embeddable":true,"href":"https:\/\/www.europesays.com\/es\/wp-json\/wp\/v2\/users\/2"}],"replies":[{"embeddable":true,"href":"https:\/\/www.europesays.com\/es\/wp-json\/wp\/v2\/comments?post=272308"}],"version-history":[{"count":0,"href":"https:\/\/www.europesays.com\/es\/wp-json\/wp\/v2\/posts\/272308\/revisions"}],"wp:featuredmedia":[{"embeddable":true,"href":"https:\/\/www.europesays.com\/es\/wp-json\/wp\/v2\/media\/272309"}],"wp:attachment":[{"href":"https:\/\/www.europesays.com\/es\/wp-json\/wp\/v2\/media?parent=272308"}],"wp:term":[{"taxonomy":"category","embeddable":true,"href":"https:\/\/www.europesays.com\/es\/wp-json\/wp\/v2\/categories?post=272308"},{"taxonomy":"post_tag","embeddable":true,"href":"https:\/\/www.europesays.com\/es\/wp-json\/wp\/v2\/tags?post=272308"}],"curies":[{"name":"wp","href":"https:\/\/api.w.org\/{rel}","templated":true}]}}