{"id":272310,"date":"2025-12-05T10:37:09","date_gmt":"2025-12-05T10:37:09","guid":{"rendered":"https:\/\/www.europesays.com\/es\/272310\/"},"modified":"2025-12-05T10:37:09","modified_gmt":"2025-12-05T10:37:09","slug":"the-new-york-times-analiza-la-retirada-de-espana-de-eurovision-y-habla-asi-de-rtve-cine-y-tv","status":"publish","type":"post","link":"https:\/\/www.europesays.com\/es\/272310\/","title":{"rendered":"&#8216;The New York Times&#8217; analiza la retirada de Espa\u00f1a de Eurovisi\u00f3n y habla as\u00ed de RTVE | Cine y TV"},"content":{"rendered":"<p class=\"loc\">Madrid<\/p>\n<p>Ya es oficial: <a href=\"https:\/\/cadenaser.com\/nacional\/2025\/12\/04\/israel-participara-finalmente-en-eurovision-2026-despues-de-la-votacion-en-la-uer-si-espana-cumple-su-promesa-no-participara-este-ano-cadena-ser\/\" target=\"_blank\" rel=\"nofollow noopener\" title=\"https:\/\/cadenaser.com\/nacional\/2025\/12\/04\/israel-participara-finalmente-en-eurovision-2026-despues-de-la-votacion-en-la-uer-si-espana-cumple-su-promesa-no-participara-este-ano-cadena-ser\/\">Espa\u00f1a se retira de Eurovisi\u00f3n<\/a> en una decisi\u00f3n hist\u00f3rica por parte de RTVE despu\u00e9s de 64 a\u00f1os de participaci\u00f3n. La Uni\u00f3n Europea de Radiodifusi\u00f3n celebr\u00f3 este jueves su Asamblea General en Suiza en una reuni\u00f3n marcada por la aceptaci\u00f3n o no del concurso de Israel. <\/p>\n<p>M\u00e1s informaci\u00f3n<\/p>\n<p>Espa\u00f1a pidi\u00f3 el voto secreto y una ronda en las urnas para que se votase directamente este asunto que estaba fuera del orden del d\u00eda. Sin embargo, el masivo apoyo a las nuevas medidas del festival para tratar de calmar las aguas y reducir la influencia gubernamental en el televoto consigui\u00f3 que no se llevase a cabo y que Israel quedase consolidado como participante. <\/p>\n<p>A los pocos minutos, el comunicado de RTVE fue dur\u00edsimo: habl\u00f3 de no tener \u00abun doble rasero\u00bb y acus\u00f3 a la UER y la organizaci\u00f3n de Eurovisi\u00f3n de generar \u00abuna de las mayores tensiones internas\u00bb en la historia del festival. Con ello, tom\u00f3 la decisi\u00f3n de apartarse del festival al que lleva acudiendo m\u00e1s de seis d\u00e9cadas.<\/p>\n<p>La prensa nacional e internacional recogi\u00f3 r\u00e1pidamente la informaci\u00f3n, un hecho in\u00e9dito en la historia del certamen de la canci\u00f3n, que genera un terremoto en el seno del festival: ya no solo es Espa\u00f1a, sino que tambi\u00e9n Eslovenia, Irlanda y Pa\u00edses Bajos dieron portazo tras conocer la permanencia del estado.<\/p>\n<p>&#8216;The New York Times&#8217; habla as\u00ed de la decisi\u00f3n de Espa\u00f1a en Eurovisi\u00f3n<\/p>\n<p>The New York Times, uno de los peri\u00f3dicos m\u00e1s le\u00eddos en EEUU y todo el mundo, habla del \u00abboicot\u00bb de Espa\u00f1a, Irlanda y otros pa\u00edses al festival por la participaci\u00f3n de Israel. \u00abMuchos aficionados a Eurovisi\u00f3n han lamentado la participaci\u00f3n de Israel desde que su ej\u00e9rcito inici\u00f3 una incursi\u00f3n en Gaza tras los ataques liderados por Ham\u00e1s hace dos a\u00f1os. A medida que se agravaba la crisis humanitaria en Gaza, varios pa\u00edses miembros declararon que Israel ya no deber\u00eda participar en el evento musical\u00bb, ha recogido en su art\u00edculo. <\/p>\n<p>\u00abRTVE, la cadena p\u00fablica que organiza la participaci\u00f3n de Espa\u00f1a, anunci\u00f3 posteriormente en un comunicado de prensa que el pa\u00eds boicoteaba el evento del pr\u00f3ximo a\u00f1o, que se celebrar\u00e1 en Viena en mayo. La emisora \u200b\u200bdijo que decidi\u00f3 retirarse despu\u00e9s de solicitar una votaci\u00f3n sobre la suspensi\u00f3n de Israel que no fue aprobada\u00bb, ha dicho, sobre la corporaci\u00f3n p\u00fablica espa\u00f1ola que gestiona la candidatura espa\u00f1ola en el festival. <\/p>\n<p>Cuenta el peri\u00f3dico que \u00aba pesar de estar fuera de Europa, Israel ha podido competir en Eurovisi\u00f3n desde 1973 gracias a que KAN, su emisora \u200b\u200bp\u00fablica, es miembro de la Uni\u00f3n Europea de Radiodifusi\u00f3n\u00bb. \u00abIsrael se ha convertido en una de las potencias del concurso, con cuatro victorias\u00bb, ha a\u00f1adido. <\/p>\n<p>\u00abLos boicots han sumido al concurso de canto m\u00e1s visto del mundo en una nueva crisis, con dudas sobre si los aficionados de esos pa\u00edses seguir\u00e1n vi\u00e9ndolo. Dado que Espa\u00f1a es uno de los cinco mayores contribuyentes financieros al concurso, se clasifica autom\u00e1ticamente para la final de cada a\u00f1o\u00bb, ha afirmado.<\/p>\n<p><img loading=\"lazy\" decoding=\"async\" src=\"https:\/\/www.europesays.com\/es\/wp-content\/uploads\/2025\/12\/1764931029_856_maxresdefault.jpg\" width=\"16\" height=\"9\"\/><\/p>\n","protected":false},"excerpt":{"rendered":"Madrid Ya es oficial: Espa\u00f1a se retira de Eurovisi\u00f3n en una decisi\u00f3n hist\u00f3rica por parte de RTVE despu\u00e9s&hellip;\n","protected":false},"author":2,"featured_media":272311,"comment_status":"","ping_status":"","sticky":false,"template":"","format":"standard","meta":{"footnotes":""},"categories":[171],"tags":[7026,146,147,25,37706,24,184,4018,526,23,214],"class_list":{"0":"post-272310","1":"post","2":"type-post","3":"status-publish","4":"format-standard","5":"has-post-thumbnail","7":"category-tv","8":"tag-competition","9":"tag-entertainment","10":"tag-entretenimiento","11":"tag-es","12":"tag-esc","13":"tag-espana","14":"tag-music","15":"tag-performance","16":"tag-show","17":"tag-spain","18":"tag-tv"},"share_on_mastodon":{"url":"https:\/\/pubeurope.com\/@es\/115666527834765846","error":""},"_links":{"self":[{"href":"https:\/\/www.europesays.com\/es\/wp-json\/wp\/v2\/posts\/272310","targetHints":{"allow":["GET"]}}],"collection":[{"href":"https:\/\/www.europesays.com\/es\/wp-json\/wp\/v2\/posts"}],"about":[{"href":"https:\/\/www.europesays.com\/es\/wp-json\/wp\/v2\/types\/post"}],"author":[{"embeddable":true,"href":"https:\/\/www.europesays.com\/es\/wp-json\/wp\/v2\/users\/2"}],"replies":[{"embeddable":true,"href":"https:\/\/www.europesays.com\/es\/wp-json\/wp\/v2\/comments?post=272310"}],"version-history":[{"count":0,"href":"https:\/\/www.europesays.com\/es\/wp-json\/wp\/v2\/posts\/272310\/revisions"}],"wp:featuredmedia":[{"embeddable":true,"href":"https:\/\/www.europesays.com\/es\/wp-json\/wp\/v2\/media\/272311"}],"wp:attachment":[{"href":"https:\/\/www.europesays.com\/es\/wp-json\/wp\/v2\/media?parent=272310"}],"wp:term":[{"taxonomy":"category","embeddable":true,"href":"https:\/\/www.europesays.com\/es\/wp-json\/wp\/v2\/categories?post=272310"},{"taxonomy":"post_tag","embeddable":true,"href":"https:\/\/www.europesays.com\/es\/wp-json\/wp\/v2\/tags?post=272310"}],"curies":[{"name":"wp","href":"https:\/\/api.w.org\/{rel}","templated":true}]}}