{"id":272312,"date":"2025-12-05T10:38:11","date_gmt":"2025-12-05T10:38:11","guid":{"rendered":"https:\/\/www.europesays.com\/es\/272312\/"},"modified":"2025-12-05T10:38:11","modified_gmt":"2025-12-05T10:38:11","slug":"los-obispos-espanoles-premian-a-rosalia","status":"publish","type":"post","link":"https:\/\/www.europesays.com\/es\/272312\/","title":{"rendered":"Los obispos espa\u00f1oles premian a Rosal\u00eda"},"content":{"rendered":"<p>Ya hay resoluci\u00f3n de los <strong>Premios \u00a1Bravo! 2025<\/strong>. Y, este a\u00f1o, el jurado designado por la Comisi\u00f3n Episcopal para las Comunicaciones Sociales (CECS) de la <a href=\"https:\/\/www.vidanuevadigital.com\/2025\/05\/22\/la-conferencia-episcopal-espanola-apoya-a-las-personas-con-discapacidad-sin-citar-a-reig-pla\/\" rel=\"nofollow noopener\" target=\"_blank\">Conferencia Episcopal Espa\u00f1ola<\/a> ha otorgado el Premio \u00a1Bravo! de M\u00fasica a Rosal\u00eda por Lux, su \u00faltimo disco.<\/p>\n<p>Este a\u00f1o los <a href=\"https:\/\/www.vidanuevadigital.com\/2024\/12\/03\/matias-prats-y-los-voluntarios-de-la-dana-se-llevan-los-premios-bravo-2024\/\" rel=\"nofollow noopener\" target=\"_blank\">Premios \u00a1Bravo!<\/a> alcanzan su 56\u00aa edici\u00f3n. El acto de entrega de estos galardones tendr\u00e1 lugar en torno a la<strong> 60\u00aa Jornada Mundial de las Comunicaciones Sociales<\/strong> de 2026, que esta vez se celebra el 17 de mayo.<\/p>\n<p>Con estos Premios, la CECS reconoce \u201cpor parte de la Iglesia, <strong>la labor meritoria de todos aquellos profesionales de la comunicaci\u00f3n en los diversos medios,<\/strong> que se hayan distinguido por el servicio a la dignidad del hombre, los derechos humanos y los valores evang\u00e9licos\u201d (Normas, art. 2).<\/p>\n<p><img loading=\"lazy\" decoding=\"async\" aria-describedby=\"caption-attachment-381617\" class=\"size-full wp-image-381617\" src=\"https:\/\/www.europesays.com\/es\/wp-content\/uploads\/2025\/12\/PREMIOSBRAVO2023.jpg\" alt=\"PREMIOSBRAVO2023\" width=\"2048\" height=\"1536\"\/><\/p>\n<p id=\"caption-attachment-381617\" class=\"wp-caption-text\">Premios Bravo 2023<\/p>\n<p>Los premiados<\/p>\n<p>Junto a la cantante, los ganadores en las distintas categor\u00edas son:<\/p>\n<ul>\n<li>Premio \u00a1Bravo! Especial: Fernando \u00d3nega<\/li>\n<li>Premio \u00a1Bravo! de Prensa: Javier Cercas<\/li>\n<li>Premio \u00a1Bravo! de Radio: Fundaci\u00f3n COPE<\/li>\n<li>Premio \u00a1Bravo! de Televisi\u00f3n: Jos\u00e9 Luis P\u00e9rez de TRECE<\/li>\n<li>Premio \u00a1Bravo! de Comunicaci\u00f3n digital: Adopta un comercio de la agencia Siberia<\/li>\n<li>Premio \u00a1Bravo! de Cine: Alauda Ruiz de Az\u00faa por Los Domingos<\/li>\n<li>Premio \u00a1Bravo! de M\u00fasica: Rosal\u00eda por Lux<\/li>\n<li>Premio \u00a1Bravo! de Publicidad: #Tan como t\u00fa, de Contrapunto BBDO para Down Espa\u00f1a<\/li>\n<li>Premio \u00a1Bravo! de Podcast: Carlos Roca por Roca Project<\/li>\n<li>Premio \u00a1Bravo! de Comunicaci\u00f3n diocesana: Eva Ca\u00f1as y Mar\u00eda Criado<\/li>\n<\/ul>\n","protected":false},"excerpt":{"rendered":"Ya hay resoluci\u00f3n de los Premios \u00a1Bravo! 2025. Y, este a\u00f1o, el jurado designado por la Comisi\u00f3n Episcopal&hellip;\n","protected":false},"author":2,"featured_media":272313,"comment_status":"","ping_status":"","sticky":false,"template":"","format":"standard","meta":{"footnotes":""},"categories":[170],"tags":[20375,146,147,25,24,184,185,66761,4147,23],"class_list":{"0":"post-272312","1":"post","2":"type-post","3":"status-publish","4":"format-standard","5":"has-post-thumbnail","7":"category-musica","8":"tag-conferencia-episcopal-espanola","9":"tag-entertainment","10":"tag-entretenimiento","11":"tag-es","12":"tag-espana","13":"tag-music","14":"tag-musica","15":"tag-premios-bravo","16":"tag-rosalia","17":"tag-spain"},"share_on_mastodon":{"url":"https:\/\/pubeurope.com\/@es\/115666531704769814","error":""},"_links":{"self":[{"href":"https:\/\/www.europesays.com\/es\/wp-json\/wp\/v2\/posts\/272312","targetHints":{"allow":["GET"]}}],"collection":[{"href":"https:\/\/www.europesays.com\/es\/wp-json\/wp\/v2\/posts"}],"about":[{"href":"https:\/\/www.europesays.com\/es\/wp-json\/wp\/v2\/types\/post"}],"author":[{"embeddable":true,"href":"https:\/\/www.europesays.com\/es\/wp-json\/wp\/v2\/users\/2"}],"replies":[{"embeddable":true,"href":"https:\/\/www.europesays.com\/es\/wp-json\/wp\/v2\/comments?post=272312"}],"version-history":[{"count":0,"href":"https:\/\/www.europesays.com\/es\/wp-json\/wp\/v2\/posts\/272312\/revisions"}],"wp:featuredmedia":[{"embeddable":true,"href":"https:\/\/www.europesays.com\/es\/wp-json\/wp\/v2\/media\/272313"}],"wp:attachment":[{"href":"https:\/\/www.europesays.com\/es\/wp-json\/wp\/v2\/media?parent=272312"}],"wp:term":[{"taxonomy":"category","embeddable":true,"href":"https:\/\/www.europesays.com\/es\/wp-json\/wp\/v2\/categories?post=272312"},{"taxonomy":"post_tag","embeddable":true,"href":"https:\/\/www.europesays.com\/es\/wp-json\/wp\/v2\/tags?post=272312"}],"curies":[{"name":"wp","href":"https:\/\/api.w.org\/{rel}","templated":true}]}}